{"id":70861,"date":"2025-11-21T09:08:42","date_gmt":"2025-11-21T11:08:42","guid":{"rendered":"https:\/\/www2.comunitaria.com.br\/?p=70861"},"modified":"2025-11-21T09:08:42","modified_gmt":"2025-11-21T11:08:42","slug":"homem-matou-namorada-com-tiro-na-cabeca-durante-briga-e-mandou-esconder-o-corpo-em-flores-da-cunha","status":"publish","type":"post","link":"https:\/\/www2.comunitaria.com.br\/en\/homem-matou-namorada-com-tiro-na-cabeca-durante-briga-e-mandou-esconder-o-corpo-em-flores-da-cunha\/","title":{"rendered":"Homem matou namorada com tiro na cabe\u00e7a durante briga e mandou esconder o corpo em Flores da Cunha"},"content":{"rendered":"<p class=\"content-head__subtitle\"><em>Corpo da adolescente de 17 anos foi localizado ap\u00f3s um m\u00eas do desaparecimento dela. O homem e outras duas pessoas que ajudaram a ocultar o corpo est\u00e3o presos. Uma terceira pessoa est\u00e1 foragida.<\/em><\/p>\n<p>A Pol\u00edcia Civil concluiu que&nbsp;Alanys da Silva Kenig&nbsp;<span class=\"highlight highlighted\">foi morta pelo ent\u00e3o namorado ap\u00f3s uma briga<\/span>&nbsp;entre os dois em&nbsp;Flores da Cunha, cidade da Regi\u00e3o da Serra do Rio Grande do Sul. Depois,&nbsp;<span class=\"highlight highlighted\">o homem, que n\u00e3o teve o nome divulgado, teria contratado tr\u00eas pessoas para esconder o corpo<\/span>.&nbsp;Ele est\u00e1 preso junto a dois dos contratados. O terceiro est\u00e1 foragido.&nbsp;<\/p>\n<div id=\"chunk-7dos7\">\n<div class=\"mc-column content-text active-extra-styles\" data-block-type=\"unstyled\" data-block-weight=\"44\" data-block-id=\"5\">\n<p class=\"content-text__container\" data-track-category=\"Link no Texto\" data-track-links=\"\" data-mrf-recirculation=\"Mat\u00e9ria - Links no Texto\">Alanys tinha 17 anos.&nbsp;O corpo dela foi localizado em 13 de novembro em avan\u00e7ado estado de decomposi\u00e7\u00e3o&nbsp;em uma regi\u00e3o de mata na Estrada Jos\u00e9 Dani, na localidade de Mato Perso, no interior da cidade \u2013&nbsp;<span class=\"highlight highlighted\">ela estava desaparecida desde 17 de outubro<\/span>.<\/p>\n<\/div>\n<\/div>\n<div id=\"chunk-5c8r\">\n<div class=\"content-ads content-ads--reveal\" data-block-type=\"ads\" data-block-id=\"6\">\n<div id=\"banner_materia2\" class=\"tag-manager-publicidade-container tag-manager-publicidade-banner_materia2 tag-manager-publicidade-container--carregado tag-manager-publicidade-container--visivel\" data-google-query-id=\"CMf7kKGLg5EDFZk5uQYdu8wMhw\">\n<div id=\"chunk-2ha2k\">\n<div class=\"mc-column content-text active-extra-styles\" data-block-type=\"unstyled\" data-block-weight=\"32\" data-block-id=\"10\">\n<p class=\"content-text__container\" data-track-category=\"Link no Texto\" data-track-links=\"\" data-mrf-recirculation=\"Mat\u00e9ria - Links no Texto\">De acordo com o Instituto-Geral de Per\u00edcias (IGP),&nbsp;<span class=\"highlight highlighted\">h\u00e1 ind\u00edcios de um disparo de arma de fogo na cabe\u00e7a<\/span>, mas a causa da morte s\u00f3 ser\u00e1 confirmada ap\u00f3s a realiza\u00e7\u00e3o da necropsia.<\/p>\n<\/div>\n<\/div>\n<div id=\"chunk-4nqi9\">\n<div class=\"mc-column content-text active-extra-styles\" data-block-type=\"unstyled\" data-block-weight=\"25\" data-block-id=\"11\">\n<p class=\"content-text__container\" data-track-category=\"Link no Texto\" data-track-links=\"\" data-mrf-recirculation=\"Mat\u00e9ria - Links no Texto\">O homem suspeito do assassinato&nbsp;<span class=\"highlight highlighted\">deve ser indiciado por feminic\u00eddio e oculta\u00e7\u00e3o de cad\u00e1ver<\/span>. Os outros tr\u00eas envolvidos no crime, somente&nbsp;<span class=\"highlight highlighted\">por oculta\u00e7\u00e3o de cad\u00e1ver<\/span>.<\/p>\n<\/div>\n<\/div>\n<\/div>\n<\/div>\n<\/div>","protected":false},"excerpt":{"rendered":"<p>Corpo da adolescente de 17 anos foi localizado ap\u00f3s um m\u00eas do desaparecimento dela. O homem e outras duas pessoas que ajudaram a ocultar o corpo est\u00e3o presos. Uma terceira&#8230;<\/p>","protected":false},"author":2,"featured_media":70862,"comment_status":"closed","ping_status":"closed","sticky":false,"template":"","format":"standard","meta":{"ngg_post_thumbnail":0,"footnotes":""},"categories":[46,7457,33],"tags":[],"class_list":["post-70861","post","type-post","status-publish","format-standard","has-post-thumbnail","hentry","category-estado","category-fred-west-2","category-noticias"],"amp_enabled":true,"_links":{"self":[{"href":"https:\/\/www2.comunitaria.com.br\/en\/wp-json\/wp\/v2\/posts\/70861","targetHints":{"allow":["GET"]}}],"collection":[{"href":"https:\/\/www2.comunitaria.com.br\/en\/wp-json\/wp\/v2\/posts"}],"about":[{"href":"https:\/\/www2.comunitaria.com.br\/en\/wp-json\/wp\/v2\/types\/post"}],"author":[{"embeddable":true,"href":"https:\/\/www2.comunitaria.com.br\/en\/wp-json\/wp\/v2\/users\/2"}],"replies":[{"embeddable":true,"href":"https:\/\/www2.comunitaria.com.br\/en\/wp-json\/wp\/v2\/comments?post=70861"}],"version-history":[{"count":0,"href":"https:\/\/www2.comunitaria.com.br\/en\/wp-json\/wp\/v2\/posts\/70861\/revisions"}],"wp:featuredmedia":[{"embeddable":true,"href":"https:\/\/www2.comunitaria.com.br\/en\/wp-json\/wp\/v2\/media\/70862"}],"wp:attachment":[{"href":"https:\/\/www2.comunitaria.com.br\/en\/wp-json\/wp\/v2\/media?parent=70861"}],"wp:term":[{"taxonomy":"category","embeddable":true,"href":"https:\/\/www2.comunitaria.com.br\/en\/wp-json\/wp\/v2\/categories?post=70861"},{"taxonomy":"post_tag","embeddable":true,"href":"https:\/\/www2.comunitaria.com.br\/en\/wp-json\/wp\/v2\/tags?post=70861"}],"curies":[{"name":"wp","href":"https:\/\/api.w.org\/{rel}","templated":true}]}}