{"id":70858,"date":"2025-11-20T12:28:23","date_gmt":"2025-11-20T14:28:23","guid":{"rendered":"https:\/\/www2.comunitaria.com.br\/?p=70858"},"modified":"2025-11-20T12:28:23","modified_gmt":"2025-11-20T14:28:23","slug":"cotrirun-2025-reune-comunidade-e-consolida-se-como-a-corrida-cooperativa-da-cotrifred","status":"publish","type":"post","link":"https:\/\/www2.comunitaria.com.br\/en\/cotrirun-2025-reune-comunidade-e-consolida-se-como-a-corrida-cooperativa-da-cotrifred\/","title":{"rendered":"Cotrirun 2025 re\u00fane comunidade e consolida-se como a corrida cooperativa da Cotrifred"},"content":{"rendered":"<p>A Cotrirun 2025, corrida cooperativa promovida pela Cotrifred, foi um verdadeiro sucesso e marcou a 1\u00aa edi\u00e7\u00e3o do evento em celebra\u00e7\u00e3o ao esporte, \u00e0 sa\u00fade e ao esp\u00edrito comunit\u00e1rio. Realizada no dia 20 de novembro, a atividade reuniu colaboradores, parceiros e a comunidade regional em uma manh\u00e3 de integra\u00e7\u00e3o e incentivo \u00e0 qualidade de vida.<\/p>\n<p>Com largada \u00e0s 7h, ap\u00f3s o protocolo oficial, os participantes percorreram um trajeto planejado para garantir seguran\u00e7a, acessibilidade e uma experi\u00eancia positiva para todos os n\u00edveis de corredores \u2014 desde iniciantes at\u00e9 atletas mais experientes. A retirada dos kits iniciou \u00e0s 6h, assegurando organiza\u00e7\u00e3o e fluidez ao evento.<\/p>\n<p>A corrida trouxe elementos simb\u00f3licos que homenagearam o agroneg\u00f3cio, setor relevante da&nbsp;atua\u00e7\u00e3o da cooperativa. A identidade visual utilizou a espiga de milho como inspira\u00e7\u00e3o, que tamb\u00e9m esteve presente no bast\u00e3o de revezamento e no p\u00f3dio criado com fardos de feno, refor\u00e7ando o v\u00ednculo com as ra\u00edzes do campo.<\/p>\n<p>A edi\u00e7\u00e3o de 2025 destacou-se pela atmosfera colaborativa: cada passo dado representou o compromisso da Cotrifred com o bem-estar das pessoas e com o fortalecimento dos la\u00e7os comunit\u00e1rios. A a\u00e7\u00e3o contou com o apoio das equipes internas da cooperativa, de parceiros locais e de institui\u00e7\u00f5es que contribu\u00edram para a constru\u00e7\u00e3o de um evento seguro, acolhedor e memor\u00e1vel. A participa\u00e7\u00e3o expressiva demonstrou que, j\u00e1 em sua primeira edi\u00e7\u00e3o, a Cotrirun entra para o calend\u00e1rio esportivo e social da regi\u00e3o.<\/p>\n<p>Neste ano, o evento tamb\u00e9m integrou as comemora\u00e7\u00f5es pelos 68 anos da Cotrifred e pelo Ano Internacional das Cooperativas, declarado pela ONU. Em sintonia com esse prop\u00f3sito, a Cotrifred contou com a parceria da Coopraff e da Coperametista, que estiveram presentes com a comercializa\u00e7\u00e3o de produtos coloniais, fortalecendo a intercoopera\u00e7\u00e3o entre cooperativas.<\/p>\n<p>A Cotrifred agradece o apoio e a parceria de seus patrocinadores nesta edi\u00e7\u00e3o: Mosaic Fertilizantes, Yara, Unifertil, Tondo S.A., Aurora Sementes, Parati, Bioagreen, Brevant, Germani, Oniz Distribuidora, Ciagro Alimentos, Ourofino Sa\u00fade Animal, Basso Pancotte, Paraboni, Mapsul Distribuidora, Serppar Distribuidora, JA Sa\u00fade Animal, Aurora Coop, Mep\u00f3 Plastic, Vassoler, Skinabon, Erva-Mate Tomelero e o Curso de Fisioterapia da Universidade Regional Integrada. Juntos, fortalecemos o cooperativismo e promovemos o desenvolvimento da nossa regi\u00e3o.<\/p>\n<p>Com a 1\u00aa edi\u00e7\u00e3o conclu\u00edda com \u00eaxito, a Cotrifred reafirma sua miss\u00e3o de promover iniciativas que inspiram coopera\u00e7\u00e3o, sa\u00fade e bem-estar, fortalecendo a conex\u00e3o com seus associados e com toda a comunidade.<\/p>","protected":false},"excerpt":{"rendered":"<p>A Cotrirun 2025, corrida cooperativa promovida pela Cotrifred, foi um verdadeiro sucesso e marcou a 1\u00aa edi\u00e7\u00e3o do evento em celebra\u00e7\u00e3o ao esporte, \u00e0 sa\u00fade e ao esp\u00edrito comunit\u00e1rio. Realizada no dia 20 de novembro, a atividade reuniu colaboradores, parceiros e a comunidade regional em uma manh\u00e3 de integra\u00e7\u00e3o e incentivo \u00e0 qualidade de vida.<\/p>\n<div class=\"read-more-wrapper\"><a class=\"read-more\" href=\"https:\/\/www2.comunitaria.com.br\/en\/cotrirun-2025-reune-comunidade-e-consolida-se-como-a-corrida-cooperativa-da-cotrifred\/\" title=\"Read More\"> <span class=\"button\">Read More<\/span><\/a><\/div>","protected":false},"author":2,"featured_media":70859,"comment_status":"closed","ping_status":"closed","sticky":false,"template":"","format":"standard","meta":{"ngg_post_thumbnail":0,"footnotes":""},"categories":[7457,33],"tags":[],"class_list":["post-70858","post","type-post","status-publish","format-standard","has-post-thumbnail","hentry","category-fred-west-2","category-noticias"],"amp_enabled":true,"_links":{"self":[{"href":"https:\/\/www2.comunitaria.com.br\/en\/wp-json\/wp\/v2\/posts\/70858","targetHints":{"allow":["GET"]}}],"collection":[{"href":"https:\/\/www2.comunitaria.com.br\/en\/wp-json\/wp\/v2\/posts"}],"about":[{"href":"https:\/\/www2.comunitaria.com.br\/en\/wp-json\/wp\/v2\/types\/post"}],"author":[{"embeddable":true,"href":"https:\/\/www2.comunitaria.com.br\/en\/wp-json\/wp\/v2\/users\/2"}],"replies":[{"embeddable":true,"href":"https:\/\/www2.comunitaria.com.br\/en\/wp-json\/wp\/v2\/comments?post=70858"}],"version-history":[{"count":0,"href":"https:\/\/www2.comunitaria.com.br\/en\/wp-json\/wp\/v2\/posts\/70858\/revisions"}],"wp:featuredmedia":[{"embeddable":true,"href":"https:\/\/www2.comunitaria.com.br\/en\/wp-json\/wp\/v2\/media\/70859"}],"wp:attachment":[{"href":"https:\/\/www2.comunitaria.com.br\/en\/wp-json\/wp\/v2\/media?parent=70858"}],"wp:term":[{"taxonomy":"category","embeddable":true,"href":"https:\/\/www2.comunitaria.com.br\/en\/wp-json\/wp\/v2\/categories?post=70858"},{"taxonomy":"post_tag","embeddable":true,"href":"https:\/\/www2.comunitaria.com.br\/en\/wp-json\/wp\/v2\/tags?post=70858"}],"curies":[{"name":"wp","href":"https:\/\/api.w.org\/{rel}","templated":true}]}}