{"id":70853,"date":"2025-11-20T11:16:52","date_gmt":"2025-11-20T13:16:52","guid":{"rendered":"https:\/\/www2.comunitaria.com.br\/?p=70853"},"modified":"2025-11-20T11:16:52","modified_gmt":"2025-11-20T13:16:52","slug":"mulher-furta-pinheirinho-de-natal-em-avenida-comercial-no-rs","status":"publish","type":"post","link":"https:\/\/www2.comunitaria.com.br\/en\/mulher-furta-pinheirinho-de-natal-em-avenida-comercial-no-rs\/","title":{"rendered":"Mulher furta pinheirinho de Natal em avenida comercial no RS"},"content":{"rendered":"<p>Comerciantes e moradores de&nbsp;Parob\u00e9, na Regi\u00e3o Metropolitana de&nbsp;Porto Alegre, est\u00e3o mobilizados para identificar uma&nbsp;mulher que furtou um pinheirinho de Natal&nbsp;na madrugada de ter\u00e7a-feira (18).&nbsp;<span class=\"highlight highlighted\">O enfeite estava em uma das principais avenidas comerciais do munic\u00edpio<\/span>.<\/p>\n<p>O pinheirinho era um dos itens instalados como parte de uma campanha organizada pelo com\u00e9rcio local para decorar as ruas durante o per\u00edodo natalino.&nbsp;<\/p>\n<p>Segundo comerciantes, a mulher estacionou o carro, desceu e retirou o enfeite da cal\u00e7ada. Em seguida, colocou o pinheirinho no ve\u00edculo e deixou o local.<\/p>\n<p>&nbsp;<\/p>","protected":false},"excerpt":{"rendered":"<p>Comerciantes e moradores de&nbsp;Parob\u00e9, na Regi\u00e3o Metropolitana de&nbsp;Porto Alegre, est\u00e3o mobilizados para identificar uma&nbsp;mulher que furtou um pinheirinho de Natal&nbsp;na madrugada de ter\u00e7a-feira (18).&nbsp;O enfeite estava em uma das principais avenidas comerciais do munic\u00edpio. O pinheirinho era um dos itens instalados como parte de uma campanha organizada pelo com\u00e9rcio local para decorar as ruas durante<\/p>\n<div class=\"read-more-wrapper\"><a class=\"read-more\" href=\"https:\/\/www2.comunitaria.com.br\/en\/mulher-furta-pinheirinho-de-natal-em-avenida-comercial-no-rs\/\" title=\"Read More\"> <span class=\"button\">Read More<\/span><\/a><\/div>","protected":false},"author":2,"featured_media":70855,"comment_status":"closed","ping_status":"closed","sticky":false,"template":"","format":"standard","meta":{"ngg_post_thumbnail":0,"footnotes":""},"categories":[33],"tags":[],"class_list":["post-70853","post","type-post","status-publish","format-standard","has-post-thumbnail","hentry","category-noticias"],"amp_enabled":true,"_links":{"self":[{"href":"https:\/\/www2.comunitaria.com.br\/en\/wp-json\/wp\/v2\/posts\/70853","targetHints":{"allow":["GET"]}}],"collection":[{"href":"https:\/\/www2.comunitaria.com.br\/en\/wp-json\/wp\/v2\/posts"}],"about":[{"href":"https:\/\/www2.comunitaria.com.br\/en\/wp-json\/wp\/v2\/types\/post"}],"author":[{"embeddable":true,"href":"https:\/\/www2.comunitaria.com.br\/en\/wp-json\/wp\/v2\/users\/2"}],"replies":[{"embeddable":true,"href":"https:\/\/www2.comunitaria.com.br\/en\/wp-json\/wp\/v2\/comments?post=70853"}],"version-history":[{"count":0,"href":"https:\/\/www2.comunitaria.com.br\/en\/wp-json\/wp\/v2\/posts\/70853\/revisions"}],"wp:featuredmedia":[{"embeddable":true,"href":"https:\/\/www2.comunitaria.com.br\/en\/wp-json\/wp\/v2\/media\/70855"}],"wp:attachment":[{"href":"https:\/\/www2.comunitaria.com.br\/en\/wp-json\/wp\/v2\/media?parent=70853"}],"wp:term":[{"taxonomy":"category","embeddable":true,"href":"https:\/\/www2.comunitaria.com.br\/en\/wp-json\/wp\/v2\/categories?post=70853"},{"taxonomy":"post_tag","embeddable":true,"href":"https:\/\/www2.comunitaria.com.br\/en\/wp-json\/wp\/v2\/tags?post=70853"}],"curies":[{"name":"wp","href":"https:\/\/api.w.org\/{rel}","templated":true}]}}