{"id":70828,"date":"2025-11-17T12:00:40","date_gmt":"2025-11-17T14:00:40","guid":{"rendered":"https:\/\/www2.comunitaria.com.br\/?p=70828"},"modified":"2025-11-17T12:06:57","modified_gmt":"2025-11-17T14:06:57","slug":"camara-reconhece-contribuicoes-de-profissionais-ao-municipio-com-titulos-de-cidadao-frederiquense-e-emerito","status":"publish","type":"post","link":"https:\/\/www2.comunitaria.com.br\/en\/camara-reconhece-contribuicoes-de-profissionais-ao-municipio-com-titulos-de-cidadao-frederiquense-e-emerito\/","title":{"rendered":"C\u00e2mara reconhece contribui\u00e7\u00f5es de profissionais ao munic\u00edpio com T\u00edtulos de Cidad\u00e3o Frederiquense e Em\u00e9rito"},"content":{"rendered":"<p><span style=\"font-weight: 400;\">&nbsp;Sess\u00e3o Solene realizada na \u00faltima semana, o Poder Legislativo de Frederico Westphalen entregou uma de suas honrarias m\u00e1ximas a cinco personalidades do munic\u00edpio, que n\u00e3o nasceram em FW, mas que se destacam por sua import\u00e2ncia ou servi\u00e7os prestados em benef\u00edcio da comunidade. Na ocasi\u00e3o, receberam o T\u00edtulo de Cidad\u00e3o Frederiquense o m\u00e9dico Edu Roberto Cerutti Barros, de Tenente Portela; a professora aposentada Marciria de Oliveira Dalla Nora, de Santo \u00c2ngelo, e os empres\u00e1rios Ivo Viecelli, de Joa\u00e7aba (SC), Vilmar Garbin, de Rodeio Bonito e Zacharias Valdemar Favero, natural de Seberi.<\/span><\/p>\n<p><span style=\"font-weight: 400;\">Os nomes foram indicados individualmente pelas cinco bancadas da C\u00e2mara e aprovados de forma un\u00e2nime, em Plen\u00e1rio, por meio de Decretos Legislativos.<\/span><\/p>\n<p><span style=\"font-weight: 400;\">Durante a homenagem, os agora reconhecidos como cidad\u00e3os frederiquenses agradeceram a distin\u00e7\u00e3o concedida pela C\u00e2mara e lembraram de suas trajet\u00f3rias de vida. O m\u00e9dico Edu recordou os desafios para cursar Medicina e sua atua\u00e7\u00e3o como pediatra em FW. O empres\u00e1rio Ivo agradeceu a popula\u00e7\u00e3o de FW e regi\u00e3o por ter acolhido a empresa da fam\u00edlia, que est\u00e1 presente no munic\u00edpio desde 1982. A professora Marciria citou ex-alunos que hoje se tornaram lideran\u00e7as do munic\u00edpio, dentre eles, o vereador Belonir Vendruscolo. Vilmar Garbin destacou o apoio da fam\u00edlia, lembrou o legado do pai no empreendedorismo e parabenizou a C\u00e2mara por prestar a homenagem ainda em vida. J\u00e1 o empres\u00e1rio Zacharias relembrou da \u00e9poca que FW ainda se chamava Barril, dos sacr\u00edficos para estudar e da atua\u00e7\u00e3o no ramo do esporte.<\/span><\/p>\n<p>&nbsp;<\/p>\n<p><b>Cidad\u00e3o Em\u00e9rito reconhece legado de empres\u00e1rio frederiquense<\/b><\/p>\n<p><span style=\"font-weight: 400;\">Para reconhecer tamb\u00e9m cidad\u00e3os que nasceram em Frederico Westphalen e que, comprovadamente, tenham prestado relevantes servi\u00e7os ao munic\u00edpio, destacando-se pelo esp\u00edrito p\u00fablico, empreendedorismo, contribui\u00e7\u00e3o econ\u00f4mica, cultural, educacional, esportiva, assistencial, institucional ou comunit\u00e1ria, a Casa Legislativa aprovou neste ano a cria\u00e7\u00e3o do T\u00edtulo de Cidad\u00e3o Em\u00e9rito (Lei N\u00ba 5469\/2025).<\/span><\/p>\n<p><span style=\"font-weight: 400;\">O primeiro homenageado com a distin\u00e7\u00e3o foi o <\/span><span style=\"font-weight: 400;\">empres\u00e1rio Vanderlei Piovesan, que se destaca pelos relevantes servi\u00e7os prestados ao desenvolvimento econ\u00f4mico, social e institucional do munic\u00edpio de Frederico Westphalen e por sua notadamente trajet\u00f3ria de resili\u00eancia, supera\u00e7\u00e3o e contribui\u00e7\u00e3o \u00e0 gera\u00e7\u00e3o de empregos e fortalecimento da economia local.&nbsp;<\/span><\/p>\n<p><span style=\"font-weight: 400;\">Piovesan agradeceu o reconhecimento da Casa e por ter sido o primeiro homenageado com o T\u00edtulo de Cidad\u00e3o Em\u00e9rito do Munic\u00edpio de FW e compartilhou a distin\u00e7\u00e3o com todos os diretores e colaboradores da empresa Frangos Piovesan. Lembrou tamb\u00e9m de momentos da hist\u00f3ria do empreendimento e da supera\u00e7\u00e3o ap\u00f3s o sinistro em agosto de 2024.&nbsp;<\/span><\/p>\n<p><span style=\"font-weight: 400;\">Ao final, a secret\u00e1ria de Educa\u00e7\u00e3o, Maristela Piovesan Freitas, que representou o Executivo Municipal na Sess\u00e3o Solene, e os representantes de cada bancada da C\u00e2mara deixaram suas mensagens, enaltecendo o legado dos homenageados e agradecendo seus esfor\u00e7os e contribui\u00e7\u00f5es ao desenvolvimento do munic\u00edpio.<\/span><\/p>\n<p>&nbsp;<\/p>\n<p><b>Hist\u00f3rico dos homenageados<\/b><\/p>\n<p>&nbsp;<\/p>\n<p><b>Edu Roberto Cerutti Barros<\/b><\/p>\n<p><span style=\"font-weight: 400;\">Edu Roberto Cerutti Barros nasceu em 24 de setembro de 1957, em Tenente Portela. Filho de Dalva Cerutti Barros e Edu Canellas Barros, e irm\u00e3o de Estela, Lu\u00eds Ant\u00f4nio e Ana J\u00falia, concluiu o ensino m\u00e9dio em Rio Grande, onde, ainda muito jovem, foi aprovado em seu primeiro vestibular para Medicina na Universidade Federal do Rio Grande (FURG).&nbsp;<\/span><\/p>\n<p><span style=\"font-weight: 400;\">Desde cedo demonstrou interesse pela ci\u00eancia e pelo cuidado com as pessoas, o que o levou a escolher a Medicina como voca\u00e7\u00e3o. Formou-se em Medicina pela FURG em 1981 e, logo em seguida, especializou-se em Pediatria, realizando sua Resid\u00eancia M\u00e9dica no Hospital da Crian\u00e7a Santo Ant\u00f4nio, em Porto Alegre, conclu\u00edda em 1984. Em 1985, atuou como tenente m\u00e9dico do 19\u00ba Regimento de Cavalaria Mecanizado, em Santa Rosa, experi\u00eancia que lhe trouxe disciplina e compromisso com o servi\u00e7o p\u00fablico.<\/span><\/p>\n<p><span style=\"font-weight: 400;\">Pouco depois, retornou para Frederico Westphalen, onde seus pais residiam, fixando ra\u00edzes profissionais e familiares. Tornou-se professor titular da Universidade Regional Integrada do Alto Uruguai e das Miss\u00f5es (URI), fun\u00e7\u00e3o que desempenhou entre e 2001 a 2023, contribuindo para a forma\u00e7\u00e3o de gera\u00e7\u00f5es de profissionais da sa\u00fade. Em 2014, aprofundou ainda mais sua liga\u00e7\u00e3o com a educa\u00e7\u00e3o ao concluir o Mestrado em Educa\u00e7\u00e3o pela URI.<\/span><\/p>\n<p><span style=\"font-weight: 400;\">Na \u00e1rea da sa\u00fade, construiu uma carreira s\u00f3lida e dedicada. Atuou por d\u00e9cadas como m\u00e9dico pediatra do posto de sa\u00fade da Prefeitura de Frederico Westphalen, no per\u00edodo de 2001 at\u00e9 2023, deixando uma marca de cuidado e humanidade no atendimento \u00e0s fam\u00edlias da comunidade. Tamb\u00e9m exerceu o cargo de m\u00e9dico legista durante seis anos e atua como pediatra do Hospital Divina Provid\u00eancia (HDP), tornando-se refer\u00eancia regional em sua especialidade.<\/span><\/p>\n<p><span style=\"font-weight: 400;\">Na \u00e1rea social, desempenhou por tr\u00eas mandatos a presid\u00eancia do Promenor.&nbsp;<\/span><\/p>\n<p><span style=\"font-weight: 400;\">Al\u00e9m de sua vida profissional, Edu construiu uma fam\u00edlia que sempre foi seu maior orgulho. \u00c9 pai de Alice, Carlos, Henrique e Felipe, que representam a continuidade de seus valores de dedica\u00e7\u00e3o, \u00e9tica e amor pela vida.<\/span><\/p>\n<p>&nbsp;<\/p>\n<p><b>Ivo Viecelli<\/b><\/p>\n<p><span style=\"font-weight: 400;\">Ivo nasceu no dia 25 de junho de 1953, no munic\u00edpio de Joa\u00e7aba, em Santa Catarina. Descendente de italianos, trabalhou na terra at\u00e9 completar seus 24 anos, quando, em busca de novas oportunidades de vida, come\u00e7ou a trabalhar na empresa do seu primo em S\u00e3o Miguel do Oeste. A empresa em quest\u00e3o era a Joalheria e \u00d3tica Confian\u00e7a daquele munic\u00edpio.<\/span><\/p>\n<p><span style=\"font-weight: 400;\">Na Confian\u00e7a, aprendeu rapidamente o of\u00edcio e, mais do que isso, conheceu sua esposa Eni Ana Viecelli (in memoriam). Dois anos ap\u00f3s o casamento, e j\u00e1 com seu filho mais velho Rodrigo, o jovem casal se muda para uma cidade com grande potencial de crescimento. Essa cidade era Frederico Westphalen.<\/span><\/p>\n<p><span style=\"font-weight: 400;\">A Joalheria e \u00d3tica Confian\u00e7a abre a suas portas no dia 5 de dezembro de 1982, primeiramente como filial de S\u00e3o Miguel do Oeste, mas, com o passar dos anos foi solidificando sua atua\u00e7\u00e3o e permitindo que Ivo e Eni comprassem todas as partes e assumissem o controle total da empresa.<\/span><\/p>\n<p><span style=\"font-weight: 400;\">Com o decorrer dos anos, Ivo foi se integrando a comunidade, fazendo-se presente em v\u00e1rias associa\u00e7\u00f5es. Em Frederico, nascem Ivan e Mateus Viecelli, completando a fam\u00edlia.<\/span><\/p>\n<p><span style=\"font-weight: 400;\">Ivo Viecelli adotou a cidade de Frederico Westphalen como sua terra, sentindo-se acolhido e grato por tudo o que construiu junto de sua companheira Eni. Sente orgulho de ter feito dessa cidade seu lar, onde criou sua fam\u00edlia, construiu sua hist\u00f3ria e registrou sua marca de trabalho e dedica\u00e7\u00e3o.<\/span><\/p>\n<p>&nbsp;<\/p>\n<p><b>Marciria de Oliveira Dalla Nora<\/b><\/p>\n<p><span style=\"font-weight: 400;\">Marciria de Oliveira Dalla Nora nasceu em 9 de setembro de 1932, no interior do munic\u00edpio de Santo \u00c2ngelo. Filha de Ant\u00f4nio Soares de Oliveira e Maria Soares de Oliveira, ainda muito pequena, com apenas dois anos, mudou-se com a fam\u00edlia para Frederico Westphalen, cidade que se tornaria o cen\u00e1rio principal de sua vida pessoal e profissional.<\/span><\/p>\n<p><span style=\"font-weight: 400;\">Iniciou os estudos por volta dos nove anos de idade na Escola Grupo da Sede, atualmente conhecida como Escola Sep\u00e9 Tiaraju, prosseguindo depois no Col\u00e9gio Auxiliadora e no Col\u00e9gio Roncalli, onde concluiu o gin\u00e1sio. A faculdade s\u00f3 veio depois de anos lecionando, quando fez a licenciatura de Letras na URI.<\/span><\/p>\n<p><span style=\"font-weight: 400;\">Com dezesseis anos, prestou o exame admissional em Palmeira das Miss\u00f5es, requisito necess\u00e1rio \u00e0 \u00e9poca para ingressar na carreira de Magist\u00e9rio. Aprovada, iniciou sua trajet\u00f3ria docente na Escola 21 de Abril, ent\u00e3o chamada Pedras Brancas Alta, onde lecionava da primeira \u00e0 quarta s\u00e9rie. Naquele tempo, deslocava-se a p\u00e9 da cidade at\u00e9 a escola, demonstrando desde cedo seu compromisso e dedica\u00e7\u00e3o com a profiss\u00e3o.<\/span><\/p>\n<p><span style=\"font-weight: 400;\">Posteriormente, lecionou por dois anos na Escola da Linha dos Santos Anjos, e por mais de um ano na Vilinha, sempre atuando nas s\u00e9ries iniciais. Tamb\u00e9m trabalhou na Linha F\u00e1tima, no interior de Taquaru\u00e7u do Sul.<\/span><\/p>\n<p><span style=\"font-weight: 400;\">Foi ao retornar \u00e0 Linha 21 de Abril que conheceu Nicolino Dalla Nora, com quem se casou em 25 de junho de 1957. O casal construiu uma fam\u00edlia s\u00f3lida, tendo cinco filhos: El\u00f3i, Eleu (in memoriam), Elias, Nicolino e El\u00f3i J\u00fanior. Ficou vi\u00fava em 30 de mar\u00e7o de 2001.<\/span><\/p>\n<p><span style=\"font-weight: 400;\">Ap\u00f3s uma pausa de quatro anos no trabalho, per\u00edodo em que casou e teve seus filhos, Marciria retornou \u00e0 carreira docente, passando a lecionar no Grupo Escolar da Sede, onde trabalhou por vinte anos, ensinando da primeira \u00e0 quinta s\u00e9rie. Mais tarde, foi convidada a integrar a Delegacia de Educa\u00e7\u00e3o, onde exerceu a fun\u00e7\u00e3o de supervisora educacional da regi\u00e3o, cargo no qual permaneceu at\u00e9 sua aposentadoria. Mesmo ap\u00f3s aposentar-se, continuou contribuindo para o desenvolvimento educacional e social de Frederico Westphalen, participando ativamente da implanta\u00e7\u00e3o do SESC no munic\u00edpio e lecionando no Promenor, demonstrando que sua voca\u00e7\u00e3o para o ensino ultrapassava as fronteiras da sala de aula.<\/span><\/p>\n<p><span style=\"font-weight: 400;\">Ao longo de sua vida profissional, alfabetizou in\u00fameras crian\u00e7as que mais tarde se tornaram lideran\u00e7as na comunidade, dentre elas, o vereador Belonir e o atual prefeito, Orlando Girardi. Sua trajet\u00f3ria \u00e9 marcada pela dedica\u00e7\u00e3o, pela perseveran\u00e7a e pelo amor \u00e0 educa\u00e7\u00e3o, deixando um legado de conhecimento e humanidade que contribuiu significativamente para a hist\u00f3ria da educa\u00e7\u00e3o de Frederico Westphalen e do Rio Grande do Sul.<\/span><\/p>\n<p>&nbsp;<\/p>\n<p><b>Vilmar Garbin<\/b><\/p>\n<p><span style=\"font-weight: 400;\">Vilmar Garbin nasceu em Rodeio Bonito, onde desde jovem demonstrou forte esp\u00edrito empreendedor, inspirado no exemplo de seu pai, Augustino Garbin, pioneiro no com\u00e9rcio e ind\u00fastria local. O 6\u00ba de oito filhos, Vilmar come\u00e7ou a trabalhar muito cedo, exercendo diversas fun\u00e7\u00f5es \u2014 de engraxate e vendedor de picol\u00e9s, ajudante de serraria a cobrador de \u00f4nibus \u2014 sempre movido pela necessidade de ajudar a fam\u00edlia.<\/span><\/p>\n<p><span style=\"font-weight: 400;\">A escola teve que ficar em segundo plano, mas com muita garra e determina\u00e7\u00e3o conseguiu concluir o ensino m\u00e9dio e posteriormente Curso T\u00e9cnico em Administra\u00e7\u00e3o de Empresa.<\/span><\/p>\n<p><span style=\"font-weight: 400;\">Aos 17 anos passou a dirigir caminh\u00e3o e realizar fretes, assumindo a responsabilidade pelo sustento da fam\u00edlia ap\u00f3s o falecimento da m\u00e3e. Com apenas 20 anos, casou-se com Ivania Maria Garbin e aproveitou uma oportunidade para adquirir um pequeno dep\u00f3sito de bebidas, investindo tudo o que tinha e contando com o apoio de um s\u00f3cio. Assim nascia o Dep\u00f3sito de Bebidas Rodeio.<\/span><\/p>\n<p><span style=\"font-weight: 400;\">Com o tempo, o neg\u00f3cio prosperou. O s\u00f3cio vendeu sua parte e Vilmar seguiu sozinho, expandindo com caminh\u00f5es, fretes e novos empreendimentos. Em 1993 adquiriu uma franquia da Coca-Cola em Frederico Westphalen onde veio residir no ano de 2000. Em 2009, surgiam as sementes do que hoje s\u00e3o a Transgarbin, a Truck\u00e3o Acess\u00f3rios e o Posto Avenida, empresas que movimentam sonhos, fam\u00edlias e oportunidades.<\/span><\/p>\n<p><span style=\"font-weight: 400;\">O esp\u00edrito empreendedor dos Garbin sempre esteve no sangue, mas Vilmar gosta de dizer que o verdadeiro aprendizado veio na estrada, nas conversas com caminhoneiros, nas paradas em postos, nas hist\u00f3rias trocadas com gente simples e s\u00e1bia. Participou de palestras, ouviu, aprendeu e aplicou. E, mesmo com tanto trabalho, nunca esqueceu de seu papel maior: o de pai e pilar da fam\u00edlia. Quando percebeu que o tempo o afastava da esposa e dos filhos, mudou-se com eles para Frederico Westphalen, para estar mais presente &#8211; tanto nos neg\u00f3cios quanto na vida.<\/span><\/p>\n<p><span style=\"font-weight: 400;\">Hoje, ele reconhece que a maior conquista de um empreendedor n\u00e3o est\u00e1 no lucro, mas na supera\u00e7\u00e3o. Ter garantido o sustento e o futuro de sua fam\u00edlia, visto seus filhos trilharem o mesmo caminho e, acima de tudo, mantido seus valores intactos &#8211; isso \u00e9 o verdadeiro sucesso.<\/span><\/p>\n<p><span style=\"font-weight: 400;\">Hoje, os tr\u00eas filhos de Vilmar \u2013 Felipe, Fernando e Daniel, d\u00e3o continuidade ao legado do pai e av\u00f4. Mesmo com os neg\u00f3cios nas m\u00e3os da nova gera\u00e7\u00e3o, Vilmar Garbin nunca se afasta. Ele segue presente, acompanhando de perto cada decis\u00e3o, cada conquista &#8211; porque empreender, para ele, n\u00e3o \u00e9 uma profiss\u00e3o. \u00c9 um modo de viver.<\/span><\/p>\n<p><span style=\"font-weight: 400;\">Respeitado por sua dedica\u00e7\u00e3o, honestidade e vis\u00e3o de futuro, Vilmar Garbin \u00e9 reconhecido como um dos grandes empreendedores do munic\u00edpio e regi\u00e3o. Seu legado de trabalho, f\u00e9 e perseveran\u00e7a inspira n\u00e3o apenas seus filhos e colaboradores, mas toda a comunidade.<\/span><\/p>\n<p>&nbsp;<\/p>\n<p><b>Zacharias Valdemar Favero<\/b><\/p>\n<p><span style=\"font-weight: 400;\">Zacharias Valdemar Favero nasceu em Seberi em 25 de mar\u00e7o de 1950. Morava com a fam\u00edlia na Vila de Osvaldo Cruz, onde iniciou seus estudos na Escola Valdemar Sampaio de Barros. Em seguida, prosseguiu sua educa\u00e7\u00e3o no Instituto Madre Tereza, em Seberi, onde completou o gin\u00e1sio. Com o objetivo de se especializar, Zacharias cursou T\u00e9cnico em Contabilidade no Col\u00e9gio Jos\u00e9 Canelas, em Frederico Westphalen, e posteriormente graduou-se em Direito na Faculdade de Cruz Alta.<\/span><\/p>\n<p><span style=\"font-weight: 400;\">Sua trajet\u00f3ria profissional \u00e9 marcada por diversas experi\u00eancias significativas. Come\u00e7ou como professor municipal na Linha Balestrin, em Taquaru\u00e7u do Sul, contribuindo para a educa\u00e7\u00e3o de sua comunidade. Depois, atuou como contador na empresa Fiorenzano Germani, em Seberi, que hoje \u00e9 a Cotrisal.<\/span><\/p>\n<p><span style=\"font-weight: 400;\">No ano de 1974, trabalhou como secret\u00e1rio da Administra\u00e7\u00e3o do munic\u00edpio de Frederico Westphalen, durante a gest\u00e3o do prefeito Lindo \u00c2ngelo Ceruti, exercendo papel importante na administra\u00e7\u00e3o p\u00fablica local. Mais tarde, dedicou 24 anos de sua vida ao Banco do Brasil, construindo uma s\u00f3lida carreira no setor financeiro.<\/span><\/p>\n<p><span style=\"font-weight: 400;\">Na \u00e1rea social, foi tamb\u00e9m presidente da Associa\u00e7\u00e3o Atl\u00e9tica do Banco do Brasil (AABB), de 1980 a 1982 e presidente do Clube Ipiranga, entre os anos de 2007 a 2009.<\/span><\/p>\n<p><span style=\"font-weight: 400;\">Atualmente, Zacharias \u00e9 s\u00f3cio-gerente da empresa Zaca Sports, onde continua sua trajet\u00f3ria profissional com dedica\u00e7\u00e3o e esp\u00edrito empreendedor.<\/span><\/p>\n<p>&nbsp;<\/p>\n<p><b>Vanderlei Piovesan<\/b><\/p>\n<p><span style=\"font-weight: 400;\">A trajet\u00f3ria de Vanderlei Piovesan se confunde com a pr\u00f3pria ascens\u00e3o da Frangos Piovesan. O embri\u00e3o do neg\u00f3cio surgiu em 1999, em escala dom\u00e9stica, com poucos avi\u00e1rios e clientela local, a semente de um abatedouro que nasceria pequeno e focado em qualidade, e que, com persist\u00eancia, acabaria atendendo todo o Rio Grande do Sul e Santa Catarina.<\/span><\/p>\n<p><span style=\"font-weight: 400;\">Com o passar dos anos, a empresa foi se estruturando e ampliando sua produ\u00e7\u00e3o. Entre 2019 e 2024, a Frangos Piovesan j\u00e1 era refer\u00eancia regional, com um portf\u00f3lio de mais de 60 produtos, cerca de 20 integrados, 22 mil aves abatidas por dia e 340 empregos diretos. Os produtos passaram a chegar a todo o Rio Grande do Sul e tamb\u00e9m a Santa Catarina.<\/span><\/p>\n<p>&nbsp;<\/p>\n<p><span style=\"font-weight: 400;\">No dia 30 de abril de 2024, ao completar 25 anos, a empresa comemorou com o lan\u00e7amento de novos produtos e a expans\u00e3o da linha de industrializados. Na celebra\u00e7\u00e3o, Vanderlei relembrou que \u201ctudo come\u00e7ou no por\u00e3o da casa dos pais\u201d e destacou os pilares que guiam o neg\u00f3cio: trabalho, seriedade e respeito ao consumidor.<\/span><\/p>\n<p><span style=\"font-weight: 400;\">Na noite de 26 de agosto de 2024, um inc\u00eandio de grandes propor\u00e7\u00f5es atingiu a planta industrial da empresa. O fogo come\u00e7ou na lavanderia e se espalhou rapidamente, mobilizando bombeiros de v\u00e1rias cidades. Felizmente, ningu\u00e9m se feriu. No dia seguinte, a empresa divulgou uma nota garantindo a manuten\u00e7\u00e3o dos empregos e anunciando a cria\u00e7\u00e3o de um comit\u00ea de crise para coordenar a reconstru\u00e7\u00e3o, que ocorreu em apenas sete meses, com remo\u00e7\u00e3o de entulho, funda\u00e7\u00f5es e duplica\u00e7\u00e3o do parque fabril, de cerca de 6,2 mil metros quadrados para mais de 12 mil metros quadrados, moderniza\u00e7\u00e3o de equipamentos e amplia\u00e7\u00e3o da capacidade de abate.&nbsp;<\/span><\/p>\n<p><span style=\"font-weight: 400;\">No dia 11 de abril de 2025, a Frangos Piovesan realizou o primeiro abate p\u00f3s-inc\u00eandio e anunciou oficialmente a retomada. A nova configura\u00e7\u00e3o elevou a capacidade de 4 mil para at\u00e9 10 mil frangos por hora, com meta operacional di\u00e1ria de 25 mil aves no curto prazo, um quadro de 400 colaboradores e mais de 3 mil clientes na carteira, distribu\u00eddos no Sul do Brasil.<\/span><\/p>\n<p><span style=\"font-weight: 400;\">A hist\u00f3ria da Frangos Piovesan \u00e9 um caso t\u00edpico de empresa-raiz do interior que vira refer\u00eancia local: visita institucional de entidades empresariais, presen\u00e7a ass\u00eddua em feiras e ativa participa\u00e7\u00e3o em pautas do setor. Ap\u00f3s o sinistro, o notici\u00e1rio regional acompanhou, m\u00eas a m\u00eas, a reconstru\u00e7\u00e3o e o reemprego \u2014 narrativa que refor\u00e7ou a imagem de resili\u00eancia de Vanderlei e de sua equipe.&nbsp;<\/span><\/p>\n<p><span style=\"font-weight: 400;\">E por esse esp\u00edrito de empreendedorismo e de resili\u00eancia e por estar \u00e0 frente de uma empresa que muito contribuiu e continua contribuindo para o desenvolvimento do nosso munic\u00edpio, seja na gera\u00e7\u00e3o de empregos ou no retorno do ICMS, dentre diversos outros benef\u00edcios, que o empres\u00e1rio Vanderlei Piovesan recebe nesta noite o T\u00edtulo de Cidad\u00e3o Em\u00e9rito do Munic\u00edpio de Frederico Westphalen.&nbsp;<\/span><\/p>","protected":false},"excerpt":{"rendered":"<p>&nbsp;Sess\u00e3o Solene realizada na \u00faltima semana, o Poder Legislativo de Frederico Westphalen entregou uma de suas honrarias m\u00e1ximas a cinco personalidades do munic\u00edpio, que n\u00e3o nasceram em FW, mas que&#8230;<\/p>","protected":false},"author":2,"featured_media":70829,"comment_status":"closed","ping_status":"closed","sticky":false,"template":"","format":"standard","meta":{"ngg_post_thumbnail":0,"footnotes":""},"categories":[46,42,28,33,43],"tags":[],"class_list":["post-70828","post","type-post","status-publish","format-standard","has-post-thumbnail","hentry","category-estado","category-fred-west","category-destaque","category-noticias","category-regiao"],"amp_enabled":true,"_links":{"self":[{"href":"https:\/\/www2.comunitaria.com.br\/en\/wp-json\/wp\/v2\/posts\/70828","targetHints":{"allow":["GET"]}}],"collection":[{"href":"https:\/\/www2.comunitaria.com.br\/en\/wp-json\/wp\/v2\/posts"}],"about":[{"href":"https:\/\/www2.comunitaria.com.br\/en\/wp-json\/wp\/v2\/types\/post"}],"author":[{"embeddable":true,"href":"https:\/\/www2.comunitaria.com.br\/en\/wp-json\/wp\/v2\/users\/2"}],"replies":[{"embeddable":true,"href":"https:\/\/www2.comunitaria.com.br\/en\/wp-json\/wp\/v2\/comments?post=70828"}],"version-history":[{"count":0,"href":"https:\/\/www2.comunitaria.com.br\/en\/wp-json\/wp\/v2\/posts\/70828\/revisions"}],"wp:featuredmedia":[{"embeddable":true,"href":"https:\/\/www2.comunitaria.com.br\/en\/wp-json\/wp\/v2\/media\/70829"}],"wp:attachment":[{"href":"https:\/\/www2.comunitaria.com.br\/en\/wp-json\/wp\/v2\/media?parent=70828"}],"wp:term":[{"taxonomy":"category","embeddable":true,"href":"https:\/\/www2.comunitaria.com.br\/en\/wp-json\/wp\/v2\/categories?post=70828"},{"taxonomy":"post_tag","embeddable":true,"href":"https:\/\/www2.comunitaria.com.br\/en\/wp-json\/wp\/v2\/tags?post=70828"}],"curies":[{"name":"wp","href":"https:\/\/api.w.org\/{rel}","templated":true}]}}