{"id":70577,"date":"2025-10-01T15:39:06","date_gmt":"2025-10-01T17:39:06","guid":{"rendered":"https:\/\/www2.comunitaria.com.br\/?p=70577"},"modified":"2025-10-01T15:39:06","modified_gmt":"2025-10-01T17:39:06","slug":"produtores-comunicam-que-irao-entregar-53-mil-toneladas-de-arroz-para-a-conab-em-outubro","status":"publish","type":"post","link":"https:\/\/www2.comunitaria.com.br\/en\/produtores-comunicam-que-irao-entregar-53-mil-toneladas-de-arroz-para-a-conab-em-outubro\/","title":{"rendered":"Produtores comunicam que ir\u00e3o entregar 53 mil toneladas de arroz para a Conab em outubro"},"content":{"rendered":"<p><span style=\"font-weight: 400;\">As cooperativas e os produtores do Rio Grande do Sul e de Santa Catarina que arremataram Contratos de Op\u00e7\u00e3o de Venda (COV) de arroz, com vencimento em setembro, confirmaram o exerc\u00edcio e podem entregar 53,6 mil toneladas \u00e0 Companhia Nacional de Abastecimento (Conab). Na ter\u00e7a-feira, 30 de setembro, encerrou-se o prazo para registro do exerc\u00edcio na B3. A a\u00e7\u00e3o corresponde \u00e0 segunda rodada da opera\u00e7\u00e3o lan\u00e7ada pela estatal para apoiar os produtores. Agora, os participantes ter\u00e3o de 1\u00ba a 15 de outubro para entregar o arroz nos armaz\u00e9ns credenciados pela Conab. No Rio Grande do Sul, eles est\u00e3o localizados em Barra do Ribeiro, Camaqu\u00e3, Mata, Pelotas, Ros\u00e1rio do Sul, S\u00e3o Borja e Uruguaiana. Em Santa Catarina, em Forquilhinhas, Tubar\u00e3o e Turvo. O produto passar\u00e1 por fiscaliza\u00e7\u00e3o de qualidade antes do pagamento. No final de outubro ter\u00e1 um segundo per\u00edodo de exerc\u00edcio para os produtores exercerem o contrato nesta rodada.&nbsp;<\/span><\/p>\n<p><span style=\"font-weight: 400;\">\u201cIsso \u00e9 resultado de uma s\u00e9rie de reuni\u00f5es e do di\u00e1logo que fizemos com o setor arrozeiro, que estava preocupado com a queda nos pre\u00e7os. Conseguimos levantar o or\u00e7amento e, assim, garantimos ao produtor um melhor pre\u00e7o, porque para o governo federal tamb\u00e9m \u00e9 importante viabilizar economicamente o cultivo de arroz\u201d, afirma o presidente da Conab, Edegar Pretto.<\/span><\/p>\n<p><span style=\"font-weight: 400;\">Na segunda rodada de COV da safra 2024\/25, realizada no fim de agosto, a Conab negociou 109,2 mil toneladas de arroz, das 110 mil ofertadas, com cooperativas e produtores ga\u00fachos e catarinenses. Desse volume, 1.987 contratos t\u00eam vencimento em setembro, somando 53,6 mil toneladas \u2014 sendo 39,2 mil no RS (1.452 contratos) e 14,4 mil em SC (535 contratos). O pre\u00e7o de refer\u00eancia definido \u00e9 de R$ 73,48 por saca de 50 quilos, o que representa um investimento total de R$ 78,7 milh\u00f5es. Os contratos com vencimento em outubro, que correspondem \u00e0s demais 55,5 mil toneladas, poder\u00e3o ser exercidos at\u00e9 o dia 31 de outubro.&nbsp;<\/span><\/p>\n<p>&nbsp;<\/p>\n<p><b>Outras a\u00e7\u00f5es<\/b><\/p>\n<p><span style=\"font-weight: 400;\">Para sinalizar pre\u00e7os mais atrativos ao produtor, a Conab lan\u00e7ou, ainda em 2024, a primeira rodada de COV para a safra 2024\/25, que resultou na negocia\u00e7\u00e3o de 91,7 mil toneladas de arroz e investimento de R$ 162,2 milh\u00f5es. Em setembro deste ano, durante a Expointer, a Conab anunciou uma terceira rodada, desta vez voltada \u00e0 safra 2025\/26, com previs\u00e3o de R$ 300 milh\u00f5es em investimentos.<\/span><\/p>\n<p>&nbsp;<\/p>\n<p><b>COV<\/b><\/p>\n<p><span style=\"font-weight: 400;\">O Contrato de Op\u00e7\u00e3o de Venda funciona como um seguro de pre\u00e7os para o produtor: garante o direito, mas n\u00e3o a obriga\u00e7\u00e3o, de vender o arroz ao governo por um valor previamente definido. Caso o mercado ofere\u00e7a uma cota\u00e7\u00e3o superior, o produtor pode desistir do contrato com a Conab sem custos adicionais. O arroz adquirido refor\u00e7ar\u00e1 os estoques p\u00fablicos e poder\u00e1 ser destinado ao abastecimento da popula\u00e7\u00e3o em momentos de crise ou emerg\u00eancia. A medida tamb\u00e9m ajuda a evitar oscila\u00e7\u00f5es bruscas no mercado e a manter pre\u00e7os justos ao consumidor.<\/span><\/p>\n<p>&nbsp;<\/p>\n<p><strong>Voc\u00ea pode escutar a fala de Edegar Pretto aqui:<\/strong><\/p>\n<audio class=\"wp-audio-shortcode\" id=\"audio-70577-1\" preload=\"none\" style=\"width: 100%;\" controls=\"controls\"><source type=\"audio\/mpeg\" src=\"http:\/\/www2.comunitaria.com.br\/wp-content\/uploads\/2025\/10\/COV-Especial-Edegar-Pretto-presidente-da-Conab.mp3?_=1\" \/><a href=\"http:\/\/www2.comunitaria.com.br\/wp-content\/uploads\/2025\/10\/COV-Especial-Edegar-Pretto-presidente-da-Conab.mp3\">http:\/\/www2.comunitaria.com.br\/wp-content\/uploads\/2025\/10\/COV-Especial-Edegar-Pretto-presidente-da-Conab.mp3<\/a><\/audio>\n<p>&nbsp;<\/p>\n<p>&nbsp;<\/p>\n<p><span style=\"font-weight: 400;\">Fonte: Assessoria Edegar Pretto<\/span><\/p>","protected":false},"excerpt":{"rendered":"<p>As cooperativas e os produtores do Rio Grande do Sul e de Santa Catarina que arremataram Contratos de Op\u00e7\u00e3o de Venda (COV) de arroz, com vencimento em setembro, confirmaram o&#8230;<\/p>","protected":false},"author":2,"featured_media":70579,"comment_status":"closed","ping_status":"closed","sticky":false,"template":"","format":"standard","meta":{"ngg_post_thumbnail":0,"footnotes":""},"categories":[6254,46,28],"tags":[],"class_list":["post-70577","post","type-post","status-publish","format-standard","has-post-thumbnail","hentry","category-agricultura","category-estado","category-destaque"],"amp_enabled":true,"_links":{"self":[{"href":"https:\/\/www2.comunitaria.com.br\/en\/wp-json\/wp\/v2\/posts\/70577","targetHints":{"allow":["GET"]}}],"collection":[{"href":"https:\/\/www2.comunitaria.com.br\/en\/wp-json\/wp\/v2\/posts"}],"about":[{"href":"https:\/\/www2.comunitaria.com.br\/en\/wp-json\/wp\/v2\/types\/post"}],"author":[{"embeddable":true,"href":"https:\/\/www2.comunitaria.com.br\/en\/wp-json\/wp\/v2\/users\/2"}],"replies":[{"embeddable":true,"href":"https:\/\/www2.comunitaria.com.br\/en\/wp-json\/wp\/v2\/comments?post=70577"}],"version-history":[{"count":0,"href":"https:\/\/www2.comunitaria.com.br\/en\/wp-json\/wp\/v2\/posts\/70577\/revisions"}],"wp:featuredmedia":[{"embeddable":true,"href":"https:\/\/www2.comunitaria.com.br\/en\/wp-json\/wp\/v2\/media\/70579"}],"wp:attachment":[{"href":"https:\/\/www2.comunitaria.com.br\/en\/wp-json\/wp\/v2\/media?parent=70577"}],"wp:term":[{"taxonomy":"category","embeddable":true,"href":"https:\/\/www2.comunitaria.com.br\/en\/wp-json\/wp\/v2\/categories?post=70577"},{"taxonomy":"post_tag","embeddable":true,"href":"https:\/\/www2.comunitaria.com.br\/en\/wp-json\/wp\/v2\/tags?post=70577"}],"curies":[{"name":"wp","href":"https:\/\/api.w.org\/{rel}","templated":true}]}}