{"id":70512,"date":"2025-09-17T15:00:19","date_gmt":"2025-09-17T17:00:19","guid":{"rendered":"https:\/\/www2.comunitaria.com.br\/?p=70512"},"modified":"2025-09-17T15:00:19","modified_gmt":"2025-09-17T17:00:19","slug":"fotografias-produzidas-por-alunos-sao-expostas-na-ufsm-fw","status":"publish","type":"post","link":"https:\/\/www2.comunitaria.com.br\/en\/fotografias-produzidas-por-alunos-sao-expostas-na-ufsm-fw\/","title":{"rendered":"Fotografias produzidas por alunos s\u00e3o expostas na UFSM\/FW"},"content":{"rendered":"<p><span style=\"font-weight: 400;\">O Campus da Universidade Federal de Santa Maria em Frederico Westphalen recebe, at\u00e9 o dia 22 de setembro, a exposi\u00e7\u00e3o fotogr\u00e1fica produzida pelos alunos dos cursos de Jornalismo e Rela\u00e7\u00f5es P\u00fablicas. A mostra re\u00fane mais de 40 fotografias idealizadas em disciplinas pr\u00e1ticas de Fotografia, sob coordena\u00e7\u00e3o do professor Paulo Munhoz.<\/span><\/p>\n<p><span style=\"font-weight: 400;\">A iniciativa integra as&nbsp; disciplinas Fotografia e Sociedade, do curso de Jornalismo, e Linguagem Fotogr\u00e1fica Aplicada, do curso de Rela\u00e7\u00f5es P\u00fablicas. O objetivo \u00e9 valorizar a produ\u00e7\u00e3o acad\u00eamica e estimular a cultura e a arte no campus da UFSM em Frederico Westphalen.<\/span><\/p>\n<p><span style=\"font-weight: 400;\">Para os estudantes, a oportunidade de ver suas imagens expostas \u00e9 motivo de orgulho. A aluna do quarto semestre de Jornalismo, Beatriz Duarte, destacou a experi\u00eancia de participar da mostra. \u201cTer essa exposi\u00e7\u00e3o no hall de entrada significa muito mais do que apenas decorar o espa\u00e7o. As fotos produzidas por n\u00f3s, alunos de Jornalismo e Rela\u00e7\u00f5es P\u00fablicas, trazem olhares diferentes sobre o mundo e transformam um lugar de passagem em um convite para apreciar a arte da fotografia. \u00c9 incr\u00edvel chegar ao Campus e ver nosso trabalho exposto, reconhecido e valorizado. Sou muito grata ao professor Paulo, que sempre nos incentivou a expressar nossos olhares atrav\u00e9s das lentes e a dedicar esfor\u00e7os para que essa mostra acontecesse\u201d, relatou.<\/span><\/p>\n<p>&nbsp;<\/p>\n<p>&nbsp;<\/p>\n<p><i><span style=\"font-weight: 400;\">Fotos: Projeto SEJA UFSM-FW<\/span><\/i><\/p>\n<p><i><span style=\"font-weight: 400;\">Texto: Conrado Araujo, bolsista da Ag\u00eancia de Not\u00edcias&nbsp;<\/span><\/i><\/p>\n<p><i><span style=\"font-weight: 400;\">Revis\u00e3o: Gracieli Fernandes, Divis\u00e3o de Divulga\u00e7\u00e3o Institucional da UFSM\/FW<\/span><\/i><\/p>\n<p>&nbsp;<\/p>","protected":false},"excerpt":{"rendered":"<p>O Campus da Universidade Federal de Santa Maria em Frederico Westphalen recebe, at\u00e9 o dia 22 de setembro, a exposi\u00e7\u00e3o fotogr\u00e1fica produzida pelos alunos dos cursos de Jornalismo e Rela\u00e7\u00f5es&#8230;<\/p>","protected":false},"author":2,"featured_media":70513,"comment_status":"closed","ping_status":"closed","sticky":false,"template":"","format":"standard","meta":{"ngg_post_thumbnail":0,"footnotes":""},"categories":[7457,7434],"tags":[],"class_list":["post-70512","post","type-post","status-publish","format-standard","has-post-thumbnail","hentry","category-fred-west-2","category-ufsm-fw"],"amp_enabled":true,"_links":{"self":[{"href":"https:\/\/www2.comunitaria.com.br\/en\/wp-json\/wp\/v2\/posts\/70512","targetHints":{"allow":["GET"]}}],"collection":[{"href":"https:\/\/www2.comunitaria.com.br\/en\/wp-json\/wp\/v2\/posts"}],"about":[{"href":"https:\/\/www2.comunitaria.com.br\/en\/wp-json\/wp\/v2\/types\/post"}],"author":[{"embeddable":true,"href":"https:\/\/www2.comunitaria.com.br\/en\/wp-json\/wp\/v2\/users\/2"}],"replies":[{"embeddable":true,"href":"https:\/\/www2.comunitaria.com.br\/en\/wp-json\/wp\/v2\/comments?post=70512"}],"version-history":[{"count":0,"href":"https:\/\/www2.comunitaria.com.br\/en\/wp-json\/wp\/v2\/posts\/70512\/revisions"}],"wp:featuredmedia":[{"embeddable":true,"href":"https:\/\/www2.comunitaria.com.br\/en\/wp-json\/wp\/v2\/media\/70513"}],"wp:attachment":[{"href":"https:\/\/www2.comunitaria.com.br\/en\/wp-json\/wp\/v2\/media?parent=70512"}],"wp:term":[{"taxonomy":"category","embeddable":true,"href":"https:\/\/www2.comunitaria.com.br\/en\/wp-json\/wp\/v2\/categories?post=70512"},{"taxonomy":"post_tag","embeddable":true,"href":"https:\/\/www2.comunitaria.com.br\/en\/wp-json\/wp\/v2\/tags?post=70512"}],"curies":[{"name":"wp","href":"https:\/\/api.w.org\/{rel}","templated":true}]}}