{"id":70506,"date":"2025-09-15T18:35:31","date_gmt":"2025-09-15T20:35:31","guid":{"rendered":"https:\/\/www2.comunitaria.com.br\/?p=70506"},"modified":"2025-09-15T18:35:31","modified_gmt":"2025-09-15T20:35:31","slug":"volei-aabb-sejl-se-classifica-para-estadual-em-santa-maria","status":"publish","type":"post","link":"https:\/\/www2.comunitaria.com.br\/en\/volei-aabb-sejl-se-classifica-para-estadual-em-santa-maria\/","title":{"rendered":"Volei AABB\/SEJL se classifica para estadual em Santa Maria"},"content":{"rendered":"<p><span style=\"font-weight: 400;\">No domingo, 14 de setembro, ocorreu a 5\u00aa Etapa da Liga Ga\u00facha de Voleibol em Sarandi\/RS com 4 equipes presentes na etapa. Na classificat\u00f3ria a AABB\/SEJL perdeu para o Ra\u00e7a de Erechim por 2&#215;1, venceu o SERCK de Esta\u00e7\u00e3o por 2&#215;0 e o SVC de Sarand\u00ed por 2&#215;1, classificando-se para a final.<\/span><\/p>\n<p><span style=\"font-weight: 400;\">Na final derrota por 2&#215;0 para o Ra\u00e7a de Erechim, ficando com o 2\u00ba lugar na etapa.&nbsp;<\/span><\/p>\n<p><span style=\"font-weight: 400;\">A equipe frederiquense tamb\u00e9m teve destaques individuais na Etapa de Sarandi com os atletas Artur, escolhido o melhor ponteiro; Marcelo como o melhor oposto e Altemir, como o melhor central.<\/span><\/p>\n<p><span style=\"font-weight: 400;\">Com o resultado a equipe de Frederico Westphalen est\u00e1 no 2\u00ba lugar no ranking geral da regi\u00e3o 5 e garantiu a classifica\u00e7\u00e3o para a final estadual em Santa Maria que ser\u00e1 realizada no m\u00eas de novembro e ir\u00e1 contar com as equipes campe\u00e3s de todas as regi\u00f5es do estado.<\/span><\/p>\n<p><span style=\"font-weight: 400;\">Ainda ser\u00e1 realizada mais uma Etapa regional que ir\u00e1 ocorrer em Frederico Westphalen,&nbsp; no gin\u00e1sio da AABB, no dia 19\/10 o naipe masculino e no dia 26\/10 o naipe feminino que contar\u00e1 com o apoio da Secretaria de Esportes, Juventude e Lazer.<\/span><\/p>\n<p>&nbsp;<\/p>","protected":false},"excerpt":{"rendered":"<p>No domingo, 14 de setembro, ocorreu a 5\u00aa Etapa da Liga Ga\u00facha de Voleibol em Sarandi\/RS com 4 equipes presentes na etapa. Na classificat\u00f3ria a AABB\/SEJL perdeu para o Ra\u00e7a de Erechim por 2&#215;1, venceu o SERCK de Esta\u00e7\u00e3o por 2&#215;0 e o SVC de Sarand\u00ed por 2&#215;1, classificando-se para a final. Na final derrota<\/p>\n<div class=\"read-more-wrapper\"><a class=\"read-more\" href=\"https:\/\/www2.comunitaria.com.br\/en\/volei-aabb-sejl-se-classifica-para-estadual-em-santa-maria\/\" title=\"Read More\"> <span class=\"button\">Read More<\/span><\/a><\/div>","protected":false},"author":2,"featured_media":70507,"comment_status":"closed","ping_status":"closed","sticky":false,"template":"","format":"standard","meta":{"ngg_post_thumbnail":0,"footnotes":""},"categories":[6188,7457],"tags":[],"class_list":["post-70506","post","type-post","status-publish","format-standard","has-post-thumbnail","hentry","category-esporte","category-fred-west-2"],"amp_enabled":true,"_links":{"self":[{"href":"https:\/\/www2.comunitaria.com.br\/en\/wp-json\/wp\/v2\/posts\/70506","targetHints":{"allow":["GET"]}}],"collection":[{"href":"https:\/\/www2.comunitaria.com.br\/en\/wp-json\/wp\/v2\/posts"}],"about":[{"href":"https:\/\/www2.comunitaria.com.br\/en\/wp-json\/wp\/v2\/types\/post"}],"author":[{"embeddable":true,"href":"https:\/\/www2.comunitaria.com.br\/en\/wp-json\/wp\/v2\/users\/2"}],"replies":[{"embeddable":true,"href":"https:\/\/www2.comunitaria.com.br\/en\/wp-json\/wp\/v2\/comments?post=70506"}],"version-history":[{"count":0,"href":"https:\/\/www2.comunitaria.com.br\/en\/wp-json\/wp\/v2\/posts\/70506\/revisions"}],"wp:featuredmedia":[{"embeddable":true,"href":"https:\/\/www2.comunitaria.com.br\/en\/wp-json\/wp\/v2\/media\/70507"}],"wp:attachment":[{"href":"https:\/\/www2.comunitaria.com.br\/en\/wp-json\/wp\/v2\/media?parent=70506"}],"wp:term":[{"taxonomy":"category","embeddable":true,"href":"https:\/\/www2.comunitaria.com.br\/en\/wp-json\/wp\/v2\/categories?post=70506"},{"taxonomy":"post_tag","embeddable":true,"href":"https:\/\/www2.comunitaria.com.br\/en\/wp-json\/wp\/v2\/tags?post=70506"}],"curies":[{"name":"wp","href":"https:\/\/api.w.org\/{rel}","templated":true}]}}