{"id":70467,"date":"2025-09-03T16:51:50","date_gmt":"2025-09-03T18:51:50","guid":{"rendered":"https:\/\/www2.comunitaria.com.br\/?p=70467"},"modified":"2025-09-03T16:51:50","modified_gmt":"2025-09-03T18:51:50","slug":"rodeio-bonito-recebe-palestra-sobre-saude-mental-e-prevencao-ao-suicidio-em-alusao-ao-setembro-amarelo","status":"publish","type":"post","link":"https:\/\/www2.comunitaria.com.br\/en\/rodeio-bonito-recebe-palestra-sobre-saude-mental-e-prevencao-ao-suicidio-em-alusao-ao-setembro-amarelo\/","title":{"rendered":"Rodeio Bonito recebe palestra sobre sa\u00fade mental e preven\u00e7\u00e3o ao suic\u00eddio em alus\u00e3o ao Setembro Amarelo"},"content":{"rendered":"<p><span style=\"font-weight: 400;\">Na \u00faltima ter\u00e7a-feira, 02 de setembro, a comunidade de Rodeio Bonito participou da palestra \u201cSa\u00fade Mental e Preven\u00e7\u00e3o ao Suic\u00eddio\u201d, realizada no Centro Cultural da cidade. Promovido pelo Sesc Frederico Westphalen, o encontro foi conduzido pelo escritor Pedro Guerra<\/span> <span style=\"font-weight: 400;\">e reuniu p\u00fablico diverso, que buscou dialogar e refletir sobre a import\u00e2ncia do cuidado com a sa\u00fade mental.<\/span><\/p>\n<p><span style=\"font-weight: 400;\">Com 160 participantes, a atividade integrou a campanha Setembro Amarelo, voltada \u00e0 valoriza\u00e7\u00e3o da vida e \u00e0 conscientiza\u00e7\u00e3o sobre a preven\u00e7\u00e3o ao suic\u00eddio. O evento foi uma realiza\u00e7\u00e3o conjunta do Centro de Refer\u00eancia de Assist\u00eancia Social (CRAS), da Prefeitura de Rodeio Bonito e do Sesc, refor\u00e7ando a import\u00e2ncia da uni\u00e3o de esfor\u00e7os para promover bem-estar e qualidade de vida \u00e0 comunidade.<\/span><\/p>\n<p>&nbsp;<\/p>\n<p>Fonte: SESC<\/p>","protected":false},"excerpt":{"rendered":"<p>Na \u00faltima ter\u00e7a-feira, 02 de setembro, a comunidade de Rodeio Bonito participou da palestra \u201cSa\u00fade Mental e Preven\u00e7\u00e3o ao Suic\u00eddio\u201d, realizada no Centro Cultural da cidade. Promovido pelo Sesc Frederico&#8230;<\/p>","protected":false},"author":2,"featured_media":0,"comment_status":"closed","ping_status":"closed","sticky":false,"template":"","format":"standard","meta":{"ngg_post_thumbnail":0,"footnotes":""},"categories":[43,7647],"tags":[],"class_list":["post-70467","post","type-post","status-publish","format-standard","hentry","category-regiao","category-sesc"],"amp_enabled":true,"_links":{"self":[{"href":"https:\/\/www2.comunitaria.com.br\/en\/wp-json\/wp\/v2\/posts\/70467","targetHints":{"allow":["GET"]}}],"collection":[{"href":"https:\/\/www2.comunitaria.com.br\/en\/wp-json\/wp\/v2\/posts"}],"about":[{"href":"https:\/\/www2.comunitaria.com.br\/en\/wp-json\/wp\/v2\/types\/post"}],"author":[{"embeddable":true,"href":"https:\/\/www2.comunitaria.com.br\/en\/wp-json\/wp\/v2\/users\/2"}],"replies":[{"embeddable":true,"href":"https:\/\/www2.comunitaria.com.br\/en\/wp-json\/wp\/v2\/comments?post=70467"}],"version-history":[{"count":0,"href":"https:\/\/www2.comunitaria.com.br\/en\/wp-json\/wp\/v2\/posts\/70467\/revisions"}],"wp:attachment":[{"href":"https:\/\/www2.comunitaria.com.br\/en\/wp-json\/wp\/v2\/media?parent=70467"}],"wp:term":[{"taxonomy":"category","embeddable":true,"href":"https:\/\/www2.comunitaria.com.br\/en\/wp-json\/wp\/v2\/categories?post=70467"},{"taxonomy":"post_tag","embeddable":true,"href":"https:\/\/www2.comunitaria.com.br\/en\/wp-json\/wp\/v2\/tags?post=70467"}],"curies":[{"name":"wp","href":"https:\/\/api.w.org\/{rel}","templated":true}]}}