{"id":70430,"date":"2025-08-22T14:58:40","date_gmt":"2025-08-22T16:58:40","guid":{"rendered":"https:\/\/www2.comunitaria.com.br\/?p=70430"},"modified":"2025-08-22T14:58:40","modified_gmt":"2025-08-22T16:58:40","slug":"estacionamento-rotativo-aefw-defende-foco-em-solucoes-durante-audiencia-publica","status":"publish","type":"post","link":"https:\/\/www2.comunitaria.com.br\/en\/estacionamento-rotativo-aefw-defende-foco-em-solucoes-durante-audiencia-publica\/","title":{"rendered":"Estacionamento rotativo: AEFW defende foco em solu\u00e7\u00f5es durante audi\u00eancia p\u00fablica"},"content":{"rendered":"<p><span style=\"font-weight: 400;\">O estacionamento rotativo \u00e9 uma demanda antiga de empres\u00e1rios e da comunidade, pois impacta diretamente no fluxo de ve\u00edculos no centro da cidade, facilitando o acesso dos consumidores e contribuindo para a organiza\u00e7\u00e3o do tr\u00e2nsito. Diante disso, foi realizada na \u00faltima quarta-feira, 20 de agosto, uma Audi\u00eancia P\u00fablica convocada pela C\u00e2mara de Vereadores para debater o Projeto de Lei N\u00ba 077\/2025, que institui o novo Sistema de Estacionamento Rotativo Pago em Frederico Westphalen.<\/span><\/p>\n<p><span style=\"font-weight: 400;\">A proposta apresentada pelo Executivo traz um modelo diferente do que j\u00e1 foi praticado no munic\u00edpio: em vez da concess\u00e3o, o sistema ser\u00e1 executado por meio de loca\u00e7\u00e3o. Essa mudan\u00e7a foi bem recebida pela classe empresarial e tamb\u00e9m pelos vereadores que, anteriormente, estiveram reunidos com a diretoria da AEFW na sede da entidade, quando o projeto foi detalhado pelo Executivo Municipal.<\/span><\/p>\n<p><span style=\"font-weight: 400;\">Durante a audi\u00eancia, parlamentares e comunidade apresentaram apontamentos e sugest\u00f5es, muitas delas consideradas relevantes para o aperfei\u00e7oamento do projeto. Esse \u00e9 justamente o papel de uma audi\u00eancia p\u00fablica: oportunizar o di\u00e1logo e o levantamento de contribui\u00e7\u00f5es que possam tornar a proposta mais clara e consistente.<\/span><\/p>\n<p><span style=\"font-weight: 400;\">O presidente da Comiss\u00e3o de Desenvolvimento Econ\u00f4mico, Fiscaliza\u00e7\u00e3o e Controle Or\u00e7ament\u00e1rio, vereador Leandro Mazzutti, destacou que \u201co projeto de lei apresenta falhas de ordem t\u00e9cnica, que precisam ser alteradas pelo Executivo Municipal\u201d. Na mesma linha, a presidente da C\u00e2mara, vereadora Marizete Frozzi, ressaltou que o Legislativo encaminhar\u00e1 ao Executivo Municipal a Ata da Audi\u00eancia P\u00fablica, contendo todas as sugest\u00f5es e apontamentos. \u201cIremos aguardar quais ser\u00e3o as medidas que o Poder Executivo ir\u00e1 adotar a partir do que foi pontuado na audi\u00eancia\u201d, afirmou.<\/span><\/p>\n<p><span style=\"font-weight: 400;\">Representando a classe empresarial, o presidente da AEFW, Alessandro Dal Piva, refor\u00e7ou a import\u00e2ncia de manter o foco em solu\u00e7\u00f5es: \u201cO que precisamos agora \u00e9 unir for\u00e7as em vez de apenas relatar erros ou apontar falhas do passado. Se, no entendimento dos vereadores, o projeto precisa de ajustes, o que de concreto precisa ser feito? Vamos trabalhar para que essas altera\u00e7\u00f5es ocorram, mas sem perder de vista que o objetivo maior \u00e9 atender a comunidade e oferecer um sistema eficiente.\u201d<\/span><\/p>\n<p>&nbsp;<\/p>\n<p><span style=\"font-weight: 400;\">Fonte: Assessoria AEFW<\/span><\/p>","protected":false},"excerpt":{"rendered":"<p>O estacionamento rotativo \u00e9 uma demanda antiga de empres\u00e1rios e da comunidade, pois impacta diretamente no fluxo de ve\u00edculos no centro da cidade, facilitando o acesso dos consumidores e contribuindo&#8230;<\/p>","protected":false},"author":2,"featured_media":70431,"comment_status":"closed","ping_status":"closed","sticky":false,"template":"","format":"standard","meta":{"ngg_post_thumbnail":0,"footnotes":""},"categories":[7639,7457],"tags":[],"class_list":["post-70430","post","type-post","status-publish","format-standard","has-post-thumbnail","hentry","category-aefw","category-fred-west-2"],"amp_enabled":true,"_links":{"self":[{"href":"https:\/\/www2.comunitaria.com.br\/en\/wp-json\/wp\/v2\/posts\/70430","targetHints":{"allow":["GET"]}}],"collection":[{"href":"https:\/\/www2.comunitaria.com.br\/en\/wp-json\/wp\/v2\/posts"}],"about":[{"href":"https:\/\/www2.comunitaria.com.br\/en\/wp-json\/wp\/v2\/types\/post"}],"author":[{"embeddable":true,"href":"https:\/\/www2.comunitaria.com.br\/en\/wp-json\/wp\/v2\/users\/2"}],"replies":[{"embeddable":true,"href":"https:\/\/www2.comunitaria.com.br\/en\/wp-json\/wp\/v2\/comments?post=70430"}],"version-history":[{"count":0,"href":"https:\/\/www2.comunitaria.com.br\/en\/wp-json\/wp\/v2\/posts\/70430\/revisions"}],"wp:featuredmedia":[{"embeddable":true,"href":"https:\/\/www2.comunitaria.com.br\/en\/wp-json\/wp\/v2\/media\/70431"}],"wp:attachment":[{"href":"https:\/\/www2.comunitaria.com.br\/en\/wp-json\/wp\/v2\/media?parent=70430"}],"wp:term":[{"taxonomy":"category","embeddable":true,"href":"https:\/\/www2.comunitaria.com.br\/en\/wp-json\/wp\/v2\/categories?post=70430"},{"taxonomy":"post_tag","embeddable":true,"href":"https:\/\/www2.comunitaria.com.br\/en\/wp-json\/wp\/v2\/tags?post=70430"}],"curies":[{"name":"wp","href":"https:\/\/api.w.org\/{rel}","templated":true}]}}