{"id":70381,"date":"2025-08-13T16:22:00","date_gmt":"2025-08-13T18:22:00","guid":{"rendered":"https:\/\/www2.comunitaria.com.br\/?p=70381"},"modified":"2025-08-13T16:22:00","modified_gmt":"2025-08-13T18:22:00","slug":"mateus-rodighero-faz-bate-papo-e-divulgacao-do-projeto-primeira-pauta-rbs-na-ufsm-fw","status":"publish","type":"post","link":"https:\/\/www2.comunitaria.com.br\/en\/mateus-rodighero-faz-bate-papo-e-divulgacao-do-projeto-primeira-pauta-rbs-na-ufsm-fw\/","title":{"rendered":"Mateus Rodighero faz bate-papo e divulga\u00e7\u00e3o do projeto Primeira Pauta RBS na UFSM\/FW"},"content":{"rendered":"<p><span style=\"font-weight: 400;\">Na manh\u00e3 de ter\u00e7a-feira, 12 de agosto, o Campus da Universidade Federal de Santa Maria em Frederico Westphalen (UFSM\/FW), atrav\u00e9s do curso de Jornalismo, recebeu a visita do jornalista Mateus Rodighero, do Grupo RBS, para um bate-papo com alunos do Curso sobre a profiss\u00e3o e para a divulga\u00e7\u00e3o do projeto Primeira Pauta RBS. A atividade foi realizada no Centro de Conviv\u00eancia do Campus.<\/span><\/p>\n<p><span style=\"font-weight: 400;\">Durante o encontro, Mateus falou sobre os desafios do Jornalista nos dias atuais e ressaltou a import\u00e2ncia de aproximar estudantes das rotinas e processos das reda\u00e7\u00f5es. <\/span><i><span style=\"font-weight: 400;\">\u201c<\/span><\/i><span style=\"font-weight: 400;\">Quanto antes o aluno conhecer as plataformas do Grupo RBS e a din\u00e2mica do jornalismo, mais preparado estar\u00e1 para o mercado. O Primeira Pauta \u00e9 justamente uma ponte entre a universidade e as reda\u00e7\u00f5es, oferecendo oportunidades em diferentes \u00e1reas, como r\u00e1dio e televis\u00e3o\u201d, afirmou.<\/span><\/p>\n<p>&nbsp;<\/p>\n<p><b>Primeira Pauta RBS<\/b><\/p>\n<p><span style=\"font-weight: 400;\">O Projeto Primeira Pauta RBS \u00e9 um Concurso promovido pela RBS desde 2009. Refor\u00e7ando a cren\u00e7a em um jornalismo integrado e multiplataforma, o projeto proporciona a cinco alunos a experi\u00eancia de uma semana de imers\u00e3o nas reda\u00e7\u00f5es do Grupo RBS, acompanhando a rotina de profissionais dos ve\u00edculos RBS TV, GZH, Zero Hora, Di\u00e1rio Ga\u00facho e r\u00e1dio Ga\u00facha. Ao final do processo, o aluno melhor avaliado poder\u00e1 ter a oportunidade de estagiar em um dos ve\u00edculos da empresa. As inscri\u00e7\u00f5es para o Primeira Pauta RBS est\u00e3o abertas para estudantes de Jornalismo do Rio Grande do Sul com mais de 18 anos e seguem at\u00e9 8 de setembro. Todas as informa\u00e7\u00f5es est\u00e3o dispon\u00edveis&nbsp; ao clicar <\/span><a href=\"https:\/\/www.gruporbs.com.br\/noticia\/9548\/estao-abertas-as-inscricoes-para-o-primeira-pauta-rbs\"><span style=\"font-weight: 400;\">aqu<\/span><\/a><span style=\"font-weight: 400;\">i.<\/span><\/p>\n<p>&nbsp;<\/p>\n<p><b>Sobre Mateus Rodighero<\/b><\/p>\n<p><span style=\"font-weight: 400;\">Mateus Rodighero \u00e9 jornalista com 20 anos de carreira. Formado pela Universidade de Passo Fundo, p\u00f3s-graduado (MBA) em Gest\u00e3o de Pessoas e Mestre em Letras. Atualmente \u00e9 editor chefe da Reda\u00e7\u00e3o Integrada do Grupo RBS em Passo Fundo e editor-chefe e apresentador do Jornal do Almo\u00e7o para as regi\u00f5es Norte e Noroeste do Rio Grande do Sul.<\/span><\/p>\n<p>&nbsp;<\/p>\n<p>&nbsp;<\/p>\n<p><i><span style=\"font-weight: 400;\">Fonte: Assessoria UFSM\/FW<\/span><\/i><\/p>\n<p>&nbsp;<\/p>","protected":false},"excerpt":{"rendered":"<p>Na manh\u00e3 de ter\u00e7a-feira, 12 de agosto, o Campus da Universidade Federal de Santa Maria em Frederico Westphalen (UFSM\/FW), atrav\u00e9s do curso de Jornalismo, recebeu a visita do jornalista Mateus&#8230;<\/p>","protected":false},"author":2,"featured_media":70382,"comment_status":"closed","ping_status":"closed","sticky":false,"template":"","format":"standard","meta":{"ngg_post_thumbnail":0,"footnotes":""},"categories":[46,7434],"tags":[],"class_list":["post-70381","post","type-post","status-publish","format-standard","has-post-thumbnail","hentry","category-estado","category-ufsm-fw"],"amp_enabled":true,"_links":{"self":[{"href":"https:\/\/www2.comunitaria.com.br\/en\/wp-json\/wp\/v2\/posts\/70381","targetHints":{"allow":["GET"]}}],"collection":[{"href":"https:\/\/www2.comunitaria.com.br\/en\/wp-json\/wp\/v2\/posts"}],"about":[{"href":"https:\/\/www2.comunitaria.com.br\/en\/wp-json\/wp\/v2\/types\/post"}],"author":[{"embeddable":true,"href":"https:\/\/www2.comunitaria.com.br\/en\/wp-json\/wp\/v2\/users\/2"}],"replies":[{"embeddable":true,"href":"https:\/\/www2.comunitaria.com.br\/en\/wp-json\/wp\/v2\/comments?post=70381"}],"version-history":[{"count":0,"href":"https:\/\/www2.comunitaria.com.br\/en\/wp-json\/wp\/v2\/posts\/70381\/revisions"}],"wp:featuredmedia":[{"embeddable":true,"href":"https:\/\/www2.comunitaria.com.br\/en\/wp-json\/wp\/v2\/media\/70382"}],"wp:attachment":[{"href":"https:\/\/www2.comunitaria.com.br\/en\/wp-json\/wp\/v2\/media?parent=70381"}],"wp:term":[{"taxonomy":"category","embeddable":true,"href":"https:\/\/www2.comunitaria.com.br\/en\/wp-json\/wp\/v2\/categories?post=70381"},{"taxonomy":"post_tag","embeddable":true,"href":"https:\/\/www2.comunitaria.com.br\/en\/wp-json\/wp\/v2\/tags?post=70381"}],"curies":[{"name":"wp","href":"https:\/\/api.w.org\/{rel}","templated":true}]}}