{"id":70366,"date":"2025-08-08T17:26:43","date_gmt":"2025-08-08T19:26:43","guid":{"rendered":"https:\/\/www2.comunitaria.com.br\/?p=70366"},"modified":"2025-08-08T17:26:43","modified_gmt":"2025-08-08T19:26:43","slug":"aefw-apresentara-reestruturacao-da-campanha-show-de-premios","status":"publish","type":"post","link":"https:\/\/www2.comunitaria.com.br\/en\/aefw-apresentara-reestruturacao-da-campanha-show-de-premios\/","title":{"rendered":"AEFW apresentar\u00e1 reestrutura\u00e7\u00e3o da Campanha Show de Pr\u00eamios"},"content":{"rendered":"<p><span style=\"font-weight: 400;\">Na pr\u00f3xima segunda-feira, dia 11 de agosto, a Associa\u00e7\u00e3o Empresarial ACI\/CDL de Frederico Westphalen (AEFW) ir\u00e1 realizar uma reuni\u00e3o especial com os associados \u00e0s 19h, no Sal\u00e3o Nobre da entidade. O objetivo \u00e9 apresentar as altera\u00e7\u00f5es no formato e novidades para a tradicional Campanha Show de Pr\u00eamios a todas as empresas associadas, tanto do com\u00e9rcio, como dos setores da ind\u00fastria e presta\u00e7\u00e3o de servi\u00e7o.<\/span><\/p>\n<p><span style=\"font-weight: 400;\">\u201cA campanha n\u00e3o vai mais acontecer do jeito que a comunidade conhece. Ser\u00e3o grandes novidades que pensamos especialmente para as empresas aumentarem ainda mais as vendas de fim de ano. Por isso, aguardamos todos os associados na reuni\u00e3o especial de apresenta\u00e7\u00e3o das novidades\u201d, destacou Alessandro Dal Piva, presidente da AEFW.<\/span><\/p>\n<p><span style=\"font-weight: 400;\">\u201cNesta edi\u00e7\u00e3o, as empresas associadas poder\u00e3o participar como apoiadoras colocando produtos e servi\u00e7os como pr\u00eamios instant\u00e2neos, o que aumenta significativamente o volume da premia\u00e7\u00e3o e a satisfa\u00e7\u00e3o dos clientes\u201d, explicou Caio Pivetta Rodrigues, diretor de Marketing da AEFW e da Coordena\u00e7\u00e3o da Campanha.<\/span><\/p>\n<p>&nbsp;<\/p>\n<p><b>Confirme sua presen\u00e7a<\/b><\/p>\n<p><span style=\"font-weight: 400;\">A reuni\u00e3o acontecer\u00e1 na pr\u00f3xima segunda-feira, 11 de agosto, \u00e0s 19h, no Sal\u00e3o Nobre da entidade. Para participar da reuni\u00e3o, a empresa associada deve confirmar presen\u00e7a (55) 93618-2623.<\/span><\/p>\n<p>&nbsp;<\/p>\n<p>&nbsp;<\/p>\n<p><span style=\"font-weight: 400;\">Fonte: Assessoria AEFW<\/span><\/p>\n<p>&nbsp;<\/p>","protected":false},"excerpt":{"rendered":"<p>Na pr\u00f3xima segunda-feira, dia 11 de agosto, a Associa\u00e7\u00e3o Empresarial ACI\/CDL de Frederico Westphalen (AEFW) ir\u00e1 realizar uma reuni\u00e3o especial com os associados \u00e0s 19h, no Sal\u00e3o Nobre da entidade. O objetivo \u00e9 apresentar as altera\u00e7\u00f5es no formato e novidades para a tradicional Campanha Show de Pr\u00eamios a todas as empresas associadas, tanto do com\u00e9rcio,<\/p>\n<div class=\"read-more-wrapper\"><a class=\"read-more\" href=\"https:\/\/www2.comunitaria.com.br\/en\/aefw-apresentara-reestruturacao-da-campanha-show-de-premios\/\" title=\"Read More\"> <span class=\"button\">Read More<\/span><\/a><\/div>","protected":false},"author":2,"featured_media":70367,"comment_status":"closed","ping_status":"closed","sticky":false,"template":"","format":"standard","meta":{"ngg_post_thumbnail":0,"footnotes":""},"categories":[7639,43],"tags":[],"class_list":["post-70366","post","type-post","status-publish","format-standard","has-post-thumbnail","hentry","category-aefw","category-regiao"],"amp_enabled":true,"_links":{"self":[{"href":"https:\/\/www2.comunitaria.com.br\/en\/wp-json\/wp\/v2\/posts\/70366","targetHints":{"allow":["GET"]}}],"collection":[{"href":"https:\/\/www2.comunitaria.com.br\/en\/wp-json\/wp\/v2\/posts"}],"about":[{"href":"https:\/\/www2.comunitaria.com.br\/en\/wp-json\/wp\/v2\/types\/post"}],"author":[{"embeddable":true,"href":"https:\/\/www2.comunitaria.com.br\/en\/wp-json\/wp\/v2\/users\/2"}],"replies":[{"embeddable":true,"href":"https:\/\/www2.comunitaria.com.br\/en\/wp-json\/wp\/v2\/comments?post=70366"}],"version-history":[{"count":0,"href":"https:\/\/www2.comunitaria.com.br\/en\/wp-json\/wp\/v2\/posts\/70366\/revisions"}],"wp:featuredmedia":[{"embeddable":true,"href":"https:\/\/www2.comunitaria.com.br\/en\/wp-json\/wp\/v2\/media\/70367"}],"wp:attachment":[{"href":"https:\/\/www2.comunitaria.com.br\/en\/wp-json\/wp\/v2\/media?parent=70366"}],"wp:term":[{"taxonomy":"category","embeddable":true,"href":"https:\/\/www2.comunitaria.com.br\/en\/wp-json\/wp\/v2\/categories?post=70366"},{"taxonomy":"post_tag","embeddable":true,"href":"https:\/\/www2.comunitaria.com.br\/en\/wp-json\/wp\/v2\/tags?post=70366"}],"curies":[{"name":"wp","href":"https:\/\/api.w.org\/{rel}","templated":true}]}}