{"id":70315,"date":"2025-07-25T10:12:47","date_gmt":"2025-07-25T12:12:47","guid":{"rendered":"https:\/\/www2.comunitaria.com.br\/?p=70315"},"modified":"2025-07-25T10:12:47","modified_gmt":"2025-07-25T12:12:47","slug":"40a-jai-acontece-de-3-a-7-de-novembro-na-ufsm","status":"publish","type":"post","link":"https:\/\/www2.comunitaria.com.br\/en\/40a-jai-acontece-de-3-a-7-de-novembro-na-ufsm\/","title":{"rendered":"40\u00aa JAI acontece de 3 a 7 de novembro na UFSM"},"content":{"rendered":"<p>A Universidade Federal de Santa Maria publicou o&nbsp;<a href=\"https:\/\/www.ufsm.br\/pro-reitorias\/prpgp\/jai\/editais\/028-2025\" target=\"_blank\" rel=\"noopener\" data-saferedirecturl=\"https:\/\/www.google.com\/url?q=https:\/\/www.ufsm.br\/pro-reitorias\/prpgp\/jai\/editais\/028-2025&amp;source=gmail&amp;ust=1753530871395000&amp;usg=AOvVaw1Jf5U3Rg9hpehM6qUScgnb\"><b>Edital 028\/2025<\/b><\/a>&nbsp;com as normas e diretrizes para a realiza\u00e7\u00e3o da 40\u00aa edi\u00e7\u00e3o da Jornada Acad\u00eamica Integrada (JAI). O evento ocorrer\u00e1 entre os dias 3 e 7 de novembro de 2025, integrando atividades de ensino, pesquisa, extens\u00e3o e inova\u00e7\u00e3o.<\/p>\n<p>A inscri\u00e7\u00e3o de trabalhos e de avaliadores volunt\u00e1rios estar\u00e1 aberta de 25 de julho at\u00e9 \u00e0s 17h do dia 29 de agosto, exclusivamente pelo&nbsp;<a href=\"http:\/\/ufsm.br\/jai\" target=\"_blank\" rel=\"noopener\" data-saferedirecturl=\"https:\/\/www.google.com\/url?q=http:\/\/ufsm.br\/jai&amp;source=gmail&amp;ust=1753530871395000&amp;usg=AOvVaw121wSzZIMDO3m64A7sr8q2\">site da JAI<\/a>. A submiss\u00e3o \u00e9 gratuita e aberta a estudantes da UFSM e de outras institui\u00e7\u00f5es, no caso da JAI Externos.<\/p>\n<p>A programa\u00e7\u00e3o da JAI inclui apresenta\u00e7\u00f5es nos formatos oral, banner e performativo, organizadas por \u00e1reas do conhecimento e distribu\u00eddas entre os diversos subeventos:<\/p>\n<ul>\n<li>40\u00ba Sal\u00e3o de Inicia\u00e7\u00e3o Cient\u00edfica<\/li>\n<li>20\u00ba Sal\u00e3o de Extens\u00e3o<\/li>\n<li>17\u00ba Sal\u00e3o de Ensino<\/li>\n<li>16\u00ba Sal\u00e3o de P\u00f3s-Gradua\u00e7\u00e3o<\/li>\n<li>9\u00aa JAI Externos<\/li>\n<li>7\u00aa JAI Jovem<\/li>\n<li>4\u00aa Maratona de Inova\u00e7\u00e3o<\/li>\n<li>4\u00aa JAI Mirim<\/li>\n<li>1\u00ba InteRSummit<\/li>\n<\/ul>\n<p>As atividades ser\u00e3o realizadas principalmente no Centro de Conven\u00e7\u00f5es, nos pr\u00e9dios 74A, B e C (CCSH), no pr\u00e9dio 44 (CCR) e no pr\u00e9dio 61H (Incubadora Pulsar\/InovaTec), no campus sede em Santa Maria. Apresenta\u00e7\u00f5es de estudantes dos campi de Cachoeira do Sul, Palmeira das Miss\u00f5es e Frederico Westphalen tamb\u00e9m est\u00e3o previstas e seguir\u00e3o programa\u00e7\u00f5es espec\u00edficas, a serem divulgadas no site da JAI.<\/p>\n<p>Al\u00e9m das apresenta\u00e7\u00f5es de trabalhos, a JAI contar\u00e1 com confer\u00eancias, oficinas, workshops e eventos sat\u00e9lites organizados por centros de ensino, grupos de pesquisa, laborat\u00f3rios e demais setores da Universidade.<\/p>\n<p>Os modelos de resumo, regras de submiss\u00e3o, formatos de apresenta\u00e7\u00e3o e demais informa\u00e7\u00f5es est\u00e3o dispon\u00edveis no&nbsp;<a href=\"http:\/\/www.ufsm.br\/jai\" target=\"_blank\" rel=\"noopener\" data-saferedirecturl=\"https:\/\/www.google.com\/url?q=http:\/\/www.ufsm.br\/jai&amp;source=gmail&amp;ust=1753530871395000&amp;usg=AOvVaw3zIePw7gul0WSUPrBPq6mu\">site do evento<\/a>.&nbsp;<\/p>\n<p>&nbsp;<\/p>","protected":false},"excerpt":{"rendered":"<p>A Universidade Federal de Santa Maria publicou o&nbsp;Edital 028\/2025&nbsp;com as normas e diretrizes para a realiza\u00e7\u00e3o da 40\u00aa edi\u00e7\u00e3o da Jornada Acad\u00eamica Integrada (JAI). O evento ocorrer\u00e1 entre os dias&#8230;<\/p>","protected":false},"author":2,"featured_media":70316,"comment_status":"closed","ping_status":"closed","sticky":false,"template":"","format":"standard","meta":{"ngg_post_thumbnail":0,"footnotes":""},"categories":[46,33,43],"tags":[],"class_list":["post-70315","post","type-post","status-publish","format-standard","has-post-thumbnail","hentry","category-estado","category-noticias","category-regiao"],"amp_enabled":true,"_links":{"self":[{"href":"https:\/\/www2.comunitaria.com.br\/en\/wp-json\/wp\/v2\/posts\/70315","targetHints":{"allow":["GET"]}}],"collection":[{"href":"https:\/\/www2.comunitaria.com.br\/en\/wp-json\/wp\/v2\/posts"}],"about":[{"href":"https:\/\/www2.comunitaria.com.br\/en\/wp-json\/wp\/v2\/types\/post"}],"author":[{"embeddable":true,"href":"https:\/\/www2.comunitaria.com.br\/en\/wp-json\/wp\/v2\/users\/2"}],"replies":[{"embeddable":true,"href":"https:\/\/www2.comunitaria.com.br\/en\/wp-json\/wp\/v2\/comments?post=70315"}],"version-history":[{"count":0,"href":"https:\/\/www2.comunitaria.com.br\/en\/wp-json\/wp\/v2\/posts\/70315\/revisions"}],"wp:featuredmedia":[{"embeddable":true,"href":"https:\/\/www2.comunitaria.com.br\/en\/wp-json\/wp\/v2\/media\/70316"}],"wp:attachment":[{"href":"https:\/\/www2.comunitaria.com.br\/en\/wp-json\/wp\/v2\/media?parent=70315"}],"wp:term":[{"taxonomy":"category","embeddable":true,"href":"https:\/\/www2.comunitaria.com.br\/en\/wp-json\/wp\/v2\/categories?post=70315"},{"taxonomy":"post_tag","embeddable":true,"href":"https:\/\/www2.comunitaria.com.br\/en\/wp-json\/wp\/v2\/tags?post=70315"}],"curies":[{"name":"wp","href":"https:\/\/api.w.org\/{rel}","templated":true}]}}