{"id":70304,"date":"2025-07-22T12:27:32","date_gmt":"2025-07-22T14:27:32","guid":{"rendered":"https:\/\/www2.comunitaria.com.br\/?p=70304"},"modified":"2025-07-22T12:27:32","modified_gmt":"2025-07-22T14:27:32","slug":"daniel-franco-deixa-o-comando-do-uniao-frederiquense","status":"publish","type":"post","link":"https:\/\/www2.comunitaria.com.br\/en\/daniel-franco-deixa-o-comando-do-uniao-frederiquense\/","title":{"rendered":"Daniel Franco deixa o comando do Uni\u00e3o Frederiquense"},"content":{"rendered":"<p>O t\u00e9cnico Daniel Franco n\u00e3o comanda mais o Uni\u00e3o Frederiquense. O pedido de desligamento partiu do pr\u00f3prio treinador ap\u00f3s uma sequ\u00eancia de cinco jogos sem vit\u00f3ria (duas derrotas e tr\u00eas empates).<\/p>\n<p>Com ele, tamb\u00e9m saem o auxiliar Marcelo Cupini e o preparador f\u00edsico Elbio.<\/p>\n<p>J\u00e1 sem chances de classifica\u00e7\u00e3o para a pr\u00f3xima fase e livre do risco de rebaixamento, o time apenas cumpre tabela nas duas \u00faltimas rodadas da Divis\u00e3o de Acesso. O pr\u00f3ximo jogo \u00e9 nesta quarta-feira, 23, contra o Inter-SM, em Santa Maria.<\/p>","protected":false},"excerpt":{"rendered":"<p>O t\u00e9cnico Daniel Franco n\u00e3o comanda mais o Uni\u00e3o Frederiquense. O pedido de desligamento partiu do pr\u00f3prio treinador ap\u00f3s uma sequ\u00eancia de cinco jogos sem vit\u00f3ria (duas derrotas e tr\u00eas empates). Com ele, tamb\u00e9m saem o auxiliar Marcelo Cupini e o preparador f\u00edsico Elbio. J\u00e1 sem chances de classifica\u00e7\u00e3o para a pr\u00f3xima fase e livre<\/p>\n<div class=\"read-more-wrapper\"><a class=\"read-more\" href=\"https:\/\/www2.comunitaria.com.br\/en\/daniel-franco-deixa-o-comando-do-uniao-frederiquense\/\" title=\"Read More\"> <span class=\"button\">Read More<\/span><\/a><\/div>","protected":false},"author":2,"featured_media":70305,"comment_status":"closed","ping_status":"closed","sticky":false,"template":"","format":"standard","meta":{"ngg_post_thumbnail":0,"footnotes":""},"categories":[28],"tags":[],"class_list":["post-70304","post","type-post","status-publish","format-standard","has-post-thumbnail","hentry","category-destaque"],"amp_enabled":true,"_links":{"self":[{"href":"https:\/\/www2.comunitaria.com.br\/en\/wp-json\/wp\/v2\/posts\/70304","targetHints":{"allow":["GET"]}}],"collection":[{"href":"https:\/\/www2.comunitaria.com.br\/en\/wp-json\/wp\/v2\/posts"}],"about":[{"href":"https:\/\/www2.comunitaria.com.br\/en\/wp-json\/wp\/v2\/types\/post"}],"author":[{"embeddable":true,"href":"https:\/\/www2.comunitaria.com.br\/en\/wp-json\/wp\/v2\/users\/2"}],"replies":[{"embeddable":true,"href":"https:\/\/www2.comunitaria.com.br\/en\/wp-json\/wp\/v2\/comments?post=70304"}],"version-history":[{"count":0,"href":"https:\/\/www2.comunitaria.com.br\/en\/wp-json\/wp\/v2\/posts\/70304\/revisions"}],"wp:featuredmedia":[{"embeddable":true,"href":"https:\/\/www2.comunitaria.com.br\/en\/wp-json\/wp\/v2\/media\/70305"}],"wp:attachment":[{"href":"https:\/\/www2.comunitaria.com.br\/en\/wp-json\/wp\/v2\/media?parent=70304"}],"wp:term":[{"taxonomy":"category","embeddable":true,"href":"https:\/\/www2.comunitaria.com.br\/en\/wp-json\/wp\/v2\/categories?post=70304"},{"taxonomy":"post_tag","embeddable":true,"href":"https:\/\/www2.comunitaria.com.br\/en\/wp-json\/wp\/v2\/tags?post=70304"}],"curies":[{"name":"wp","href":"https:\/\/api.w.org\/{rel}","templated":true}]}}