{"id":70292,"date":"2025-07-21T16:47:53","date_gmt":"2025-07-21T18:47:53","guid":{"rendered":"https:\/\/www2.comunitaria.com.br\/?p=70292"},"modified":"2025-07-21T16:47:53","modified_gmt":"2025-07-21T18:47:53","slug":"sesc-frederico-westphalen-promove-nova-edicao-do-projeto-vitrine-literaria","status":"publish","type":"post","link":"https:\/\/www2.comunitaria.com.br\/en\/sesc-frederico-westphalen-promove-nova-edicao-do-projeto-vitrine-literaria\/","title":{"rendered":"Sesc Frederico Westphalen promove nova edi\u00e7\u00e3o do projeto Vitrine Liter\u00e1ria"},"content":{"rendered":"<p><span style=\"font-weight: 400;\">Pelo Dia Nacional do Escritor, celebrado em 25 de julho, a Biblioteca do Sesc Frederico Westphalen vai realizar, entre os dias 25 de julho e 08 de agosto, a Vitrine Liter\u00e1ria \u201cEntre Letras e Brasilidades\u201d, um espa\u00e7o dedicado \u00e0 valoriza\u00e7\u00e3o da literatura nacional e autores brasileiros.&nbsp;<\/span><\/p>\n<p><span style=\"font-weight: 400;\">A a\u00e7\u00e3o contar\u00e1 com uma exposi\u00e7\u00e3o de obras, destacando autores ga\u00fachos e contempor\u00e2neos, com diversidade de estilos e g\u00eaneros. Como parte da ideia, ser\u00e1 montado um painel interativo, onde o p\u00fablico poder\u00e1 deixar bilhetes com suas frases, livros e autores brasileiros preferidos. A Biblioteca poder\u00e1 ser visitada de segunda a sexta-feira, das 8h \u00e0s 20h, e nos s\u00e1bados, das 8h \u00e0s 12h.&nbsp;<\/span><\/p>\n<p><span style=\"font-weight: 400;\">O projeto integra o calend\u00e1rio estadual do Sesc\/RS e busca refor\u00e7ar o h\u00e1bito da leitura, destacar novas vozes da literatura e fortalecer a presen\u00e7a da cultura local e nacional para os leitores. Mais informa\u00e7\u00f5es sobre o projeto podem ser obtidas diretamente com o Sesc, pelo telefone\/WhatsApp (55) 3744-7450.<\/span><\/p>\n<p>&nbsp;<\/p>\n<p><span style=\"font-weight: 400;\">Fonte: Assessoria Sesc\/FW<\/span><\/p>\n<h2>&nbsp;<\/h2>\n<p>&nbsp;<\/p>","protected":false},"excerpt":{"rendered":"<p>Pelo Dia Nacional do Escritor, celebrado em 25 de julho, a Biblioteca do Sesc Frederico Westphalen vai realizar, entre os dias 25 de julho e 08 de agosto, a Vitrine Liter\u00e1ria \u201cEntre Letras e Brasilidades\u201d, um espa\u00e7o dedicado \u00e0 valoriza\u00e7\u00e3o da literatura nacional e autores brasileiros.&nbsp; A a\u00e7\u00e3o contar\u00e1 com uma exposi\u00e7\u00e3o de obras, destacando<\/p>\n<div class=\"read-more-wrapper\"><a class=\"read-more\" href=\"https:\/\/www2.comunitaria.com.br\/en\/sesc-frederico-westphalen-promove-nova-edicao-do-projeto-vitrine-literaria\/\" title=\"Read More\"> <span class=\"button\">Read More<\/span><\/a><\/div>","protected":false},"author":2,"featured_media":70293,"comment_status":"closed","ping_status":"closed","sticky":false,"template":"","format":"standard","meta":{"ngg_post_thumbnail":0,"footnotes":""},"categories":[7457,33,43],"tags":[],"class_list":["post-70292","post","type-post","status-publish","format-standard","has-post-thumbnail","hentry","category-fred-west-2","category-noticias","category-regiao"],"amp_enabled":true,"_links":{"self":[{"href":"https:\/\/www2.comunitaria.com.br\/en\/wp-json\/wp\/v2\/posts\/70292","targetHints":{"allow":["GET"]}}],"collection":[{"href":"https:\/\/www2.comunitaria.com.br\/en\/wp-json\/wp\/v2\/posts"}],"about":[{"href":"https:\/\/www2.comunitaria.com.br\/en\/wp-json\/wp\/v2\/types\/post"}],"author":[{"embeddable":true,"href":"https:\/\/www2.comunitaria.com.br\/en\/wp-json\/wp\/v2\/users\/2"}],"replies":[{"embeddable":true,"href":"https:\/\/www2.comunitaria.com.br\/en\/wp-json\/wp\/v2\/comments?post=70292"}],"version-history":[{"count":0,"href":"https:\/\/www2.comunitaria.com.br\/en\/wp-json\/wp\/v2\/posts\/70292\/revisions"}],"wp:featuredmedia":[{"embeddable":true,"href":"https:\/\/www2.comunitaria.com.br\/en\/wp-json\/wp\/v2\/media\/70293"}],"wp:attachment":[{"href":"https:\/\/www2.comunitaria.com.br\/en\/wp-json\/wp\/v2\/media?parent=70292"}],"wp:term":[{"taxonomy":"category","embeddable":true,"href":"https:\/\/www2.comunitaria.com.br\/en\/wp-json\/wp\/v2\/categories?post=70292"},{"taxonomy":"post_tag","embeddable":true,"href":"https:\/\/www2.comunitaria.com.br\/en\/wp-json\/wp\/v2\/tags?post=70292"}],"curies":[{"name":"wp","href":"https:\/\/api.w.org\/{rel}","templated":true}]}}