{"id":70269,"date":"2025-07-16T16:33:21","date_gmt":"2025-07-16T18:33:21","guid":{"rendered":"https:\/\/www2.comunitaria.com.br\/?p=70269"},"modified":"2025-07-16T16:33:21","modified_gmt":"2025-07-16T18:33:21","slug":"buscando-melhoria-nos-precos-conab-anuncia-compra-de-ate-110-mil-toneladas-de-arroz","status":"publish","type":"post","link":"https:\/\/www2.comunitaria.com.br\/en\/buscando-melhoria-nos-precos-conab-anuncia-compra-de-ate-110-mil-toneladas-de-arroz\/","title":{"rendered":"Buscando melhoria nos pre\u00e7os Conab anuncia compra de at\u00e9 110 mil toneladas de arroz"},"content":{"rendered":"<p><span style=\"font-weight: 400;\">O presidente da Companhia Nacional de Abastecimento (Conab), Edegar Pretto, anunciou na manh\u00e3 desta ter\u00e7a-feira, 15 de julho, a contrata\u00e7\u00e3o de 110 mil toneladas de arroz para a forma\u00e7\u00e3o de estoque regulador e para estimular os produtores a plantarem a pr\u00f3xima safra.<\/span><\/p>\n<p><span style=\"font-weight: 400;\">Para viabilizar essa compra ser\u00e3o utilizados R$ 150 milh\u00f5es uma realoca\u00e7\u00e3o de recurso que estava disponibilizado para as Aquisi\u00e7\u00f5es do Governo Federal (AGF). \u201c \u00c9 um est\u00edmulo \u00e0 produ\u00e7\u00e3o, uma quest\u00e3o excepcional. No contrato de op\u00e7\u00e3o de venda, o produtor se habilita a essa venda e, se no final de agosto, avaliar que o mercado reagiu, pode optar em vender para o mercado\u201d, declarou o presidente da Conab, Edegar Pretto.<\/span><\/p>\n<p><span style=\"font-weight: 400;\">A negocia\u00e7\u00e3o para a medida foi aberta no in\u00edcio de junho, a partir de reuni\u00e3o realizada tamb\u00e9m na superintend\u00eancia da Conab no RS. Na ocasi\u00e3o, cogitou-se a ado\u00e7\u00e3o do contrato de op\u00e7\u00e3o de venda. Com isso, iniciou-se uma negocia\u00e7\u00e3o para viabilizar a realoca\u00e7\u00e3o dos recursos.<\/span><\/p>\n<p><span style=\"font-weight: 400;\">Voc\u00ea pode conferir a declara\u00e7\u00e3o de Edegar Pretto aqui.<\/span><\/p>\n<!--[if lt IE 9]><script>document.createElement('audio');<\/script><![endif]-->\n<audio class=\"wp-audio-shortcode\" id=\"audio-70269-1\" preload=\"none\" style=\"width: 100%;\" controls=\"controls\"><source type=\"audio\/mpeg\" src=\"http:\/\/www2.comunitaria.com.br\/wp-content\/uploads\/2025\/07\/Resumo-do-anuncio-presidente-da-Conab-Edegar-Pretto.mp3?_=1\" \/><a href=\"http:\/\/www2.comunitaria.com.br\/wp-content\/uploads\/2025\/07\/Resumo-do-anuncio-presidente-da-Conab-Edegar-Pretto.mp3\">http:\/\/www2.comunitaria.com.br\/wp-content\/uploads\/2025\/07\/Resumo-do-anuncio-presidente-da-Conab-Edegar-Pretto.mp3<\/a><\/audio>\n<p>&nbsp;<\/p>","protected":false},"excerpt":{"rendered":"<p>O presidente da Companhia Nacional de Abastecimento (Conab), Edegar Pretto, anunciou na manh\u00e3 desta ter\u00e7a-feira, 15 de julho, a contrata\u00e7\u00e3o de 110 mil toneladas de arroz para a forma\u00e7\u00e3o de estoque regulador e para estimular os produtores a plantarem a pr\u00f3xima safra. Para viabilizar essa compra ser\u00e3o utilizados R$ 150 milh\u00f5es uma realoca\u00e7\u00e3o de recurso<\/p>\n<div class=\"read-more-wrapper\"><a class=\"read-more\" href=\"https:\/\/www2.comunitaria.com.br\/en\/buscando-melhoria-nos-precos-conab-anuncia-compra-de-ate-110-mil-toneladas-de-arroz\/\" title=\"Read More\"> <span class=\"button\">Read More<\/span><\/a><\/div>","protected":false},"author":2,"featured_media":70270,"comment_status":"closed","ping_status":"closed","sticky":false,"template":"","format":"standard","meta":{"ngg_post_thumbnail":0,"footnotes":""},"categories":[6254,46,28],"tags":[],"class_list":["post-70269","post","type-post","status-publish","format-standard","has-post-thumbnail","hentry","category-agricultura","category-estado","category-destaque"],"amp_enabled":true,"_links":{"self":[{"href":"https:\/\/www2.comunitaria.com.br\/en\/wp-json\/wp\/v2\/posts\/70269","targetHints":{"allow":["GET"]}}],"collection":[{"href":"https:\/\/www2.comunitaria.com.br\/en\/wp-json\/wp\/v2\/posts"}],"about":[{"href":"https:\/\/www2.comunitaria.com.br\/en\/wp-json\/wp\/v2\/types\/post"}],"author":[{"embeddable":true,"href":"https:\/\/www2.comunitaria.com.br\/en\/wp-json\/wp\/v2\/users\/2"}],"replies":[{"embeddable":true,"href":"https:\/\/www2.comunitaria.com.br\/en\/wp-json\/wp\/v2\/comments?post=70269"}],"version-history":[{"count":0,"href":"https:\/\/www2.comunitaria.com.br\/en\/wp-json\/wp\/v2\/posts\/70269\/revisions"}],"wp:featuredmedia":[{"embeddable":true,"href":"https:\/\/www2.comunitaria.com.br\/en\/wp-json\/wp\/v2\/media\/70270"}],"wp:attachment":[{"href":"https:\/\/www2.comunitaria.com.br\/en\/wp-json\/wp\/v2\/media?parent=70269"}],"wp:term":[{"taxonomy":"category","embeddable":true,"href":"https:\/\/www2.comunitaria.com.br\/en\/wp-json\/wp\/v2\/categories?post=70269"},{"taxonomy":"post_tag","embeddable":true,"href":"https:\/\/www2.comunitaria.com.br\/en\/wp-json\/wp\/v2\/tags?post=70269"}],"curies":[{"name":"wp","href":"https:\/\/api.w.org\/{rel}","templated":true}]}}