{"id":70183,"date":"2025-06-24T17:02:17","date_gmt":"2025-06-24T19:02:17","guid":{"rendered":"https:\/\/www2.comunitaria.com.br\/?p=70183"},"modified":"2025-06-24T17:02:17","modified_gmt":"2025-06-24T19:02:17","slug":"cresol-completa-30-anos-e-celebra-crescimento","status":"publish","type":"post","link":"https:\/\/www2.comunitaria.com.br\/en\/cresol-completa-30-anos-e-celebra-crescimento\/","title":{"rendered":"Cresol completa 30 anos e celebra crescimento"},"content":{"rendered":"<p>&nbsp;<\/p>\n<p><span style=\"font-weight: 400;\">A Cresol celebra, no dia 24 de junho, 30 anos de compromisso com o desenvolvimento de seus cooperados e das comunidades onde atua. S\u00e3o tr\u00eas d\u00e9cadas que consolidaram a cooperativa como uma das maiores do Brasil, somando mais de 1 milh\u00e3o de cooperados.<\/span><\/p>\n<p><span style=\"font-weight: 400;\">O crescimento da Cresol vem especialmente da \u00faltima d\u00e9cada. O n\u00famero de cooperados aumentou em 225%, devido ao grande investimento na amplia\u00e7\u00e3o da base de atendimento, que passou a englobar p\u00fablicos urbanos e novos perfis de cooperados, al\u00e9m do tradicional v\u00ednculo com o meio rural.&nbsp;<\/span><\/p>\n<p><span style=\"font-weight: 400;\">\u201cTudo que conquistamos nesses 30 anos \u00e9 motivo de orgulho, e o que realmente nos diferencia \u00e9 a forma como crescemos: com responsabilidade, com parceria e olhando para o nosso cooperado, construindo um modelo financeiro que faz sentido para quem vive a realidade local\u201d, afirma Cledir Magri, presidente da Cresol Confedera\u00e7\u00e3o e Cresol Raiz.<\/span><\/p>\n<p>&nbsp;<\/p>\n<p><b>Desenvolvimento local<\/b><\/p>\n<p><span style=\"font-weight: 400;\">Nas comunidades, a contribui\u00e7\u00e3o impulsiona a economia, gera empregos, fortalece o v\u00ednculo comunit\u00e1rio e promove a\u00e7\u00f5es sociais e ambientais nas regi\u00f5es atendidas. Atualmente, a Cresol tem unidades de atendimento em 19 estados: s\u00e3o mais de 950 ag\u00eancias, cerca de 80% delas localizadas em munic\u00edpios com at\u00e9 50 mil habitantes.<\/span><\/p>\n<p><span style=\"font-weight: 400;\">\u201cCelebrar esse marco \u00e9, acima de tudo, renovar o compromisso com um futuro ainda mais cooperativo. A responsabilidade de uma institui\u00e7\u00e3o com a dimens\u00e3o da Cresol \u00e9 grande, mas ela cresce junto com o nosso prop\u00f3sito: gerar valor para as pessoas que atendemos\u201d, destaca Adriano Michelon, vice-presidente da Cresol Confedera\u00e7\u00e3o.<\/span><\/p>\n<p>&nbsp;<\/p>\n<p><b>Cooperativismo sustent\u00e1vel<\/b><\/p>\n<p><span style=\"font-weight: 400;\">Ao longo de sua trajet\u00f3ria, a Cresol vem incentivando e apoiando cooperados que investem em solu\u00e7\u00f5es sustent\u00e1veis. Uma carteira espec\u00edfica de Cr\u00e9dito Sustent\u00e1vel, que segue a Taxonomia Verde da Febraban, considera crit\u00e9rios socioambientais e clim\u00e1ticos em tr\u00eas frentes: Economia Verde, Exposi\u00e7\u00e3o ao Risco Ambiental e Setores de Alta ou Moderada Exposi\u00e7\u00e3o ao Risco Clim\u00e1tico.<\/span><\/p>\n<p><span style=\"font-weight: 400;\">\u201cEm 2025 e nos pr\u00f3ximos anos, nosso foco continuar\u00e1 sendo a expans\u00e3o sustent\u00e1vel, o fortalecimento do cr\u00e9dito para pequenos e m\u00e9dios empreendedores e a intensifica\u00e7\u00e3o da carteira verde\u201d, acrescenta Cledir Magri.<\/span><\/p>\n<p>&nbsp;<\/p>","protected":false},"excerpt":{"rendered":"<p>&nbsp; A Cresol celebra, no dia 24 de junho, 30 anos de compromisso com o desenvolvimento de seus cooperados e das comunidades onde atua. S\u00e3o tr\u00eas d\u00e9cadas que consolidaram a cooperativa como uma das maiores do Brasil, somando mais de 1 milh\u00e3o de cooperados. O crescimento da Cresol vem especialmente da \u00faltima d\u00e9cada. O n\u00famero<\/p>\n<div class=\"read-more-wrapper\"><a class=\"read-more\" href=\"https:\/\/www2.comunitaria.com.br\/en\/cresol-completa-30-anos-e-celebra-crescimento\/\" title=\"Read More\"> <span class=\"button\">Read More<\/span><\/a><\/div>","protected":false},"author":2,"featured_media":70184,"comment_status":"closed","ping_status":"closed","sticky":false,"template":"","format":"standard","meta":{"ngg_post_thumbnail":0,"footnotes":""},"categories":[6177,43],"tags":[],"class_list":["post-70183","post","type-post","status-publish","format-standard","has-post-thumbnail","hentry","category-cresol","category-regiao"],"amp_enabled":true,"_links":{"self":[{"href":"https:\/\/www2.comunitaria.com.br\/en\/wp-json\/wp\/v2\/posts\/70183","targetHints":{"allow":["GET"]}}],"collection":[{"href":"https:\/\/www2.comunitaria.com.br\/en\/wp-json\/wp\/v2\/posts"}],"about":[{"href":"https:\/\/www2.comunitaria.com.br\/en\/wp-json\/wp\/v2\/types\/post"}],"author":[{"embeddable":true,"href":"https:\/\/www2.comunitaria.com.br\/en\/wp-json\/wp\/v2\/users\/2"}],"replies":[{"embeddable":true,"href":"https:\/\/www2.comunitaria.com.br\/en\/wp-json\/wp\/v2\/comments?post=70183"}],"version-history":[{"count":0,"href":"https:\/\/www2.comunitaria.com.br\/en\/wp-json\/wp\/v2\/posts\/70183\/revisions"}],"wp:featuredmedia":[{"embeddable":true,"href":"https:\/\/www2.comunitaria.com.br\/en\/wp-json\/wp\/v2\/media\/70184"}],"wp:attachment":[{"href":"https:\/\/www2.comunitaria.com.br\/en\/wp-json\/wp\/v2\/media?parent=70183"}],"wp:term":[{"taxonomy":"category","embeddable":true,"href":"https:\/\/www2.comunitaria.com.br\/en\/wp-json\/wp\/v2\/categories?post=70183"},{"taxonomy":"post_tag","embeddable":true,"href":"https:\/\/www2.comunitaria.com.br\/en\/wp-json\/wp\/v2\/tags?post=70183"}],"curies":[{"name":"wp","href":"https:\/\/api.w.org\/{rel}","templated":true}]}}