{"id":70077,"date":"2025-05-29T17:45:04","date_gmt":"2025-05-29T19:45:04","guid":{"rendered":"https:\/\/www2.comunitaria.com.br\/?p=70077"},"modified":"2025-05-29T17:45:04","modified_gmt":"2025-05-29T19:45:04","slug":"cresol-mantem-representatividade-nas-diretorias-da-abde-e-confebras","status":"publish","type":"post","link":"https:\/\/www2.comunitaria.com.br\/en\/cresol-mantem-representatividade-nas-diretorias-da-abde-e-confebras\/","title":{"rendered":"Cresol mant\u00e9m representatividade nas diretorias da ABDE e Confebras"},"content":{"rendered":"<p><span style=\"font-weight: 400;\">Cledir Assisio Magri, presidente da Cresol Confedera\u00e7\u00e3o, foi reeleito para a diretoria da Associa\u00e7\u00e3o Brasileira de Desenvolvimento (ABDE). A elei\u00e7\u00e3o ocorreu no in\u00edcio de maio de 2025 e a posse foi realizada na quarta-feira, dia 28. Ainda no m\u00eas de abril, Cledir tamb\u00e9m foi reeleito para o Conselho de Administra\u00e7\u00e3o da Confedera\u00e7\u00e3o Brasileira das Cooperativas de Cr\u00e9dito (Confebras).<\/span><\/p>\n<p><span style=\"font-weight: 400;\">Para Cledir Magri, \u201cEstar nesses espa\u00e7os amplia nossa capacidade de contribuir com o fortalecimento do cooperativismo e com a constru\u00e7\u00e3o de pol\u00edticas p\u00fablicas que impulsionam o desenvolvimento regional\u201d, afirma.<\/span><\/p>\n<p><b>Atua\u00e7\u00e3o da ABDE<\/b><\/p>\n<p><span style=\"font-weight: 400;\">A ABDE congrega 34 institui\u00e7\u00f5es, incluindo bancos p\u00fablicos de desenvolvimento, ag\u00eancias de fomento, o Sebrae e a Finep. A associa\u00e7\u00e3o representa cerca de 45% da oferta de cr\u00e9dito no pa\u00eds e atua na formula\u00e7\u00e3o de pol\u00edticas voltadas ao desenvolvimento sustent\u00e1vel, inova\u00e7\u00e3o e fortalecimento de cadeias produtivas. A nova diretoria foi eleita em 7 de maio e ser\u00e1 presidida por Maria Fernanda Coelho, diretora do BNDES.<\/span><\/p>\n<p><b>Atua\u00e7\u00e3o da Confebras<\/b><\/p>\n<p><span style=\"font-weight: 400;\">Em 14 de abril, foi realizada em Bras\u00edlia (DF) a Assembleia Geral Ordin\u00e1ria (AGO) de 2025 da Confebras. A institui\u00e7\u00e3o tem como ideia fortalecer as lideran\u00e7as do cooperativismo de cr\u00e9dito. \u201cA nossa participa\u00e7\u00e3o \u00e9 uma grande responsabilidade e nos motiva a buscar o di\u00e1logo com as demais institui\u00e7\u00f5es, com os \u00f3rg\u00e3os reguladores\u201d, explica Cledir Magri.<\/span><\/p>","protected":false},"excerpt":{"rendered":"<p>Cledir Assisio Magri, presidente da Cresol Confedera\u00e7\u00e3o, foi reeleito para a diretoria da Associa\u00e7\u00e3o Brasileira de Desenvolvimento (ABDE). A elei\u00e7\u00e3o ocorreu no in\u00edcio de maio de 2025 e a posse foi realizada na quarta-feira, dia 28. Ainda no m\u00eas de abril, Cledir tamb\u00e9m foi reeleito para o Conselho de Administra\u00e7\u00e3o da Confedera\u00e7\u00e3o Brasileira das Cooperativas<\/p>\n<div class=\"read-more-wrapper\"><a class=\"read-more\" href=\"https:\/\/www2.comunitaria.com.br\/en\/cresol-mantem-representatividade-nas-diretorias-da-abde-e-confebras\/\" title=\"Read More\"> <span class=\"button\">Read More<\/span><\/a><\/div>","protected":false},"author":2,"featured_media":0,"comment_status":"closed","ping_status":"closed","sticky":false,"template":"","format":"standard","meta":{"ngg_post_thumbnail":0,"footnotes":""},"categories":[6177,33,43],"tags":[],"class_list":["post-70077","post","type-post","status-publish","format-standard","hentry","category-cresol","category-noticias","category-regiao"],"amp_enabled":true,"_links":{"self":[{"href":"https:\/\/www2.comunitaria.com.br\/en\/wp-json\/wp\/v2\/posts\/70077","targetHints":{"allow":["GET"]}}],"collection":[{"href":"https:\/\/www2.comunitaria.com.br\/en\/wp-json\/wp\/v2\/posts"}],"about":[{"href":"https:\/\/www2.comunitaria.com.br\/en\/wp-json\/wp\/v2\/types\/post"}],"author":[{"embeddable":true,"href":"https:\/\/www2.comunitaria.com.br\/en\/wp-json\/wp\/v2\/users\/2"}],"replies":[{"embeddable":true,"href":"https:\/\/www2.comunitaria.com.br\/en\/wp-json\/wp\/v2\/comments?post=70077"}],"version-history":[{"count":0,"href":"https:\/\/www2.comunitaria.com.br\/en\/wp-json\/wp\/v2\/posts\/70077\/revisions"}],"wp:attachment":[{"href":"https:\/\/www2.comunitaria.com.br\/en\/wp-json\/wp\/v2\/media?parent=70077"}],"wp:term":[{"taxonomy":"category","embeddable":true,"href":"https:\/\/www2.comunitaria.com.br\/en\/wp-json\/wp\/v2\/categories?post=70077"},{"taxonomy":"post_tag","embeddable":true,"href":"https:\/\/www2.comunitaria.com.br\/en\/wp-json\/wp\/v2\/tags?post=70077"}],"curies":[{"name":"wp","href":"https:\/\/api.w.org\/{rel}","templated":true}]}}