{"id":70053,"date":"2025-05-21T09:59:26","date_gmt":"2025-05-21T11:59:26","guid":{"rendered":"https:\/\/www2.comunitaria.com.br\/?p=70053"},"modified":"2025-05-21T09:59:26","modified_gmt":"2025-05-21T11:59:26","slug":"cerca-de-19-milhoes-nao-enviaram-declaracao-do-ir-a-dez-dias-do-prazo","status":"publish","type":"post","link":"https:\/\/www2.comunitaria.com.br\/en\/cerca-de-19-milhoes-nao-enviaram-declaracao-do-ir-a-dez-dias-do-prazo\/","title":{"rendered":"Cerca de 19 milh\u00f5es n\u00e3o enviaram declara\u00e7\u00e3o do IR a dez dias do prazo"},"content":{"rendered":"<p>A dez dias do fim do prazo,&nbsp;<strong>cerca de 19 milh\u00f5es de contribuintes ainda n\u00e3o acertaram as contas com o Fisco<\/strong>. At\u00e9 as 17h desta ter\u00e7a-feira (20), 27.448.777&nbsp;contribuintes enviaram a Declara\u00e7\u00e3o Imposto de Renda Pessoa F\u00edsica 2025 (IRPF) \u00e0 Receita Federal. O n\u00famero equivale a 59,41% do total esperado para este ano.<img decoding=\"async\" src=\"https:\/\/agenciabrasil.ebc.com.br\/ebc.png?id=1643371&amp;o=node\"><img decoding=\"async\" src=\"https:\/\/agenciabrasil.ebc.com.br\/ebc.gif?id=1643371&amp;o=node\"><\/p>\n<p>Segundo a Receita Federal,&nbsp;<strong>64,4% das declara\u00e7\u00f5es entregues at\u00e9 agora ter\u00e3o direito a receber restitui\u00e7\u00e3o<\/strong>, enquanto 19,4% ter\u00e3o que pagar Imposto de Renda e 16,2% n\u00e3o t\u00eam imposto a pagar nem a receber. A maioria dos documentos foi preenchida a partir do programa de computador (83,4%), mas 10,9% dos contribuintes recorrem ao preenchimento on-line, que deixa o rascunho da declara\u00e7\u00e3o salvo nos computadores do Fisco (nuvem da Receita), e 5,7% declaram pelo aplicativo Meu Imposto de Renda para smartphones e tablets.<\/p>\n<p>Um total de 48,1% dos contribuintes que entregaram o documento \u00e0 Receita Federal usaram a declara\u00e7\u00e3o pr\u00e9-preenchida, por meio da qual o declarante baixa uma vers\u00e3o preliminar do documento, bastando confirmar as informa\u00e7\u00f5es ou retificar os dados. A op\u00e7\u00e3o de desconto simplificado representa 56,4% dos envios.<\/p>\n<p>Desde 1\u00ba de abril, a declara\u00e7\u00e3o pr\u00e9-preenchida passou a ser baixada com todos os dados dispon\u00edveis. O abastecimento dos dados da declara\u00e7\u00e3o pr\u00e9-preenchida atrasou neste ano por causa da greve dos auditores fiscais da Receita.<\/p>\n<p>O prazo para entregar a declara\u00e7\u00e3o come\u00e7ou em 17 de mar\u00e7o e termina \u00e0s 23h59 do dia de 30 de maio. O&nbsp;<a href=\"https:\/\/www.gov.br\/receitafederal\/pt-br\" target=\"_blank\" rel=\"noopener\">programa gerador da declara\u00e7<\/a>\u00e3<a href=\"https:\/\/www.gov.br\/receitafederal\/pt-br\" target=\"_blank\" rel=\"noopener\">o<\/a>&nbsp;est\u00e1 dispon\u00edvel desde 13 de mar\u00e7o.<\/p>\n<p>A&nbsp;<strong>Receita Federal espera receber 46,2 milh\u00f5es de declara\u00e7\u00f5es do Imposto de Renda da Pessoa F\u00edsica este ano<\/strong>, o que representar\u00e1 um acr\u00e9scimo de quase 7%, na compara\u00e7\u00e3o com 2024, quando foram entregues 43,2 milh\u00f5es de declara\u00e7\u00f5es.<\/p>\n<p>As pessoas f\u00edsicas que receberam rendimentos tribut\u00e1veis acima de R$ 33.888, assim como aquelas que obtiveram receita bruta da atividade rural acima de R$ 169.440, s\u00e3o obrigadas a declarar. As pessoas que receberam at\u00e9 dois sal\u00e1rios m\u00ednimos mensais durante 2024 est\u00e3o dispensadas de fazer a declara\u00e7\u00e3o, salvo se se enquadrarem em outro crit\u00e9rio de obrigatoriedade.<\/p>","protected":false},"excerpt":{"rendered":"<p>A dez dias do fim do prazo,&nbsp;cerca de 19 milh\u00f5es de contribuintes ainda n\u00e3o acertaram as contas com o Fisco. At\u00e9 as 17h desta ter\u00e7a-feira (20), 27.448.777&nbsp;contribuintes enviaram a Declara\u00e7\u00e3o&#8230;<\/p>","protected":false},"author":2,"featured_media":0,"comment_status":"closed","ping_status":"closed","sticky":false,"template":"","format":"standard","meta":{"ngg_post_thumbnail":0,"footnotes":""},"categories":[28],"tags":[],"class_list":["post-70053","post","type-post","status-publish","format-standard","hentry","category-destaque"],"amp_enabled":true,"_links":{"self":[{"href":"https:\/\/www2.comunitaria.com.br\/en\/wp-json\/wp\/v2\/posts\/70053","targetHints":{"allow":["GET"]}}],"collection":[{"href":"https:\/\/www2.comunitaria.com.br\/en\/wp-json\/wp\/v2\/posts"}],"about":[{"href":"https:\/\/www2.comunitaria.com.br\/en\/wp-json\/wp\/v2\/types\/post"}],"author":[{"embeddable":true,"href":"https:\/\/www2.comunitaria.com.br\/en\/wp-json\/wp\/v2\/users\/2"}],"replies":[{"embeddable":true,"href":"https:\/\/www2.comunitaria.com.br\/en\/wp-json\/wp\/v2\/comments?post=70053"}],"version-history":[{"count":0,"href":"https:\/\/www2.comunitaria.com.br\/en\/wp-json\/wp\/v2\/posts\/70053\/revisions"}],"wp:attachment":[{"href":"https:\/\/www2.comunitaria.com.br\/en\/wp-json\/wp\/v2\/media?parent=70053"}],"wp:term":[{"taxonomy":"category","embeddable":true,"href":"https:\/\/www2.comunitaria.com.br\/en\/wp-json\/wp\/v2\/categories?post=70053"},{"taxonomy":"post_tag","embeddable":true,"href":"https:\/\/www2.comunitaria.com.br\/en\/wp-json\/wp\/v2\/tags?post=70053"}],"curies":[{"name":"wp","href":"https:\/\/api.w.org\/{rel}","templated":true}]}}