{"id":70028,"date":"2025-05-16T11:52:06","date_gmt":"2025-05-16T13:52:06","guid":{"rendered":"https:\/\/www2.comunitaria.com.br\/?p=70028"},"modified":"2025-05-16T11:52:06","modified_gmt":"2025-05-16T13:52:06","slug":"governo-do-rio-grande-do-sul-foco-de-influenza-aviaria-e-confirmado-no-rs","status":"publish","type":"post","link":"https:\/\/www2.comunitaria.com.br\/en\/governo-do-rio-grande-do-sul-foco-de-influenza-aviaria-e-confirmado-no-rs\/","title":{"rendered":"Governo do Rio Grande do Sul: Foco de Influenza Avi\u00e1ria \u00e9 confirmado no RS"},"content":{"rendered":"<p>O Departamento de Vigil\u00e2ncia e Defesa Sanit\u00e1ria Animal (DDA), da Secretaria da Agricultura, Pecu\u00e1ria, Produ\u00e7\u00e3o Sustent\u00e1vel e Irriga\u00e7\u00e3o (Seapi) do Governo do Rio Grande do Sul, atendeu a suspeita de s\u00edndrome respirat\u00f3ria e nervosa de aves, no dia 12 de maio, em estabelecimento av\u00edcola de reprodu\u00e7\u00e3o, em Montenegro. As amostras foram coletadas e encaminhadas ao Laborat\u00f3rio Federal de Diagn\u00f3stico Agropecu\u00e1rio, em Campinas (SP), que confirmou o diagn\u00f3stico de Influenza Avi\u00e1ria de Alta Patogenicidade (H5N1) nesta sexta-feira (16\/5).<\/p>\n<div id=\"page\">\n<div class=\"wrapper container content-container\">\n<section id=\"content\">\n<div class=\"content sem-video sem-materia\">\n<div class=\"materia\">\n<p>Com a confirma\u00e7\u00e3o do foco, o Servi\u00e7o Veterin\u00e1rio Oficial do RS (SVO-RS) desencadeou as a\u00e7\u00f5es previstas no Plano Nacional de Conting\u00eancia de Influenza Avi\u00e1ria, com isolamento da \u00e1rea em Montenegro e elimina\u00e7\u00e3o das aves restantes, para que seja iniciado o protocolo de saneamento da granja. Ser\u00e1 conduzida investiga\u00e7\u00e3o complementar em raio inicial de 10 km da \u00e1rea de ocorr\u00eancia do foco, e de poss\u00edveis v\u00ednculos com outras propriedades. A mortalidade de aves no Zool\u00f3gico de Sapucaia do Sul, que est\u00e1 fechado para visita\u00e7\u00e3o, tamb\u00e9m foi atendida e a Seapi aguarda o resultado do sequenciamento.<\/p>\n<p>O SVO-RS refor\u00e7a que o consumo de carne de aves e ovos armazenados em casa ou em pontos de venda \u00e9 seguro, j\u00e1 que a doen\u00e7a n\u00e3o \u00e9 transmitida por meio do consumo. A popula\u00e7\u00e3o pode se manter segura, n\u00e3o havendo qualquer restri\u00e7\u00e3o ao seu consumo.<\/p>\n<p><strong>Sobre a Influenza Avi\u00e1ria<\/strong><\/p>\n<p>A influenza avi\u00e1ria, tamb\u00e9m conhecida como gripe avi\u00e1ria, \u00e9 uma doen\u00e7a viral altamente contagiosa que afeta, principalmente, aves silvestres e dom\u00e9sticas, mas tamb\u00e9m pode acometer humanos, mas o risco \u00e9 baixo.<\/p>\n<p>Entre os principais sintomas apresentados nas aves est\u00e3o dificuldade respirat\u00f3ria; secre\u00e7\u00e3o nasal ou ocular; espirros; incoordena\u00e7\u00e3o motora; torcicolo; diarreia; e alta mortalidade.<\/p>\n<p>Todas as suspeitas de influenza avi\u00e1ria, que incluem sinais respirat\u00f3rios, neurol\u00f3gicos ou mortalidade alta e s\u00fabita em aves devem ser notificadas imediatamente \u00e0 Secretaria da Agricultura atrav\u00e9s da Inspetoria de Defesa Agropecu\u00e1ria mais pr\u00f3xima ou pelo WhatsApp (51) 98445-2033.<\/p>\n<\/div>\n<\/div>\n<div class=\"toolbar\">\n<div class=\"addthis_sharing_toolbox\">&nbsp;<\/div>\n<\/div>\n<div id=\"newsletter\">\n<div class=\"wrapper\">&nbsp;<\/div>\n<\/div>\n<\/section>\n<\/div>\n<\/div>\n<div id=\"fb-root\" class=\"fb_reset\">\n<div>\n<div>&nbsp;<\/div>\n<\/div>\n<\/div>","protected":false},"excerpt":{"rendered":"<p>O Departamento de Vigil\u00e2ncia e Defesa Sanit\u00e1ria Animal (DDA), da Secretaria da Agricultura, Pecu\u00e1ria, Produ\u00e7\u00e3o Sustent\u00e1vel e Irriga\u00e7\u00e3o (Seapi) do Governo do Rio Grande do Sul, atendeu a suspeita de s\u00edndrome respirat\u00f3ria e nervosa de aves, no dia 12 de maio, em estabelecimento av\u00edcola de reprodu\u00e7\u00e3o, em Montenegro. As amostras foram coletadas e encaminhadas ao<\/p>\n<div class=\"read-more-wrapper\"><a class=\"read-more\" href=\"https:\/\/www2.comunitaria.com.br\/en\/governo-do-rio-grande-do-sul-foco-de-influenza-aviaria-e-confirmado-no-rs\/\" title=\"Read More\"> <span class=\"button\">Read More<\/span><\/a><\/div>","protected":false},"author":2,"featured_media":0,"comment_status":"closed","ping_status":"closed","sticky":false,"template":"","format":"standard","meta":{"ngg_post_thumbnail":0,"footnotes":""},"categories":[6254,46,28,33],"tags":[7470,1192],"class_list":["post-70028","post","type-post","status-publish","format-standard","hentry","category-agricultura","category-estado","category-destaque","category-noticias","tag-influenza-aviaria","tag-rio-grande-do-sul"],"amp_enabled":true,"_links":{"self":[{"href":"https:\/\/www2.comunitaria.com.br\/en\/wp-json\/wp\/v2\/posts\/70028","targetHints":{"allow":["GET"]}}],"collection":[{"href":"https:\/\/www2.comunitaria.com.br\/en\/wp-json\/wp\/v2\/posts"}],"about":[{"href":"https:\/\/www2.comunitaria.com.br\/en\/wp-json\/wp\/v2\/types\/post"}],"author":[{"embeddable":true,"href":"https:\/\/www2.comunitaria.com.br\/en\/wp-json\/wp\/v2\/users\/2"}],"replies":[{"embeddable":true,"href":"https:\/\/www2.comunitaria.com.br\/en\/wp-json\/wp\/v2\/comments?post=70028"}],"version-history":[{"count":0,"href":"https:\/\/www2.comunitaria.com.br\/en\/wp-json\/wp\/v2\/posts\/70028\/revisions"}],"wp:attachment":[{"href":"https:\/\/www2.comunitaria.com.br\/en\/wp-json\/wp\/v2\/media?parent=70028"}],"wp:term":[{"taxonomy":"category","embeddable":true,"href":"https:\/\/www2.comunitaria.com.br\/en\/wp-json\/wp\/v2\/categories?post=70028"},{"taxonomy":"post_tag","embeddable":true,"href":"https:\/\/www2.comunitaria.com.br\/en\/wp-json\/wp\/v2\/tags?post=70028"}],"curies":[{"name":"wp","href":"https:\/\/api.w.org\/{rel}","templated":true}]}}