{"id":70016,"date":"2025-05-16T10:15:07","date_gmt":"2025-05-16T12:15:07","guid":{"rendered":"https:\/\/www2.comunitaria.com.br\/?p=70016"},"modified":"2025-05-16T10:15:07","modified_gmt":"2025-05-16T12:15:07","slug":"obras-de-pavimentacao-da-estrada-municipal-santo-caeran-serao-retomadas","status":"publish","type":"post","link":"https:\/\/www2.comunitaria.com.br\/en\/obras-de-pavimentacao-da-estrada-municipal-santo-caeran-serao-retomadas\/","title":{"rendered":"Obras de pavimenta\u00e7\u00e3o da Estrada Municipal Santo Caeran ser\u00e3o retomadas"},"content":{"rendered":"<p>Na pr\u00f3xima segunda-feira, dia 19 de maio, a Admnistra\u00e7\u00e3o Municipal dar\u00e1 in\u00edcio \u00e0 retomada das obras de pavimenta\u00e7\u00e3o da Estrada Municipal Santo Caeran, uma das principais vias de acesso \u00e0 comunidade da Linha Faguense. As interven\u00e7\u00f5es, que devem durar cerca de 60 dias, v\u00e3o impactar significativamente o tr\u00e2nsito local, exigindo aten\u00e7\u00e3o e paci\u00eancia por parte da popula\u00e7\u00e3o.<br \/>\nA obra ser\u00e1 executada pela empresa vencedora da licita\u00e7\u00e3o e estava paralisada desde o in\u00edcio do ano. Segundo a administra\u00e7\u00e3o municipal, a pausa ocorreu ap\u00f3s a identifica\u00e7\u00e3o de falhas no projeto anterior, especialmente relacionadas ao sistema de drenagem da via. Agora, com o projeto reestruturado e um investimento adicional de aproximadamente R$ 300 mil, a estrada ser\u00e1 finalmente requalificada com toda a infraestrutura necess\u00e1ria.<br \/>\nO prefeito Orlando Girardi ressalta que a obra nunca foi descartada, mas que era fundamental revisar o projeto para evitar problemas futuros. \u201cEssa estrada \u00e9 usada diariamente por muitos moradores e merece uma pavimenta\u00e7\u00e3o de qualidade. Os R$ 300 mil que estamos investindo agora n\u00e3o estavam previstos inicialmente, mas s\u00e3o essenciais para garantir durabilidade e seguran\u00e7a. Estamos fazendo do jeito certo\u201d, afirmou o prefeito.<br \/>\nApesar dos transtornos tempor\u00e1rios, a Prefeitura destaca que os benef\u00edcios da obra ser\u00e3o duradouros. A nova pavimenta\u00e7\u00e3o deve garantir melhores condi\u00e7\u00f5es de tr\u00e1fego, seguran\u00e7a e valoriza\u00e7\u00e3o da regi\u00e3o.<br \/>\n\u201cSabemos que toda obra gera desconforto, mas pedimos a compreens\u00e3o da popula\u00e7\u00e3o. Estamos investindo em uma melhoria necess\u00e1ria e que trar\u00e1 resultados positivos para todos\u201d, concluiu o prefeito.<br \/>\nA expectativa \u00e9 de que, com a colabora\u00e7\u00e3o da comunidade e tempo favor\u00e1vel, a obra seja conclu\u00edda dentro de 60 a 90 dias.<\/p>\n<p><strong>Tr\u00e2nsito interrompido: aten\u00e7\u00e3o redobrada<\/strong><\/p>\n<p>Durante o per\u00edodo das obras, o tr\u00e2nsito ser\u00e1 interrompido nos acessos pela Escola Jos\u00e9 Ca\u00f1ellas (Bairro Itapag\u00e9) e pelo CTG Rodeio da Quer\u00eancia (Bairro Aparecida). A passagem ser\u00e1 permitida somente para moradores das proximidades. A Prefeitura estima que os transtornos durem at\u00e9 dois meses, dependendo das condi\u00e7\u00f5es clim\u00e1ticas.<br \/>\nComo rota alternativa, a administra\u00e7\u00e3o orienta que o deslocamento em dire\u00e7\u00e3o \u00e0 UFSM e ao IFFAR seja feito exclusivamente pela BR-386, com acesso pela Linha Sete de Setembro, pr\u00f3ximo \u00e0 empresa Agrobella Alimentos.<\/p>","protected":false},"excerpt":{"rendered":"<p>Na pr\u00f3xima segunda-feira, dia 19 de maio, a Admnistra\u00e7\u00e3o Municipal dar\u00e1 in\u00edcio \u00e0 retomada das obras de pavimenta\u00e7\u00e3o da Estrada Municipal Santo Caeran, uma das principais vias de acesso \u00e0 comunidade da Linha Faguense. As interven\u00e7\u00f5es, que devem durar cerca de 60 dias, v\u00e3o impactar significativamente o tr\u00e2nsito local, exigindo aten\u00e7\u00e3o e paci\u00eancia por parte<\/p>\n<div class=\"read-more-wrapper\"><a class=\"read-more\" href=\"https:\/\/www2.comunitaria.com.br\/en\/obras-de-pavimentacao-da-estrada-municipal-santo-caeran-serao-retomadas\/\" title=\"Read More\"> <span class=\"button\">Read More<\/span><\/a><\/div>","protected":false},"author":2,"featured_media":0,"comment_status":"closed","ping_status":"closed","sticky":false,"template":"","format":"standard","meta":{"ngg_post_thumbnail":0,"footnotes":""},"categories":[42,28,33],"tags":[82],"class_list":["post-70016","post","type-post","status-publish","format-standard","hentry","category-fred-west","category-destaque","category-noticias","tag-frederico-westphalen"],"amp_enabled":true,"_links":{"self":[{"href":"https:\/\/www2.comunitaria.com.br\/en\/wp-json\/wp\/v2\/posts\/70016","targetHints":{"allow":["GET"]}}],"collection":[{"href":"https:\/\/www2.comunitaria.com.br\/en\/wp-json\/wp\/v2\/posts"}],"about":[{"href":"https:\/\/www2.comunitaria.com.br\/en\/wp-json\/wp\/v2\/types\/post"}],"author":[{"embeddable":true,"href":"https:\/\/www2.comunitaria.com.br\/en\/wp-json\/wp\/v2\/users\/2"}],"replies":[{"embeddable":true,"href":"https:\/\/www2.comunitaria.com.br\/en\/wp-json\/wp\/v2\/comments?post=70016"}],"version-history":[{"count":0,"href":"https:\/\/www2.comunitaria.com.br\/en\/wp-json\/wp\/v2\/posts\/70016\/revisions"}],"wp:attachment":[{"href":"https:\/\/www2.comunitaria.com.br\/en\/wp-json\/wp\/v2\/media?parent=70016"}],"wp:term":[{"taxonomy":"category","embeddable":true,"href":"https:\/\/www2.comunitaria.com.br\/en\/wp-json\/wp\/v2\/categories?post=70016"},{"taxonomy":"post_tag","embeddable":true,"href":"https:\/\/www2.comunitaria.com.br\/en\/wp-json\/wp\/v2\/tags?post=70016"}],"curies":[{"name":"wp","href":"https:\/\/api.w.org\/{rel}","templated":true}]}}