{"id":70008,"date":"2025-05-15T17:26:45","date_gmt":"2025-05-15T19:26:45","guid":{"rendered":"https:\/\/www2.comunitaria.com.br\/?p=70008"},"modified":"2025-05-15T17:26:45","modified_gmt":"2025-05-15T19:26:45","slug":"tribuna-popular-da-camara-abre-espaco-para-divulgacao-do-lancamento-do-11o-festival-atena","status":"publish","type":"post","link":"https:\/\/www2.comunitaria.com.br\/en\/tribuna-popular-da-camara-abre-espaco-para-divulgacao-do-lancamento-do-11o-festival-atena\/","title":{"rendered":"Tribuna Popular da C\u00e2mara abre espa\u00e7o para divulga\u00e7\u00e3o do lan\u00e7amento do 11\u00ba Festival Atena"},"content":{"rendered":"<p><span style=\"font-weight: 400;\">Na Sess\u00e3o Ordin\u00e1ria da ter\u00e7a-feira, 13, o presidente da Associa\u00e7\u00e3o Cultural Atena (ACA), Giancarlo Panosso, usou o espa\u00e7o da Tribuna Popular da C\u00e2mara de Vereadores de Frederico Westphalen para falar sobre lan\u00e7amento da 11\u00aa edi\u00e7\u00e3o do Festival Atena. O evento ocorre nesta quarta-feira, 14, \u00e0s 19 horas, no Plen\u00e1rio Hil\u00e1rio Piovesan.&nbsp;<\/span><\/p>\n<p><span style=\"font-weight: 400;\">Na oportunidade, Panosso agradeceu o apoio hist\u00f3rico do Poder Legislativo ao festival, que desde ano passado faz parte do Calend\u00e1rio Oficial de Eventos do Munic\u00edpio e tamb\u00e9m busca integrar o Calend\u00e1rio Oficial do Estado, tamanha a sua relev\u00e2ncia e contribui\u00e7\u00e3o \u00e0 valoriza\u00e7\u00e3o da arte e cultura local. \u201cO festival j\u00e1 se consolidou como uma das principais manifesta\u00e7\u00f5es culturais da regi\u00e3o, reunindo, na edi\u00e7\u00e3o anterior, mais de 1.300 artistas\u201d, destacou o presidente da ACA, que reiterou o convite aos vereadores e comunidade em geral para o caf\u00e9 de lan\u00e7amento nesta quarta-feira.<\/span><\/p>\n<p>&nbsp;<\/p>","protected":false},"excerpt":{"rendered":"<p>Na Sess\u00e3o Ordin\u00e1ria da ter\u00e7a-feira, 13, o presidente da Associa\u00e7\u00e3o Cultural Atena (ACA), Giancarlo Panosso, usou o espa\u00e7o da Tribuna Popular da C\u00e2mara de Vereadores de Frederico Westphalen para falar&#8230;<\/p>","protected":false},"author":2,"featured_media":0,"comment_status":"closed","ping_status":"closed","sticky":false,"template":"","format":"standard","meta":{"ngg_post_thumbnail":0,"footnotes":""},"categories":[3593,42,28,33],"tags":[2802],"class_list":["post-70008","post","type-post","status-publish","format-standard","hentry","category-cultura","category-fred-west","category-destaque","category-noticias","tag-festival-atena"],"amp_enabled":true,"_links":{"self":[{"href":"https:\/\/www2.comunitaria.com.br\/en\/wp-json\/wp\/v2\/posts\/70008","targetHints":{"allow":["GET"]}}],"collection":[{"href":"https:\/\/www2.comunitaria.com.br\/en\/wp-json\/wp\/v2\/posts"}],"about":[{"href":"https:\/\/www2.comunitaria.com.br\/en\/wp-json\/wp\/v2\/types\/post"}],"author":[{"embeddable":true,"href":"https:\/\/www2.comunitaria.com.br\/en\/wp-json\/wp\/v2\/users\/2"}],"replies":[{"embeddable":true,"href":"https:\/\/www2.comunitaria.com.br\/en\/wp-json\/wp\/v2\/comments?post=70008"}],"version-history":[{"count":0,"href":"https:\/\/www2.comunitaria.com.br\/en\/wp-json\/wp\/v2\/posts\/70008\/revisions"}],"wp:attachment":[{"href":"https:\/\/www2.comunitaria.com.br\/en\/wp-json\/wp\/v2\/media?parent=70008"}],"wp:term":[{"taxonomy":"category","embeddable":true,"href":"https:\/\/www2.comunitaria.com.br\/en\/wp-json\/wp\/v2\/categories?post=70008"},{"taxonomy":"post_tag","embeddable":true,"href":"https:\/\/www2.comunitaria.com.br\/en\/wp-json\/wp\/v2\/tags?post=70008"}],"curies":[{"name":"wp","href":"https:\/\/api.w.org\/{rel}","templated":true}]}}