{"id":70002,"date":"2025-05-13T11:57:55","date_gmt":"2025-05-13T13:57:55","guid":{"rendered":"https:\/\/www2.comunitaria.com.br\/?p=70002"},"modified":"2025-05-13T11:57:55","modified_gmt":"2025-05-13T13:57:55","slug":"defesa-civil-lanca-canal-no-whatsapp-para-comunicacao-em-tempo-real","status":"publish","type":"post","link":"https:\/\/www2.comunitaria.com.br\/en\/defesa-civil-lanca-canal-no-whatsapp-para-comunicacao-em-tempo-real\/","title":{"rendered":"Defesa Civil lan\u00e7a canal no WhatsApp para comunica\u00e7\u00e3o em tempo real"},"content":{"rendered":"<p>Com o objetivo de aprimorar a comunica\u00e7\u00e3o com a popula\u00e7\u00e3o, a Defesa Civil lan\u00e7ou um&nbsp;<a href=\"https:\/\/www.whatsapp.com\/channel\/0029VbAHjAn2f3EQlWU7nz2E\" target=\"_blank\" rel=\"noopener\"><strong>canal oficial no WhatsApp<\/strong><\/a>. A iniciativa visa centralizar e facilitar o acesso \u00e0s informa\u00e7\u00f5es emergenciais, disponibilizando em tempo real os mesmos conte\u00fados que s\u00e3o publicados nas redes sociais do \u00f3rg\u00e3o.<\/p>\n<p>O novo canal no WhatsApp oferece uma forma pr\u00e1tica e direta para que os cidad\u00e3os fiquem atualizados sobre alertas meteorol\u00f3gicos, orienta\u00e7\u00f5es de seguran\u00e7a, avisos de evacua\u00e7\u00e3o e demais comunicados importantes relacionados a situa\u00e7\u00f5es de risco e desastres naturais.<\/p>\n<p>A cria\u00e7\u00e3o do canal \u00e9 mais um passo para garantir que a informa\u00e7\u00e3o chegue com rapidez e precis\u00e3o a quem mais precisa. O objetivo \u00e9 que mais pessoas tenham acesso imediato a dados confi\u00e1veis, especialmente em momentos cr\u00edticos como inunda\u00e7\u00f5es, deslizamentos e temporais severos.<\/p>\n<p>A ades\u00e3o \u00e9 simples: basta acessar o&nbsp;<strong><a href=\"https:\/\/www.whatsapp.com\/channel\/0029VbAHjAn2f3EQlWU7nz2E\" target=\"_blank\" rel=\"noopener\">link<\/a><\/strong>&nbsp;(tamb\u00e9m dispon\u00edvel nas redes oficiais da Defesa Civil) e entrar no canal para come\u00e7ar a receber os alertas diretamente no aplicativo.<\/p>\n<p><em><sub>Texto: Ascom Defesa Civil<\/sub><\/em><br \/>\n<em><sub>Edi\u00e7\u00e3o: Secom<\/sub><\/em><\/p>","protected":false},"excerpt":{"rendered":"<p>Com o objetivo de aprimorar a comunica\u00e7\u00e3o com a popula\u00e7\u00e3o, a Defesa Civil lan\u00e7ou um&nbsp;canal oficial no WhatsApp. A iniciativa visa centralizar e facilitar o acesso \u00e0s informa\u00e7\u00f5es emergenciais, disponibilizando em tempo real os mesmos conte\u00fados que s\u00e3o publicados nas redes sociais do \u00f3rg\u00e3o. O novo canal no WhatsApp oferece uma forma pr\u00e1tica e direta<\/p>\n<div class=\"read-more-wrapper\"><a class=\"read-more\" href=\"https:\/\/www2.comunitaria.com.br\/en\/defesa-civil-lanca-canal-no-whatsapp-para-comunicacao-em-tempo-real\/\" title=\"Read More\"> <span class=\"button\">Read More<\/span><\/a><\/div>","protected":false},"author":2,"featured_media":0,"comment_status":"closed","ping_status":"closed","sticky":false,"template":"","format":"standard","meta":{"ngg_post_thumbnail":0,"footnotes":""},"categories":[46,28,33],"tags":[154,1192],"class_list":["post-70002","post","type-post","status-publish","format-standard","hentry","category-estado","category-destaque","category-noticias","tag-defesa-civil","tag-rio-grande-do-sul"],"amp_enabled":true,"_links":{"self":[{"href":"https:\/\/www2.comunitaria.com.br\/en\/wp-json\/wp\/v2\/posts\/70002","targetHints":{"allow":["GET"]}}],"collection":[{"href":"https:\/\/www2.comunitaria.com.br\/en\/wp-json\/wp\/v2\/posts"}],"about":[{"href":"https:\/\/www2.comunitaria.com.br\/en\/wp-json\/wp\/v2\/types\/post"}],"author":[{"embeddable":true,"href":"https:\/\/www2.comunitaria.com.br\/en\/wp-json\/wp\/v2\/users\/2"}],"replies":[{"embeddable":true,"href":"https:\/\/www2.comunitaria.com.br\/en\/wp-json\/wp\/v2\/comments?post=70002"}],"version-history":[{"count":0,"href":"https:\/\/www2.comunitaria.com.br\/en\/wp-json\/wp\/v2\/posts\/70002\/revisions"}],"wp:attachment":[{"href":"https:\/\/www2.comunitaria.com.br\/en\/wp-json\/wp\/v2\/media?parent=70002"}],"wp:term":[{"taxonomy":"category","embeddable":true,"href":"https:\/\/www2.comunitaria.com.br\/en\/wp-json\/wp\/v2\/categories?post=70002"},{"taxonomy":"post_tag","embeddable":true,"href":"https:\/\/www2.comunitaria.com.br\/en\/wp-json\/wp\/v2\/tags?post=70002"}],"curies":[{"name":"wp","href":"https:\/\/api.w.org\/{rel}","templated":true}]}}