{"id":69993,"date":"2025-05-13T09:44:23","date_gmt":"2025-05-13T11:44:23","guid":{"rendered":"https:\/\/www2.comunitaria.com.br\/?p=69993"},"modified":"2025-05-13T09:44:23","modified_gmt":"2025-05-13T11:44:23","slug":"maio-laranja-violencia-sexual-contra-jovens-no-rs-aumentou-7475-nos-ultimos-7-anos-aponta-relatorio","status":"publish","type":"post","link":"https:\/\/www2.comunitaria.com.br\/en\/maio-laranja-violencia-sexual-contra-jovens-no-rs-aumentou-7475-nos-ultimos-7-anos-aponta-relatorio\/","title":{"rendered":"Maio Laranja: viol\u00eancia sexual contra jovens no RS aumentou 74,75% nos \u00faltimos 7 anos, aponta relat\u00f3rio"},"content":{"rendered":"<div id=\"chunk-7cdem\">\n<div class=\"mc-column content-text active-extra-styles\" data-block-type=\"unstyled\" data-block-weight=\"75\" data-block-id=\"4\">\n<p class=\"content-text__container\" data-track-category=\"Link no Texto\" data-track-links=\"\" data-mrf-recirculation=\"Mat\u00e9ria - Links no Texto\">No m\u00eas em que o Brasil se mobiliza contra o abuso e a explora\u00e7\u00e3o sexual de crian\u00e7as e adolescentes, o Rio Grande do Sul revela n\u00fameros alarmantes: nos \u00faltimos sete anos, a&nbsp;<strong>viol\u00eancia sexual<\/strong>&nbsp;no Rio Grande do Sul aumentou&nbsp;<strong>74,75%<\/strong>,&nbsp;<span class=\"highlight highlighted\">saltando de 2.185 casos (2018) para 3.818 (2024)<\/span>, um aumento absoluto de 1.633 casos. Os dados s\u00e3o de um relat\u00f3rio produzido pelo Sistema de Informa\u00e7\u00e3o de Agravos de Notifica\u00e7\u00e3o, da Secretaria Estadual de Sa\u00fade.<\/p>\n<\/div>\n<\/div>\n<div class=\"wall protected-content\">\n<div id=\"chunk-8scvc\">\n<div class=\"mc-column content-text active-extra-styles\" data-block-type=\"unstyled\" data-block-weight=\"49\" data-block-id=\"6\">\n<p class=\"content-text__container\" data-track-category=\"Link no Texto\" data-track-links=\"\" data-mrf-recirculation=\"Mat\u00e9ria - Links no Texto\"><em>(O m\u00eas de maio, conhecido como &#8220;Maio Laranja&#8221;, \u00e9 destinado para o combate ao abuso e \u00e0 explora\u00e7\u00e3o sexual infantil no Brasil. No Rio Grande do Sul, 85% dos munic\u00edpios n\u00e3o t\u00eam comit\u00ea e nem plano de preven\u00e7\u00e3o de combate ao abuso e viol\u00eancia sexual contra crian\u00e7as e adolescentes.)<\/em><\/p>\n<div id=\"chunk-akspo\">\n<div class=\"mc-column content-text active-extra-styles\" data-block-type=\"unstyled\" data-block-weight=\"32\" data-block-id=\"8\">\n<p class=\"content-text__container\" data-track-category=\"Link no Texto\" data-track-links=\"\" data-mrf-recirculation=\"Mat\u00e9ria - Links no Texto\">Em todas as faixas et\u00e1rias,&nbsp;<strong>83% das v\u00edtimas de viol\u00eancia<\/strong>&nbsp;contra crian\u00e7as e adolescentes s\u00e3o do&nbsp;<strong>g\u00eanero feminino<\/strong>.&nbsp;<strong>Meninas negras<\/strong>, especialmente&nbsp;<strong>adolescentes<\/strong>, seguem sendo o principal grupo de v\u00edtimas da&nbsp;<strong>viol\u00eancia sexual<\/strong>.<\/p>\n<\/div>\n<\/div>\n<div id=\"chunk-9ocl4\">\n<div class=\"mc-column content-text active-extra-styles\" data-block-type=\"unstyled\" data-block-weight=\"25\" data-block-id=\"9\">\n<p class=\"content-text__container\" data-track-category=\"Link no Texto\" data-track-links=\"\" data-mrf-recirculation=\"Mat\u00e9ria - Links no Texto\">O aumento tamb\u00e9m acontece com a&nbsp;<strong>viol\u00eancia f\u00edsica<\/strong>&nbsp;(+ 189 casos)<strong>&nbsp;e psicol\u00f3gica&nbsp;<\/strong>(+ 324) ao longo do mesmo per\u00edodo, embora com menor volume total.<\/p>\n<div id=\"chunk-5tuq\">\n<div class=\"mc-column content-text active-extra-styles\" data-block-type=\"unstyled\" data-block-weight=\"40\" data-block-id=\"11\">\n<p class=\"content-text__container\" data-track-category=\"Link no Texto\" data-track-links=\"\" data-mrf-recirculation=\"Mat\u00e9ria - Links no Texto\"><strong>Mais de 12 mil casos<\/strong> envolvendo viol\u00eancia contra crian\u00e7as e adolescentes foram registrados em 2024, no sistema que notifica essas situa\u00e7\u00f5es. Entre os n\u00fameros, est\u00e3o <span class=\"highlight highlighted\">mais de 3,8 mil casos de viol\u00eancia sexual<\/span>, sendo&nbsp;<strong>2.857 estupros<\/strong>&nbsp;e&nbsp;<strong>1.323 ass\u00e9dios sexuais<\/strong>.<\/p>\n<\/div>\n<\/div>\n<div id=\"chunk-5b2kf\">\n<div class=\"mc-column content-text active-extra-styles\" data-block-type=\"unstyled\" data-block-weight=\"15\" data-block-id=\"12\">\n<p class=\"content-text__container\" data-track-category=\"Link no Texto\" data-track-links=\"\" data-mrf-recirculation=\"Mat\u00e9ria - Links no Texto\"><strong>Estupros&nbsp;<\/strong>cometidos dentro de casa, por pessoas conhecidas, s\u00e3o a forma mais comum de viol\u00eancia.<\/p>\n<p data-track-category=\"Link no Texto\" data-track-links=\"\" data-mrf-recirculation=\"Mat\u00e9ria - Links no Texto\">&#8220;Esses fatos que est\u00e3o acontecendo, [est\u00e3o sendo] praticados por familiares, principalmente pais, m\u00e3es, padrastos e madrastas&#8221;, comenta a promotora de Justi\u00e7a Cristiane Corrales.<\/p>\n<div id=\"chunk-8g0po\">\n<div class=\"mc-column content-text active-extra-styles\" data-block-type=\"unstyled\" data-block-weight=\"32\" data-block-id=\"16\">\n<p class=\"content-text__container\" data-track-category=\"Link no Texto\" data-track-links=\"\" data-mrf-recirculation=\"Mat\u00e9ria - Links no Texto\">Segundo a Secretaria Estadual de Sa\u00fade, o&nbsp;<span class=\"highlight highlighted\">maior aumento geral de notifica\u00e7\u00f5es de viol\u00eancia<\/span>&nbsp;entre 2018 e 2024 aconteceu na faixa et\u00e1ria de 6 a 11 anos, com<strong>&nbsp;1295 casos<\/strong>&nbsp;a mais.<\/p>\n<\/div>\n<\/div>\n<div id=\"chunk-7see7\">\n<div class=\"mc-column content-text active-extra-styles\" data-block-type=\"unstyled\" data-block-weight=\"27\" data-block-id=\"17\">\n<p class=\"content-text__container\" data-track-category=\"Link no Texto\" data-track-links=\"\" data-mrf-recirculation=\"Mat\u00e9ria - Links no Texto\">Em alguns tipos e faixa et\u00e1ria, o aumento da viol\u00eancia contra crian\u00e7as e adolescentes aumentou quase em 100%, considerado o per\u00edodo entre 2018 e 2024.&nbsp;<em>Veja abaixo.<\/em><\/p>\n<\/div>\n<\/div>\n<div id=\"chunk-57l6\">\n<div class=\"mc-column content-text active-extra-styles\" data-block-type=\"raw\" data-block-weight=\"29\" data-block-id=\"18\">\n<p class=\"content-text__container\" data-mrf-recirculation=\"Mat\u00e9ria - Links no Texto\">&nbsp;<\/p>\n<ul class=\"content-unordered-list\">\n<li><strong>Viol\u00eancia contra faixa de 6 a 11 anos<\/strong>:&nbsp;<span class=\"highlight highlighted\">+76%<\/span>;<\/li>\n<li><strong>Viol\u00eancia f\u00edsica contra faixa de 6 a 11 anos<\/strong>:&nbsp;<span class=\"highlight highlighted\">+92%<\/span>;<\/li>\n<li><strong>Viol\u00eancia sexual contra faixa de 6 a 11 anos<\/strong>:&nbsp;<span class=\"highlight highlighted\">+91%<\/span>.<\/li>\n<\/ul>\n<div id=\"chunk-3gpbj\">\n<div class=\"mc-column content-text active-extra-styles\" data-block-type=\"unstyled\" data-block-weight=\"22\" data-block-id=\"20\">\n<p class=\"content-text__container\" data-track-category=\"Link no Texto\" data-track-links=\"\" data-mrf-recirculation=\"Mat\u00e9ria - Links no Texto\">Os dados ainda pontam que em 45% dos casos a viol\u00eancia \u00e9&nbsp;<strong>recorrente<\/strong>, ou seja, a v\u00edtima j\u00e1 havia sofrido abuso anteriormente.<\/p>\n<\/div>\n<\/div>\n<div id=\"chunk-dea7i\">\n<div class=\"mc-column content-text active-extra-styles\" data-block-type=\"unstyled\" data-block-weight=\"34\" data-block-id=\"21\">\n<p class=\"content-text__container\" data-track-category=\"Link no Texto\" data-track-links=\"\" data-mrf-recirculation=\"Mat\u00e9ria - Links no Texto\">De janeiro a mar\u00e7o deste ano, em 2025,&nbsp;<strong>22 crian\u00e7as e adolescentes foram assassinadas<\/strong>&nbsp;de forma intencional no Rio Grande do Sul. Em sua maioria, essas hist\u00f3rias t\u00eam algo em comum: s\u00e3o de&nbsp;<strong>meninas<\/strong>.<\/p>\n<\/div>\n<\/div>\n<div id=\"chunk-6avbt\">\n<div class=\"mc-column content-text active-extra-styles\" data-block-type=\"raw\" data-block-weight=\"1\" data-block-id=\"22\">\n<p class=\"content-text__container\" data-mrf-recirculation=\"Mat\u00e9ria - Links no Texto\">&nbsp;<\/p>\n<div class=\"content-intertitle\">\n<h2>Perfil<\/h2>\n<\/div>\n<p>&nbsp;<\/p>\n<\/div>\n<\/div>\n<div id=\"chunk-but14\">\n<div class=\"mc-column content-text active-extra-styles\" data-block-type=\"unstyled\" data-block-weight=\"35\" data-block-id=\"23\">\n<p class=\"content-text__container\" data-track-category=\"Link no Texto\" data-track-links=\"\" data-mrf-recirculation=\"Mat\u00e9ria - Links no Texto\">Dos&nbsp;<strong>3.818 casos de viol\u00eancia sexual<\/strong>&nbsp;registrados no RS em 2024,&nbsp;<span class=\"highlight highlighted\">84% das v\u00edtimas eram do sexo feminino<\/span>. A propor\u00e7\u00e3o aumenta conforme a idade: entre os adolescentes,&nbsp;<strong>as meninas representam mais de 90% das notifica\u00e7\u00f5es<\/strong>.<\/p>\n<\/div>\n<\/div>\n<div id=\"chunk-9upjs\">\n<div class=\"mc-column content-text active-extra-styles\" data-block-type=\"unstyled\" data-block-weight=\"11\" data-block-id=\"24\">\n<p class=\"content-text__container\" data-track-category=\"Link no Texto\" data-track-links=\"\" data-mrf-recirculation=\"Mat\u00e9ria - Links no Texto\">Os&nbsp;<strong>principais autores s\u00e3o homens<\/strong>&nbsp;(89,7%) e, na maioria dos casos.<\/p>\n<\/div>\n<\/div>\n<div id=\"chunk-3p4m1\">\n<div class=\"mc-column content-text active-extra-styles\" data-block-type=\"unstyled\" data-block-weight=\"27\" data-block-id=\"25\">\n<p class=\"content-text__container\" data-track-category=\"Link no Texto\" data-track-links=\"\" data-mrf-recirculation=\"Mat\u00e9ria - Links no Texto\">A resid\u00eancia da v\u00edtima \u00e9 o local mais comum da ocorr\u00eancia \u2014 cerca de 71% dos casos. Os dados refor\u00e7am que a viol\u00eancia sexual \u00e9, majoritariamente, dom\u00e9stica.<\/p>\n<\/div>\n<\/div>\n<div id=\"chunk-ffd75\">\n<div class=\"mc-column content-text active-extra-styles\" data-block-type=\"raw\" data-block-weight=\"3\" data-block-id=\"26\">\n<p class=\"content-text__container\" data-mrf-recirculation=\"Mat\u00e9ria - Links no Texto\">&nbsp;<\/p>\n<div class=\"content-intertitle\">\n<h2>Combate \u00e0 viol\u00eancia<\/h2>\n<\/div>\n<p>&nbsp;<\/p>\n<\/div>\n<\/div>\n<div id=\"chunk-6kf2e\">\n<div class=\"mc-column content-text active-extra-styles\" data-block-type=\"unstyled\" data-block-weight=\"64\" data-block-id=\"27\">\n<p class=\"content-text__container\" data-track-category=\"Link no Texto\" data-track-links=\"\" data-mrf-recirculation=\"Mat\u00e9ria - Links no Texto\">Diante da gravidade dos casos de viol\u00eancia contra crian\u00e7as e adolescentes no Rio Grande do Sul, o Minist\u00e9rio P\u00fablico do Estado tem intensificado a\u00e7\u00f5es de capacita\u00e7\u00e3o junto \u00e0 rede de prote\u00e7\u00e3o. Em encontros do projeto M\u00e3os Dadas, representantes da sa\u00fade, educa\u00e7\u00e3o, seguran\u00e7a p\u00fablica e conselhos tutelares est\u00e3o sendo preparados para identificar sinais de abuso e agir com agilidade \u2014 mesmo em casos apenas suspeitos.<\/p>\n<\/div>\n<\/div>\n<div id=\"chunk-1shhu\">\n<div class=\"mc-column content-text active-extra-styles\" data-block-type=\"raw\" data-block-weight=\"46\" data-block-id=\"28\">\n<p class=\"content-text__container\" data-mrf-recirculation=\"Mat\u00e9ria - Links no Texto\">&nbsp;<\/p>\n<blockquote class=\"content-blockquote theme-border-color-primary-before\"><p>&#8220;Se a rede n\u00e3o sabe o que fazer, alguns passos s\u00e3o b\u00e1sicos e todos os profissionais t\u00eam que fazer. Ent\u00e3o, um deles \u00e9 a comunica\u00e7\u00e3o para o Conselho e a autoridade policial, de prefer\u00eancia, n\u00e3o s\u00f3 para um \u00f3rg\u00e3o&#8221;, diz a coordenadora do CEEVSCA\/RS, Ros\u00e2ngela Moreira.<\/p><\/blockquote>\n<\/div>\n<\/div>\n<div id=\"chunk-8g0po\">\n<div class=\"mc-column content-text active-extra-styles\" data-block-type=\"unstyled\" data-block-weight=\"32\" data-block-id=\"16\">\n<div id=\"chunk-1m6u\">\n<div class=\"mc-column content-text active-extra-styles\" data-block-type=\"unstyled\" data-block-weight=\"35\" data-block-id=\"30\">\n<p class=\"content-text__container\" data-track-category=\"Link no Texto\" data-track-links=\"\" data-mrf-recirculation=\"Mat\u00e9ria - Links no Texto\">A promotora Cristiane Corrales alerta ainda que muitas das viol\u00eancias acontecem em sil\u00eancio, sem testemunhas al\u00e9m do pr\u00f3prio agressor. Por isso, o Minist\u00e9rio P\u00fablico refor\u00e7a o apelo \u00e0 sociedade: qualquer suspeita deve ser comunicada imediatamente.<\/p>\n<\/div>\n<\/div>\n<div id=\"chunk-1822e\">\n<div class=\"mc-column content-text active-extra-styles\" data-block-type=\"unstyled\" data-block-weight=\"48\" data-block-id=\"31\">\n<p class=\"content-text__container\" data-track-category=\"Link no Texto\" data-track-links=\"\" data-mrf-recirculation=\"Mat\u00e9ria - Links no Texto\">\u201cN\u00f3s precisamos que a sociedade se mobilize, que nos ajude, que denuncie, que n\u00e3o se cale, mesmo em caso de suspeita. Noticie a Brigada Militar, a Pol\u00edcia Civil, ao Conselho Tutelar ou ao Minist\u00e9rio P\u00fablico para que n\u00f3s possamos fazer uma interven\u00e7\u00e3o o mais r\u00e1pido poss\u00edvel&#8221;, comenta Cristiane.<\/p>\n<\/div>\n<\/div>\n<div id=\"chunk-euh5g\">\n<div class=\"mc-column content-text active-extra-styles\" data-block-type=\"unstyled\" data-block-weight=\"44\" data-block-id=\"32\">\n<p class=\"content-text__container\" data-track-category=\"Link no Texto\" data-track-links=\"\" data-mrf-recirculation=\"Mat\u00e9ria - Links no Texto\">As capacita\u00e7\u00f5es fazem parte de uma estrat\u00e9gia ampla do MP-RS para fortalecer a rede e qualificar os atendimentos. A meta \u00e9 garantir n\u00e3o apenas a prote\u00e7\u00e3o das v\u00edtimas, mas tamb\u00e9m impedir a continuidade de ciclos de viol\u00eancia que muitas vezes come\u00e7am dentro de casa.<\/p>\n<\/div>\n<\/div>\n<div id=\"chunk-887m8\">\n<div class=\"mc-column content-text active-extra-styles\" data-block-type=\"unstyled\" data-block-weight=\"43\" data-block-id=\"33\">\n<p class=\"content-text__container\" data-track-category=\"Link no Texto\" data-track-links=\"\" data-mrf-recirculation=\"Mat\u00e9ria - Links no Texto\">&#8220;\u00c0s vezes, a identifica\u00e7\u00e3o da viol\u00eancia \u00e9 dentro dos setores p\u00fablicos, servi\u00e7os p\u00fablicos e privados tamb\u00e9m, e, \u00e0s vezes, \u00e9 na vizinhan\u00e7a, aquele grito, aquele choro constante, aquela crian\u00e7a que apanha, ou que relata mesmo que est\u00e1 sofrendo viol\u00eancia&#8221;, diz a coordenadora Rosang\u00eala.<\/p>\n<p data-track-category=\"Link no Texto\" data-track-links=\"\" data-mrf-recirculation=\"Mat\u00e9ria - Links no Texto\"><em>Fonte: g1 RS<\/em><\/p>\n<\/div>\n<\/div>\n<\/div>\n<\/div>\n<div id=\"chunk-57l6\">\n<div class=\"mc-column content-text active-extra-styles\" data-block-type=\"raw\" data-block-weight=\"29\" data-block-id=\"18\">&nbsp;<\/div>\n<\/div>\n<\/div>\n<\/div>\n<\/div>\n<\/div>\n<\/div>\n<\/div>\n<\/div>\n<\/div>\n<\/div>","protected":false},"excerpt":{"rendered":"<p>No m\u00eas em que o Brasil se mobiliza contra o abuso e a explora\u00e7\u00e3o sexual de crian\u00e7as e adolescentes, o Rio Grande do Sul revela n\u00fameros alarmantes: nos \u00faltimos sete anos, a&nbsp;viol\u00eancia sexual&nbsp;no Rio Grande do Sul aumentou&nbsp;74,75%,&nbsp;saltando de 2.185 casos (2018) para 3.818 (2024), um aumento absoluto de 1.633 casos. Os dados s\u00e3o de<\/p>\n<div class=\"read-more-wrapper\"><a class=\"read-more\" href=\"https:\/\/www2.comunitaria.com.br\/en\/maio-laranja-violencia-sexual-contra-jovens-no-rs-aumentou-7475-nos-ultimos-7-anos-aponta-relatorio\/\" title=\"Read More\"> <span class=\"button\">Read More<\/span><\/a><\/div>","protected":false},"author":2,"featured_media":69994,"comment_status":"closed","ping_status":"closed","sticky":false,"template":"","format":"standard","meta":{"ngg_post_thumbnail":0,"footnotes":""},"categories":[46,28,33],"tags":[7468,1192],"class_list":["post-69993","post","type-post","status-publish","format-standard","has-post-thumbnail","hentry","category-estado","category-destaque","category-noticias","tag-maio-laranja","tag-rio-grande-do-sul"],"amp_enabled":true,"_links":{"self":[{"href":"https:\/\/www2.comunitaria.com.br\/en\/wp-json\/wp\/v2\/posts\/69993","targetHints":{"allow":["GET"]}}],"collection":[{"href":"https:\/\/www2.comunitaria.com.br\/en\/wp-json\/wp\/v2\/posts"}],"about":[{"href":"https:\/\/www2.comunitaria.com.br\/en\/wp-json\/wp\/v2\/types\/post"}],"author":[{"embeddable":true,"href":"https:\/\/www2.comunitaria.com.br\/en\/wp-json\/wp\/v2\/users\/2"}],"replies":[{"embeddable":true,"href":"https:\/\/www2.comunitaria.com.br\/en\/wp-json\/wp\/v2\/comments?post=69993"}],"version-history":[{"count":0,"href":"https:\/\/www2.comunitaria.com.br\/en\/wp-json\/wp\/v2\/posts\/69993\/revisions"}],"wp:featuredmedia":[{"embeddable":true,"href":"https:\/\/www2.comunitaria.com.br\/en\/wp-json\/wp\/v2\/media\/69994"}],"wp:attachment":[{"href":"https:\/\/www2.comunitaria.com.br\/en\/wp-json\/wp\/v2\/media?parent=69993"}],"wp:term":[{"taxonomy":"category","embeddable":true,"href":"https:\/\/www2.comunitaria.com.br\/en\/wp-json\/wp\/v2\/categories?post=69993"},{"taxonomy":"post_tag","embeddable":true,"href":"https:\/\/www2.comunitaria.com.br\/en\/wp-json\/wp\/v2\/tags?post=69993"}],"curies":[{"name":"wp","href":"https:\/\/api.w.org\/{rel}","templated":true}]}}