{"id":69966,"date":"2025-05-12T10:18:36","date_gmt":"2025-05-12T12:18:36","guid":{"rendered":"https:\/\/www2.comunitaria.com.br\/?p=69966"},"modified":"2025-05-12T10:18:36","modified_gmt":"2025-05-12T12:18:36","slug":"cnh-social-abre-3-mil-vagas-gratuitas-no-rs-veja-criterios-e-saiba-como-se-inscrever","status":"publish","type":"post","link":"https:\/\/www2.comunitaria.com.br\/en\/cnh-social-abre-3-mil-vagas-gratuitas-no-rs-veja-criterios-e-saiba-como-se-inscrever\/","title":{"rendered":"CNH Social abre 3 mil vagas gratuitas no RS; veja crit\u00e9rios e saiba como se inscrever"},"content":{"rendered":"<p style=\"text-align: justify;\">Pessoas de baixa renda no Rio Grande do Sul poder\u00e3o conquistar a carteira de motorista&nbsp;<strong>sem custos<\/strong>. O programa&nbsp;<strong>CNH Social<\/strong>, que oferece&nbsp;<span class=\"highlight highlighted\">tr\u00eas mil vagas gratuitas<\/span>&nbsp;para a forma\u00e7\u00e3o de condutores,&nbsp;<strong>abre as inscri\u00e7\u00f5es nesta segunda-feira (12)<\/strong>.<\/p>\n<div id=\"chunk-6l4g1\" style=\"text-align: justify;\">\n<div class=\"mc-column content-text active-extra-styles\" data-block-type=\"unstyled\" data-block-weight=\"25\" data-block-id=\"6\">\n<p class=\"content-text__container\" data-track-category=\"Link no Texto\" data-track-links=\"\" data-mrf-recirculation=\"Mat\u00e9ria - Links no Texto\">A iniciativa \u00e9 coordenada pelo Departamento Estadual de Tr\u00e2nsito (DetranRS) em parceria com a Secretaria de Desenvolvimento Social (Sedes), com investimento de&nbsp;<strong>R$ 13,8 milh\u00f5es<\/strong>.<\/p>\n<\/div>\n<\/div>\n<div id=\"chunk-flj9k\" style=\"text-align: justify;\">\n<div class=\"mc-column content-text active-extra-styles\" data-block-type=\"unstyled\" data-block-weight=\"41\" data-block-id=\"7\">\n<p class=\"content-text__container\" data-track-category=\"Link no Texto\" data-track-links=\"\" data-mrf-recirculation=\"Mat\u00e9ria - Links no Texto\">O programa&nbsp;<span class=\"highlight highlighted\">cobre integralmente todas as etapas do processo de habilita\u00e7\u00e3o<\/span>: desde os cursos te\u00f3ricos e pr\u00e1ticos, passando pelos exames m\u00e9dicos, psicol\u00f3gicos e toxicol\u00f3gicos (quando exigido), at\u00e9 a loca\u00e7\u00e3o de ve\u00edculos para os testes e o pagamento das taxas do DetranRS.<\/p>\n<\/div>\n<\/div>\n<div id=\"chunk-fqe12\">\n<div class=\"content-ads content-ads--reveal\" data-block-type=\"ads\" data-block-id=\"8\">\n<div id=\"banner_materia2\" class=\"tag-manager-publicidade-container mc-has-reveal mc-has-ad-lazyload tag-manager-publicidade-banner_materia2 tag-manager-publicidade-container--carregado tag-manager-publicidade-container--visivel\" data-id=\"banner_materia2\" data-google-query-id=\"CI7ew_DznY0DFT1KuAQd82AJaQ\">\n<div id=\"chunk-9bj2t\" style=\"text-align: justify;\">\n<div class=\"mc-column content-text active-extra-styles\" data-block-type=\"unstyled\" data-block-weight=\"27\" data-block-id=\"9\">\n<p class=\"content-text__container\" data-track-category=\"Link no Texto\" data-track-links=\"\" data-mrf-recirculation=\"Mat\u00e9ria - Links no Texto\">De acordo com o diretor-geral do DetranRS, Edir Domeneghini, &#8220;<span class=\"highlight highlighted\">s\u00e3o mais de 300 postos de atendimento de CFCs em 194 cidades ga\u00fachas<\/span>&nbsp;que v\u00e3o receber os beneficiados&#8221;.<\/p>\n<\/div>\n<\/div>\n<div id=\"chunk-7pje1\" style=\"text-align: justify;\">\n<div class=\"mc-column content-text active-extra-styles\" data-block-type=\"raw\" data-block-weight=\"3\" data-block-id=\"10\">\n<p class=\"content-text__container\" data-mrf-recirculation=\"Mat\u00e9ria - Links no Texto\">&nbsp;<\/p>\n<div class=\"content-intertitle\">\n<h2>Quem pode participar<\/h2>\n<\/div>\n<p>&nbsp;<\/p>\n<\/div>\n<\/div>\n<div id=\"chunk-4j19r\" style=\"text-align: justify;\">\n<div class=\"mc-column content-text active-extra-styles\" data-block-type=\"unstyled\" data-block-weight=\"8\" data-block-id=\"11\">\n<p class=\"content-text__container\" data-track-category=\"Link no Texto\" data-track-links=\"\" data-mrf-recirculation=\"Mat\u00e9ria - Links no Texto\">Para concorrer a uma das vagas, \u00e9 necess\u00e1rio:<\/p>\n<\/div>\n<\/div>\n<div id=\"chunk-67qg4\" style=\"text-align: justify;\">\n<div class=\"mc-column content-text active-extra-styles\" data-block-type=\"raw\" data-block-weight=\"74\" data-block-id=\"12\">\n<p class=\"content-text__container\" data-mrf-recirculation=\"Mat\u00e9ria - Links no Texto\">&nbsp;<\/p>\n<ul class=\"content-unordered-list\">\n<li>Ter 18 anos ou mais;<\/li>\n<li>Residir no Rio Grande do Sul h\u00e1 pelo menos dois anos;<\/li>\n<li>Estar inscrito no Cad\u00danico at\u00e9 28 de fevereiro de 2025 ou no Devolve-ICMS;<\/li>\n<li>Possuir CPF;<\/li>\n<li>Saber ler e escrever;<\/li>\n<li>Ter renda familiar de at\u00e9 tr\u00eas sal\u00e1rios m\u00ednimos;<\/li>\n<li>N\u00e3o ter processo de habilita\u00e7\u00e3o em andamento;<\/li>\n<li>N\u00e3o estar impedido judicialmente de dirigir;<\/li>\n<li>N\u00e3o ter CNH suspensa, cassada ou hist\u00f3rico de crime de tr\u00e2nsito;<\/li>\n<li>N\u00e3o precisar reiniciar processo de habilita\u00e7\u00e3o anterior.<\/li>\n<\/ul>\n<p>&nbsp;<\/p>\n<\/div>\n<\/div>\n<div id=\"chunk-1b2ln\" style=\"text-align: justify;\">\n<div class=\"mc-column content-text active-extra-styles\" data-block-type=\"raw\" data-block-weight=\"3\" data-block-id=\"13\">\n<p class=\"content-text__container\" data-mrf-recirculation=\"Mat\u00e9ria - Links no Texto\">&nbsp;<\/p>\n<div class=\"content-intertitle\">\n<h2>Distribui\u00e7\u00e3o das vagas<\/h2>\n<\/div>\n<p>&nbsp;<\/p>\n<\/div>\n<\/div>\n<div id=\"chunk-5t5tf\" style=\"text-align: justify;\">\n<div class=\"mc-column content-text active-extra-styles\" data-block-type=\"unstyled\" data-block-weight=\"4\" data-block-id=\"14\">\n<p class=\"content-text__container\" data-track-category=\"Link no Texto\" data-track-links=\"\" data-mrf-recirculation=\"Mat\u00e9ria - Links no Texto\">O programa vai disponibilizar:<\/p>\n<\/div>\n<\/div>\n<div id=\"chunk-de433\" style=\"text-align: justify;\">\n<div class=\"mc-column content-text active-extra-styles\" data-block-type=\"raw\" data-block-weight=\"40\" data-block-id=\"15\">\n<p class=\"content-text__container\" data-mrf-recirculation=\"Mat\u00e9ria - Links no Texto\">&nbsp;<\/p>\n<ul class=\"content-unordered-list\">\n<li>1.500 vagas para a primeira habilita\u00e7\u00e3o (categorias A ou B);<\/li>\n<li>600 vagas para adi\u00e7\u00e3o de categoria;<\/li>\n<li>900 vagas para mudan\u00e7a de categoria, divididas em:<br \/>\n1) 90 para categoria C (caminh\u00e3o);<br \/>\n2) 720 para categoria D (\u00f4nibus);<br \/>\n3) 90 para categoria E (ve\u00edculos articulados).<\/li>\n<\/ul>\n<p>&nbsp;<\/p>\n<\/div>\n<\/div>\n<div id=\"chunk-25i33\" style=\"text-align: justify;\">\n<div class=\"mc-column content-text active-extra-styles\" data-block-type=\"unstyled\" data-block-weight=\"40\" data-block-id=\"16\">\n<p class=\"content-text__container\" data-track-category=\"Link no Texto\" data-track-links=\"\" data-mrf-recirculation=\"Mat\u00e9ria - Links no Texto\"><strong>Cada candidato pode se inscrever apenas uma vez<\/strong>. Quem for sorteado e n\u00e3o comparecer ou abandonar o processo ficar\u00e1 impedido de participar novamente por dois anos. Al\u00e9m disso, os sorteados ter\u00e3o at\u00e9 45 dias para iniciar o processo no CFC.<\/p>\n<\/div>\n<\/div>\n<div id=\"chunk-bfcpc\" style=\"text-align: justify;\">\n<div class=\"mc-column content-text active-extra-styles\" data-block-type=\"unstyled\" data-block-weight=\"63\" data-block-id=\"17\">\n<p class=\"content-text__container\" data-track-category=\"Link no Texto\" data-track-links=\"\" data-mrf-recirculation=\"Mat\u00e9ria - Links no Texto\">As inscri\u00e7\u00f5es podem ser feitas&nbsp;<strong>entre os dias 12 de maio e 10 de julho<\/strong>, pelo&nbsp;site oficial do DetranRS&nbsp;ou presencialmente em qualquer Centro de Forma\u00e7\u00e3o de Condutores (CFC) do estado. Os participantes devem escolher o tipo de servi\u00e7o desejado \u2014 primeira habilita\u00e7\u00e3o, adi\u00e7\u00e3o ou mudan\u00e7a de categoria \u2014 e preencher os dados conforme o Cadastro \u00danico (Cad\u00danico) ou o programa Devolve-ICMS.<\/p>\n<\/div>\n<\/div>\n<div id=\"chunk-4300h\" style=\"text-align: justify;\">\n<div class=\"content-ads content-ads--reveal\" data-block-type=\"ads\" data-block-id=\"18\">&nbsp;<\/div>\n<\/div>\n<div id=\"chunk-4g6eu\" style=\"text-align: justify;\">\n<div class=\"mc-column content-text active-extra-styles\" data-block-type=\"unstyled\" data-block-weight=\"22\" data-block-id=\"19\">\n<p class=\"content-text__container\" data-track-category=\"Link no Texto\" data-track-links=\"\" data-mrf-recirculation=\"Mat\u00e9ria - Links no Texto\"><span class=\"highlight highlighted\">A sele\u00e7\u00e3o dos beneficiados ser\u00e1 feita por sorteio eletr\u00f4nico<\/span>, com lista publicada no site do DetranRS e no Di\u00e1rio Oficial do Estado.<\/p>\n<\/div>\n<\/div>\n<div id=\"chunk-1fvv\" style=\"text-align: justify;\">\n<div class=\"mc-column content-text active-extra-styles\" data-block-type=\"unstyled\" data-block-weight=\"29\" data-block-id=\"20\">\n<p class=\"content-text__container\" data-track-category=\"Link no Texto\" data-track-links=\"\" data-mrf-recirculation=\"Mat\u00e9ria - Links no Texto\">O Detran ainda pede cuidado em rela\u00e7\u00e3o a mensagens falsas solicitando pagamentos simb\u00f3licos para a inscri\u00e7\u00e3o no programa.&nbsp;<span class=\"highlight highlighted\">A CNH Social \u00e9 totalmente gratuita e qualquer cobran\u00e7a \u00e9 golpe<\/span>.<\/p>\n<\/div>\n<\/div>\n<div id=\"chunk-cvsrq\">\n<div class=\"mc-column content-text active-extra-styles\" data-block-type=\"raw\" data-block-weight=\"3\" data-block-id=\"21\">\n<p class=\"content-text__container\" style=\"text-align: justify;\" data-mrf-recirculation=\"Mat\u00e9ria - Links no Texto\">&nbsp;<\/p>\n<div class=\"content-intertitle\">\n<h2 style=\"text-align: justify;\">Lan\u00e7amento do programa<\/h2>\n<div id=\"chunk-b1b45\" style=\"text-align: justify;\">\n<div class=\"mc-column content-text active-extra-styles\" data-block-type=\"unstyled\" data-block-weight=\"13\" data-block-id=\"23\">\n<p class=\"content-text__container\" data-track-category=\"Link no Texto\" data-track-links=\"\" data-mrf-recirculation=\"Mat\u00e9ria - Links no Texto\">O lan\u00e7amento da CNH Social aconteceu na \u00faltima quinta-feira (8), no Pal\u00e1cio Piratini.<\/p>\n<\/div>\n<\/div>\n<div id=\"chunk-31qf7\">\n<div class=\"mc-column content-text active-extra-styles\" data-block-type=\"unstyled\" data-block-weight=\"41\" data-block-id=\"24\">\n<p class=\"content-text__container\" style=\"text-align: justify;\" data-track-category=\"Link no Texto\" data-track-links=\"\" data-mrf-recirculation=\"Mat\u00e9ria - Links no Texto\">Durante o an\u00fancio, o governador Eduardo Leite ressaltou o papel social do programa e sua contribui\u00e7\u00e3o para a seguran\u00e7a no tr\u00e2nsito. Ele destacou que o custo da CNH muitas vezes impede que pessoas de baixa renda tenham acesso a esse direito.<\/p>\n<div id=\"chunk-bskl\" style=\"text-align: justify;\">\n<div class=\"mc-column content-text active-extra-styles\" data-block-type=\"raw\" data-block-weight=\"18\" data-block-id=\"26\">\n<blockquote class=\"content-blockquote theme-border-color-primary-before\"><p>&#8220;Essa iniciativa n\u00e3o s\u00f3 salva vidas como tamb\u00e9m gera renda, emprego e desenvolvimento para o nosso Estado\u201d, disse.<\/p><\/blockquote>\n<p>&nbsp;<\/p>\n<\/div>\n<\/div>\n<div id=\"chunk-2afm0\" style=\"text-align: justify;\">\n<div class=\"mc-column content-text active-extra-styles\" data-block-type=\"unstyled\" data-block-weight=\"14\" data-block-id=\"27\">\n<p class=\"content-text__container\" data-track-category=\"Link no Texto\" data-track-links=\"\" data-mrf-recirculation=\"Mat\u00e9ria - Links no Texto\">O secret\u00e1rio de Desenvolvimento Social, Beto Fantinel, tamb\u00e9m enfatizou o car\u00e1ter transformador da iniciativa:<\/p>\n<\/div>\n<\/div>\n<div id=\"chunk-3f7ap\">\n<div class=\"mc-column content-text active-extra-styles\" data-block-type=\"unstyled\" data-block-weight=\"43\" data-block-id=\"28\">\n<p class=\"content-text__container\" style=\"text-align: justify;\" data-track-category=\"Link no Texto\" data-track-links=\"\" data-mrf-recirculation=\"Mat\u00e9ria - Links no Texto\">&#8220;A partir desta habilita\u00e7\u00e3o, as pessoas em vulnerabilidade t\u00eam a oportunidade de serem inseridas no mercado de trabalho. Estamos oferecendo oportunidades reais para que mais ga\u00fachos e ga\u00fachas possam conquistar independ\u00eancia financeira, acessar novos empregos, prestar servi\u00e7os ou at\u00e9 mesmo empreender&#8221;, afirmou Fantinel.<\/p>\n<p style=\"text-align: justify;\" data-track-category=\"Link no Texto\" data-track-links=\"\" data-mrf-recirculation=\"Mat\u00e9ria - Links no Texto\"><em>Fonte: g1 RS<\/em><\/p>\n<p style=\"text-align: justify;\" data-track-category=\"Link no Texto\" data-track-links=\"\" data-mrf-recirculation=\"Mat\u00e9ria - Links no Texto\">&nbsp;<\/p>\n<\/div>\n<\/div>\n<\/div>\n<\/div>\n<\/div>\n<\/div>\n<\/div>\n<\/div>\n<\/div>\n<\/div>","protected":false},"excerpt":{"rendered":"<p>Pessoas de baixa renda no Rio Grande do Sul poder\u00e3o conquistar a carteira de motorista&nbsp;sem custos. O programa&nbsp;CNH Social, que oferece&nbsp;tr\u00eas mil vagas gratuitas&nbsp;para a forma\u00e7\u00e3o de condutores,&nbsp;abre as inscri\u00e7\u00f5es&#8230;<\/p>","protected":false},"author":2,"featured_media":69967,"comment_status":"closed","ping_status":"closed","sticky":false,"template":"","format":"standard","meta":{"ngg_post_thumbnail":0,"footnotes":""},"categories":[46,28,33],"tags":[7466,1192],"class_list":["post-69966","post","type-post","status-publish","format-standard","has-post-thumbnail","hentry","category-estado","category-destaque","category-noticias","tag-cnh-social","tag-rio-grande-do-sul"],"amp_enabled":true,"_links":{"self":[{"href":"https:\/\/www2.comunitaria.com.br\/en\/wp-json\/wp\/v2\/posts\/69966","targetHints":{"allow":["GET"]}}],"collection":[{"href":"https:\/\/www2.comunitaria.com.br\/en\/wp-json\/wp\/v2\/posts"}],"about":[{"href":"https:\/\/www2.comunitaria.com.br\/en\/wp-json\/wp\/v2\/types\/post"}],"author":[{"embeddable":true,"href":"https:\/\/www2.comunitaria.com.br\/en\/wp-json\/wp\/v2\/users\/2"}],"replies":[{"embeddable":true,"href":"https:\/\/www2.comunitaria.com.br\/en\/wp-json\/wp\/v2\/comments?post=69966"}],"version-history":[{"count":0,"href":"https:\/\/www2.comunitaria.com.br\/en\/wp-json\/wp\/v2\/posts\/69966\/revisions"}],"wp:featuredmedia":[{"embeddable":true,"href":"https:\/\/www2.comunitaria.com.br\/en\/wp-json\/wp\/v2\/media\/69967"}],"wp:attachment":[{"href":"https:\/\/www2.comunitaria.com.br\/en\/wp-json\/wp\/v2\/media?parent=69966"}],"wp:term":[{"taxonomy":"category","embeddable":true,"href":"https:\/\/www2.comunitaria.com.br\/en\/wp-json\/wp\/v2\/categories?post=69966"},{"taxonomy":"post_tag","embeddable":true,"href":"https:\/\/www2.comunitaria.com.br\/en\/wp-json\/wp\/v2\/tags?post=69966"}],"curies":[{"name":"wp","href":"https:\/\/api.w.org\/{rel}","templated":true}]}}