{"id":69874,"date":"2025-05-05T11:45:40","date_gmt":"2025-05-05T13:45:40","guid":{"rendered":"https:\/\/www2.comunitaria.com.br\/?p=69874"},"modified":"2025-05-05T11:45:40","modified_gmt":"2025-05-05T13:45:40","slug":"chegada-do-frio-reacende-alerta-para-doencas-respiratorias-no-rs-mortes-aumentaram-40","status":"publish","type":"post","link":"https:\/\/www2.comunitaria.com.br\/en\/chegada-do-frio-reacende-alerta-para-doencas-respiratorias-no-rs-mortes-aumentaram-40\/","title":{"rendered":"Chegada do frio reacende alerta para doen\u00e7as respirat\u00f3rias no RS; mortes aumentaram 40%"},"content":{"rendered":"<p style=\"text-align: justify;\">A chegada do frio reacende o alerta para&nbsp;<strong>doen\u00e7as respirat\u00f3rias&nbsp;<\/strong>em&nbsp;Porto Alegre. Desde janeiro, a capital do RS registrou&nbsp;<strong>511 interna\u00e7\u00f5es por doen\u00e7as respirat\u00f3rias<\/strong>, de acordo com a Secretaria Municipal da Sa\u00fade (SMS).<\/p>\n<div id=\"chunk-c6b7b\" style=\"text-align: justify;\">\n<div class=\"mc-column content-text active-extra-styles\" data-block-type=\"unstyled\" data-block-weight=\"52\" data-block-id=\"5\">\n<p class=\"content-text__container\" data-track-category=\"Link no Texto\" data-track-links=\"\" data-mrf-recirculation=\"Mat\u00e9ria - Links no Texto\">No entanto, um dado assusta ainda mais: foram&nbsp;<strong>31 mortes&nbsp;<\/strong>nos primeiros quatro meses, enquanto no mesmo per\u00edodo do ano passado foram registrados&nbsp;<strong>22 \u00f3bitos&nbsp;<\/strong>&#8211; um aumento de cerca de 40%. Nas emerg\u00eancias e pronto-atendimentos, as doen\u00e7as respirat\u00f3rias foram a&nbsp;<strong>principal causa de procura no \u00faltimo feriado<\/strong>, inclusive entre as crian\u00e7as.<\/p>\n<\/div>\n<\/div>\n<div id=\"chunk-ata4p\" style=\"text-align: justify;\">\n<div class=\"mc-column content-text active-extra-styles\" data-block-type=\"unstyled\" data-block-weight=\"35\" data-block-id=\"6\">\n<p class=\"content-text__container\" data-track-category=\"Link no Texto\" data-track-links=\"\" data-mrf-recirculation=\"Mat\u00e9ria - Links no Texto\">A operadora de caixa Camila Rodrigues diz que o filho pequeno teve&nbsp;<span class=\"highlight highlighted\">febre e tosse persistente<\/span>. Ele foi levado na sexta-feira (02) ao pronto-atendimento do Hospital Presidente Vargas, onde&nbsp;<strong>80% dos leitos pedi\u00e1tricos est\u00e3o ocupados<\/strong>.<\/p>\n<\/div>\n<\/div>\n<div id=\"chunk-9206o\" style=\"text-align: justify;\">\n<div class=\"content-ads content-ads--reveal\" data-block-type=\"ads\" data-block-id=\"7\">&nbsp;<\/div>\n<\/div>\n<div id=\"chunk-ah7g6\" style=\"text-align: justify;\">\n<div class=\"mc-column content-text active-extra-styles\" data-block-type=\"raw\" data-block-weight=\"37\" data-block-id=\"8\">\n<p class=\"content-text__container\" data-mrf-recirculation=\"Mat\u00e9ria - Links no Texto\">&nbsp;<\/p>\n<blockquote class=\"content-blockquote theme-border-color-primary-before\"><p>&#8220;Faz meses que ele est\u00e1 com essa fun\u00e7\u00e3o respirat\u00f3ria. A gente vai no posto e eles falam que \u00e9 viral, d\u00e3o medica\u00e7\u00e3o e n\u00e3o resolve&#8221;, diz ela, preocupada com a dificuldade em conseguir um diagn\u00f3stico mais preciso.<\/p><\/blockquote>\n<p>&nbsp;<\/p>\n<\/div>\n<\/div>\n<div id=\"chunk-fh6lf\" style=\"text-align: justify;\">\n<div class=\"mc-column content-text active-extra-styles\" data-block-type=\"unstyled\" data-block-weight=\"28\" data-block-id=\"9\">\n<p class=\"content-text__container\" data-track-category=\"Link no Texto\" data-track-links=\"\" data-mrf-recirculation=\"Mat\u00e9ria - Links no Texto\">A pneumologista Caroline Freiesleben, do Hospital S\u00e3o Lucas da PUCRS, alerta para a&nbsp;<span class=\"highlight highlighted\">import\u00e2ncia de manter o calend\u00e1rio vacinal em dia<\/span>, especialmente com a troca de temperaturas.<\/p>\n<\/div>\n<\/div>\n<div id=\"chunk-el54v\" style=\"text-align: justify;\">\n<div class=\"mc-column content-text active-extra-styles\" data-block-type=\"unstyled\" data-block-weight=\"22\" data-block-id=\"10\">\n<p class=\"content-text__container\" data-track-category=\"Link no Texto\" data-track-links=\"\" data-mrf-recirculation=\"Mat\u00e9ria - Links no Texto\">&#8220;Com a chegada do inverno, \u00e9 importante que as pessoas se mantenham bem cuidadas, principalmente com o calend\u00e1rio de vacina\u00e7\u00e3o&#8221;, destacou Caroline.<\/p>\n<\/div>\n<\/div>\n<div id=\"chunk-8lkp3\" style=\"text-align: justify;\">\n<div class=\"mc-column content-text active-extra-styles\" data-block-type=\"unstyled\" data-block-weight=\"23\" data-block-id=\"11\">\n<p class=\"content-text__container\" data-track-category=\"Link no Texto\" data-track-links=\"\" data-mrf-recirculation=\"Mat\u00e9ria - Links no Texto\">A m\u00e9dica lembra da import\u00e2ncia das vacinas contra o&nbsp;<strong>v\u00edrus sincicial respirat\u00f3rio<\/strong>&nbsp;e a&nbsp;<strong>coqueluche<\/strong>, que recentemente causaram um surto entre as crian\u00e7as.<\/p>\n<\/div>\n<\/div>\n<div id=\"chunk-bv7m7\" style=\"text-align: justify;\">\n<div class=\"mc-column content-text active-extra-styles\" data-block-type=\"raw\" data-block-weight=\"11\" data-block-id=\"12\">\n<p>&nbsp;<\/p>\n<\/div>\n<\/div>\n<div id=\"chunk-8vmhn\" style=\"text-align: justify;\">\n<div class=\"mc-column content-text active-extra-styles\" data-block-type=\"unstyled\" data-block-weight=\"26\" data-block-id=\"13\">\n<p class=\"content-text__container\" data-track-category=\"Link no Texto\" data-track-links=\"\" data-mrf-recirculation=\"Mat\u00e9ria - Links no Texto\">Segundo o boletim Infogripe da Fiocruz, Porto Alegre est\u00e1 entre as&nbsp;<strong>14 capitais&nbsp;<\/strong>com&nbsp;<span class=\"highlight highlighted\">tend\u00eancia de crescimento das s\u00edndromes respirat\u00f3rias agudas graves a longo prazo<\/span>.<\/p>\n<\/div>\n<\/div>\n<div id=\"chunk-1bd96\" style=\"text-align: justify;\">\n<div class=\"mc-column content-text active-extra-styles\" data-block-type=\"unstyled\" data-block-weight=\"35\" data-block-id=\"14\">\n<p class=\"content-text__container\" data-track-category=\"Link no Texto\" data-track-links=\"\" data-mrf-recirculation=\"Mat\u00e9ria - Links no Texto\">O refor\u00e7o das equipes de sa\u00fade para o inverno deve come\u00e7ar nas pr\u00f3ximas semanas, com a contrata\u00e7\u00e3o de&nbsp;<strong>130 profissionais para atuar nos postos e pronto atendimentos<\/strong>, de acordo com o secret\u00e1rio Fernando Ritter.<\/p>\n<\/div>\n<\/div>\n<div id=\"chunk-34enr\" style=\"text-align: justify;\">\n<div class=\"mc-column content-text active-extra-styles\" data-block-type=\"unstyled\" data-block-weight=\"35\" data-block-id=\"15\">\n<p class=\"content-text__container\" data-track-category=\"Link no Texto\" data-track-links=\"\" data-mrf-recirculation=\"Mat\u00e9ria - Links no Texto\">&#8220;Vamos come\u00e7ar agora, no m\u00eas de maio, a ter unidades abertas nos finais de semana, s\u00e1bado e domingo, e tamb\u00e9m vamos ampliar unidades com turno estendido, justamente para prevenir a ocupa\u00e7\u00e3o das emerg\u00eancias&#8221;, explica Ritter.<\/p>\n<\/div>\n<\/div>\n<div id=\"chunk-6tbjv\" style=\"text-align: justify;\">\n<div class=\"content-ads content-ads--reveal\" data-block-type=\"ads\" data-block-id=\"16\">&nbsp;<\/div>\n<\/div>\n<div id=\"chunk-64rt6\">\n<div class=\"mc-column content-text active-extra-styles\" data-block-type=\"unstyled\" data-block-weight=\"53\" data-block-id=\"17\">\n<p class=\"content-text__container\" style=\"text-align: justify;\" data-track-category=\"Link no Texto\" data-track-links=\"\" data-mrf-recirculation=\"Mat\u00e9ria - Links no Texto\">Quem tiver sintomas leves de gripe&nbsp;<strong>deve procurar as unidades b\u00e1sicas de sa\u00fade<\/strong>&nbsp;que funcionam com hor\u00e1rio estendido. Ritter ressalta que Porto Alegre tem&nbsp;<strong>134 unidades de sa\u00fade<\/strong>&nbsp;espalhadas pelos bairros, sendo que&nbsp;<strong>16 funcionam at\u00e9 as 22h<\/strong>, e&nbsp;<strong>56 at\u00e9 as 19h ou 20h<\/strong>, com o objetivo de desafogar as emerg\u00eancias.<\/p>\n<\/div>\n<\/div>","protected":false},"excerpt":{"rendered":"<p>A chegada do frio reacende o alerta para&nbsp;doen\u00e7as respirat\u00f3rias&nbsp;em&nbsp;Porto Alegre. Desde janeiro, a capital do RS registrou&nbsp;511 interna\u00e7\u00f5es por doen\u00e7as respirat\u00f3rias, de acordo com a Secretaria Municipal da Sa\u00fade (SMS)&#8230;.<\/p>","protected":false},"author":2,"featured_media":69875,"comment_status":"closed","ping_status":"closed","sticky":false,"template":"","format":"standard","meta":{"ngg_post_thumbnail":0,"footnotes":""},"categories":[46,28,33,37],"tags":[1192,56],"class_list":["post-69874","post","type-post","status-publish","format-standard","has-post-thumbnail","hentry","category-estado","category-destaque","category-noticias","category-saude","tag-rio-grande-do-sul","tag-vacinacao"],"amp_enabled":true,"_links":{"self":[{"href":"https:\/\/www2.comunitaria.com.br\/en\/wp-json\/wp\/v2\/posts\/69874","targetHints":{"allow":["GET"]}}],"collection":[{"href":"https:\/\/www2.comunitaria.com.br\/en\/wp-json\/wp\/v2\/posts"}],"about":[{"href":"https:\/\/www2.comunitaria.com.br\/en\/wp-json\/wp\/v2\/types\/post"}],"author":[{"embeddable":true,"href":"https:\/\/www2.comunitaria.com.br\/en\/wp-json\/wp\/v2\/users\/2"}],"replies":[{"embeddable":true,"href":"https:\/\/www2.comunitaria.com.br\/en\/wp-json\/wp\/v2\/comments?post=69874"}],"version-history":[{"count":0,"href":"https:\/\/www2.comunitaria.com.br\/en\/wp-json\/wp\/v2\/posts\/69874\/revisions"}],"wp:featuredmedia":[{"embeddable":true,"href":"https:\/\/www2.comunitaria.com.br\/en\/wp-json\/wp\/v2\/media\/69875"}],"wp:attachment":[{"href":"https:\/\/www2.comunitaria.com.br\/en\/wp-json\/wp\/v2\/media?parent=69874"}],"wp:term":[{"taxonomy":"category","embeddable":true,"href":"https:\/\/www2.comunitaria.com.br\/en\/wp-json\/wp\/v2\/categories?post=69874"},{"taxonomy":"post_tag","embeddable":true,"href":"https:\/\/www2.comunitaria.com.br\/en\/wp-json\/wp\/v2\/tags?post=69874"}],"curies":[{"name":"wp","href":"https:\/\/api.w.org\/{rel}","templated":true}]}}