{"id":69870,"date":"2025-05-05T11:36:28","date_gmt":"2025-05-05T13:36:28","guid":{"rendered":"https:\/\/www2.comunitaria.com.br\/?p=69870"},"modified":"2025-05-05T11:36:28","modified_gmt":"2025-05-05T13:36:28","slug":"pai-e-suspeito-de-tentar-matar-a-filha-com-facadas-em-sao-leopoldo-diz-policia-ela-foi-esfaqueada-8-vezes","status":"publish","type":"post","link":"https:\/\/www2.comunitaria.com.br\/en\/pai-e-suspeito-de-tentar-matar-a-filha-com-facadas-em-sao-leopoldo-diz-policia-ela-foi-esfaqueada-8-vezes\/","title":{"rendered":"Pai \u00e9 suspeito de tentar matar a filha com facadas em S\u00e3o Leopoldo, diz pol\u00edcia; ela foi esfaqueada 8 vezes"},"content":{"rendered":"<div id=\"chunk-4rbqc\">\n<div class=\"mc-column content-text active-extra-styles\" data-block-type=\"unstyled\" data-block-weight=\"48\" data-block-id=\"3\">\n<p class=\"content-text__container\" data-track-category=\"Link no Texto\" data-track-links=\"\" data-mrf-recirculation=\"Mat\u00e9ria - Links no Texto\"><span class=\"highlight highlighted\">Uma adolescente de 16 anos est\u00e1 hospitalizada ap\u00f3s ter sido esfaqueada oito vezes<\/span>&nbsp;no domingo (4) em&nbsp;<a class=\"\" href=\"https:\/\/g1.globo.com\/rs\/rio-grande-do-sul\/cidade\/sao-leopoldo\/\" data-mrf-link=\"https:\/\/g1.globo.com\/rs\/rio-grande-do-sul\/cidade\/sao-leopoldo\/\">S\u00e3o Leopoldo<\/a>, na Regi\u00e3o Metropolitana de Porto Alegre.&nbsp;<strong>O suspeito de ter cometido o crime \u00e9 o pai dela<\/strong>, um homem de 36 anos. Ele fugiu ap\u00f3s ter atacado a filha.<\/p>\n<\/div>\n<\/div>\n<div class=\"wall protected-content\">\n<div id=\"chunk-7qc43\">\n<div class=\"mc-column content-text active-extra-styles\" data-block-type=\"unstyled\" data-block-weight=\"40\" data-block-id=\"5\">\n<p class=\"content-text__container\" data-track-category=\"Link no Texto\" data-track-links=\"\" data-mrf-recirculation=\"Mat\u00e9ria - Links no Texto\">De acordo com a Brigada Militar (BM),&nbsp;<span class=\"highlight highlighted\">a pol\u00edcia foi acionada para ir at\u00e9 a casa onde ela residia com o pai e com a madrasta para atender a um caso de viol\u00eancia dom\u00e9stica<\/span>. No local, encontraram a adolescente ferida.<\/p>\n<\/div>\n<\/div>\n<div id=\"chunk-4h90b\">\n<div class=\"mc-column content-text active-extra-styles\" data-block-type=\"unstyled\" data-block-weight=\"41\" data-block-id=\"6\">\n<p class=\"content-text__container\" data-track-category=\"Link no Texto\" data-track-links=\"\" data-mrf-recirculation=\"Mat\u00e9ria - Links no Texto\">O Servi\u00e7o de Atendimento M\u00f3vel de Urg\u00eancia (Samu) foi chamado pelos policiais, que socorreu a adolescente e fez o encaminhamento at\u00e9 o Hospital Centen\u00e1rio, onde recebe atendimento. Na segunda-feira (5), segundo o hospital, ela seguia em atendimento, em estado est\u00e1vel.<\/p>\n<\/div>\n<\/div>\n<div id=\"chunk-8b0sr\">\n<div class=\"content-ads content-ads--reveal\" data-block-type=\"ads\" data-block-id=\"7\">&nbsp;<\/div>\n<\/div>\n<div id=\"chunk-adnum\">\n<div class=\"mc-column content-text active-extra-styles\" data-block-type=\"unstyled\" data-block-weight=\"11\" data-block-id=\"8\">\n<p class=\"content-text__container\" data-track-category=\"Link no Texto\" data-track-links=\"\" data-mrf-recirculation=\"Mat\u00e9ria - Links no Texto\">O pai dela teria fugido ap\u00f3s o crime e \u00e9 procurado.<\/p>\n<p data-track-category=\"Link no Texto\" data-track-links=\"\" data-mrf-recirculation=\"Mat\u00e9ria - Links no Texto\"><em>Fonte: g1 RS<\/em><\/p>\n<p data-track-category=\"Link no Texto\" data-track-links=\"\" data-mrf-recirculation=\"Mat\u00e9ria - Links no Texto\">&nbsp;<\/p>\n<\/div>\n<\/div>\n<div id=\"chunk-9kn9e\">\n<div class=\"mc-column content-text active-extra-styles\" data-block-type=\"raw\" data-block-weight=\"5\" data-block-id=\"9\">\n<p class=\"content-text__container\" data-mrf-recirculation=\"Mat\u00e9ria - Links no Texto\">&nbsp;<\/p>\n<\/div>\n<\/div>\n<\/div>","protected":false},"excerpt":{"rendered":"<p>Uma adolescente de 16 anos est\u00e1 hospitalizada ap\u00f3s ter sido esfaqueada oito vezes&nbsp;no domingo (4) em&nbsp;S\u00e3o Leopoldo, na Regi\u00e3o Metropolitana de Porto Alegre.&nbsp;O suspeito de ter cometido o crime \u00e9&#8230;<\/p>","protected":false},"author":2,"featured_media":69871,"comment_status":"closed","ping_status":"closed","sticky":false,"template":"","format":"standard","meta":{"ngg_post_thumbnail":0,"footnotes":""},"categories":[46,28,33],"tags":[6611],"class_list":["post-69870","post","type-post","status-publish","format-standard","has-post-thumbnail","hentry","category-estado","category-destaque","category-noticias","tag-sao-leopoldo"],"amp_enabled":true,"_links":{"self":[{"href":"https:\/\/www2.comunitaria.com.br\/en\/wp-json\/wp\/v2\/posts\/69870","targetHints":{"allow":["GET"]}}],"collection":[{"href":"https:\/\/www2.comunitaria.com.br\/en\/wp-json\/wp\/v2\/posts"}],"about":[{"href":"https:\/\/www2.comunitaria.com.br\/en\/wp-json\/wp\/v2\/types\/post"}],"author":[{"embeddable":true,"href":"https:\/\/www2.comunitaria.com.br\/en\/wp-json\/wp\/v2\/users\/2"}],"replies":[{"embeddable":true,"href":"https:\/\/www2.comunitaria.com.br\/en\/wp-json\/wp\/v2\/comments?post=69870"}],"version-history":[{"count":0,"href":"https:\/\/www2.comunitaria.com.br\/en\/wp-json\/wp\/v2\/posts\/69870\/revisions"}],"wp:featuredmedia":[{"embeddable":true,"href":"https:\/\/www2.comunitaria.com.br\/en\/wp-json\/wp\/v2\/media\/69871"}],"wp:attachment":[{"href":"https:\/\/www2.comunitaria.com.br\/en\/wp-json\/wp\/v2\/media?parent=69870"}],"wp:term":[{"taxonomy":"category","embeddable":true,"href":"https:\/\/www2.comunitaria.com.br\/en\/wp-json\/wp\/v2\/categories?post=69870"},{"taxonomy":"post_tag","embeddable":true,"href":"https:\/\/www2.comunitaria.com.br\/en\/wp-json\/wp\/v2\/tags?post=69870"}],"curies":[{"name":"wp","href":"https:\/\/api.w.org\/{rel}","templated":true}]}}