{"id":69745,"date":"2025-04-23T11:22:45","date_gmt":"2025-04-23T13:22:45","guid":{"rendered":"https:\/\/www2.comunitaria.com.br\/?p=69745"},"modified":"2025-04-23T11:22:45","modified_gmt":"2025-04-23T13:22:45","slug":"apos-decreto-de-emergencia-por-epidemia-de-dengue-exercito-vai-apoiar-mutiroes-e-aplicacao-de-inseticidas-em-porto-alegre","status":"publish","type":"post","link":"https:\/\/www2.comunitaria.com.br\/en\/apos-decreto-de-emergencia-por-epidemia-de-dengue-exercito-vai-apoiar-mutiroes-e-aplicacao-de-inseticidas-em-porto-alegre\/","title":{"rendered":"Ap\u00f3s decreto de emerg\u00eancia por epidemia de dengue, Ex\u00e9rcito vai apoiar mutir\u00f5es e aplica\u00e7\u00e3o de inseticidas em Porto Alegre"},"content":{"rendered":"<div id=\"chunk-69eam\">\n<div class=\"mc-column content-text active-extra-styles\" data-block-type=\"unstyled\" data-block-weight=\"44\" data-block-id=\"4\">\n<p class=\"content-text__container\" style=\"text-align: justify;\" data-track-category=\"Link no Texto\" data-track-links=\"\" data-mrf-recirculation=\"Mat\u00e9ria - Links no Texto\">O Ex\u00e9rcito Brasileiro vai se integrar \u00e0 Prefeitura de&nbsp;Porto Alegre&nbsp;nas a\u00e7\u00f5es de enfrentamento \u00e0 dengue. A defini\u00e7\u00e3o da atua\u00e7\u00e3o em conjunto foi anunciada na manh\u00e3 desta ter\u00e7a-feira (22), ap\u00f3s reuni\u00e3o. A capital tem&nbsp;<strong>4,6 mil casos confirmados<\/strong>&nbsp;e&nbsp;<strong>duas mortes&nbsp;<\/strong>pela doen\u00e7a.<\/p>\n<\/div>\n<\/div>\n<div class=\"wall protected-content\">\n<div id=\"chunk-30g8s\" style=\"text-align: justify;\">\n<div class=\"mc-column content-text active-extra-styles\" data-block-type=\"unstyled\" data-block-weight=\"34\" data-block-id=\"6\">\n<p class=\"content-text__container\" data-track-category=\"Link no Texto\" data-track-links=\"\" data-mrf-recirculation=\"Mat\u00e9ria - Links no Texto\">Os militares dever\u00e3o atuar em duas frentes:&nbsp;<strong>atividades de conscientiza\u00e7\u00e3o da popula\u00e7\u00e3o<\/strong>, com equipes nas ruas, e&nbsp;<strong>apoio log\u00edstico na aplica\u00e7\u00e3o de inseticida<\/strong>&nbsp;nos bairros com maior n\u00famero de casos, especialmente na Zona Norte.<\/p>\n<\/div>\n<\/div>\n<div id=\"chunk-a51t1\" style=\"text-align: justify;\">\n<div class=\"mc-column content-text active-extra-styles\" data-block-type=\"unstyled\" data-block-weight=\"25\" data-block-id=\"7\">\n<p class=\"content-text__container\" data-track-category=\"Link no Texto\" data-track-links=\"\" data-mrf-recirculation=\"Mat\u00e9ria - Links no Texto\">De acordo com o Executivo municipal, a capacita\u00e7\u00e3o dos militares deve ocorrer ainda nesta semana. A atua\u00e7\u00e3o das equipes est\u00e1 prevista para os pr\u00f3ximos dias.<\/p>\n<\/div>\n<\/div>\n<div id=\"chunk-5tg64\" style=\"text-align: justify;\">\n<div class=\"content-ads content-ads--reveal\" data-block-type=\"ads\" data-block-id=\"8\">&nbsp;<\/div>\n<\/div>\n<div id=\"chunk-2jad0\" style=\"text-align: justify;\">\n<div class=\"mc-column content-text active-extra-styles\" data-block-type=\"unstyled\" data-block-weight=\"56\" data-block-id=\"9\">\n<p class=\"content-text__container\" data-track-category=\"Link no Texto\" data-track-links=\"\" data-mrf-recirculation=\"Mat\u00e9ria - Links no Texto\">Na quinta-feira (17),&nbsp;a prefeitura decretou situa\u00e7\u00e3o de emerg\u00eancia em sa\u00fade p\u00fablica&nbsp;em raz\u00e3o da epidemia de dengue. A medida viabiliza a\u00e7\u00f5es como aquisi\u00e7\u00e3o imediata de insumos, prorroga\u00e7\u00e3o de contratos e conv\u00eanios, assist\u00eancia m\u00e9dica a pacientes e a\u00e7\u00f5es de controle ambiental. Um hospital de&nbsp;campanha foi montado na capital para apoiar o atendimento aos pacientes.<\/p>\n<\/div>\n<\/div>\n<div id=\"chunk-6a6gq\" style=\"text-align: justify;\">\n<div class=\"mc-column content-text active-extra-styles\" data-block-type=\"raw\" data-block-weight=\"1\" data-block-id=\"10\">\n<p class=\"content-text__container\" data-mrf-recirculation=\"Mat\u00e9ria - Links no Texto\">&nbsp;<\/p>\n<div class=\"content-intertitle\">\n<h2>Sintomas<\/h2>\n<\/div>\n<p>&nbsp;<\/p>\n<\/div>\n<\/div>\n<div id=\"chunk-6g595\" style=\"text-align: justify;\">\n<div class=\"mc-column content-text active-extra-styles\" data-block-type=\"unstyled\" data-block-weight=\"41\" data-block-id=\"11\">\n<p class=\"content-text__container\" data-track-category=\"Link no Texto\" data-track-links=\"\" data-mrf-recirculation=\"Mat\u00e9ria - Links no Texto\">A dengue \u00e9 uma doen\u00e7a infecciosa causada pelo v\u00edrus da dengue, transmitida principalmente pela picada do mosquito&nbsp;<em>Aedes aegypti<\/em>&nbsp;infectado. \u00c9 uma das principais doen\u00e7as transmiss\u00edveis por vetores do mundo, e pode causar sintomas graves e potencialmente fatais. Os sintomas s\u00e3o:<\/p>\n<\/div>\n<\/div>\n<div id=\"chunk-es0ne\">\n<div class=\"mc-column content-text active-extra-styles\" data-block-type=\"raw\" data-block-weight=\"38\" data-block-id=\"12\">\n<p class=\"content-text__container\" style=\"text-align: justify;\" data-mrf-recirculation=\"Mat\u00e9ria - Links no Texto\">&nbsp;<\/p>\n<ul class=\"content-unordered-list\">\n<li style=\"text-align: justify;\">febre alta (39\u00b0C a 40\u00b0C), com dura\u00e7\u00e3o de dois a sete dias<\/li>\n<li style=\"text-align: justify;\">dor atr\u00e1s dos olhos<\/li>\n<li style=\"text-align: justify;\">dor de cabe\u00e7a<\/li>\n<li style=\"text-align: justify;\">dor no corpo<\/li>\n<li style=\"text-align: justify;\">dor nas articula\u00e7\u00f5es<\/li>\n<li style=\"text-align: justify;\">mal-estar geral<\/li>\n<li style=\"text-align: justify;\">n\u00e1usea<\/li>\n<li style=\"text-align: justify;\">v\u00f4mito<\/li>\n<li style=\"text-align: justify;\">diarreia<\/li>\n<li style=\"text-align: justify;\">manchas vermelhas na pele, com ou sem coceira<\/li>\n<\/ul>\n<p><em>Fonte: g1 RS<\/em><\/p>\n<p><em>Foto: Divulga\u00e7\u00e3o\/Comando Militar do Sul<\/em><\/p>\n<\/div>\n<\/div>\n<\/div>","protected":false},"excerpt":{"rendered":"<p>O Ex\u00e9rcito Brasileiro vai se integrar \u00e0 Prefeitura de&nbsp;Porto Alegre&nbsp;nas a\u00e7\u00f5es de enfrentamento \u00e0 dengue. A defini\u00e7\u00e3o da atua\u00e7\u00e3o em conjunto foi anunciada na manh\u00e3 desta ter\u00e7a-feira (22), ap\u00f3s reuni\u00e3o&#8230;.<\/p>","protected":false},"author":2,"featured_media":69746,"comment_status":"closed","ping_status":"closed","sticky":false,"template":"","format":"standard","meta":{"ngg_post_thumbnail":0,"footnotes":""},"categories":[46,3615,28,33],"tags":[832,7440,1359],"class_list":["post-69745","post","type-post","status-publish","format-standard","has-post-thumbnail","hentry","category-estado","category-meio-ambiente","category-destaque","category-noticias","tag-dengue","tag-epidemia","tag-porto-alegre"],"amp_enabled":true,"_links":{"self":[{"href":"https:\/\/www2.comunitaria.com.br\/en\/wp-json\/wp\/v2\/posts\/69745","targetHints":{"allow":["GET"]}}],"collection":[{"href":"https:\/\/www2.comunitaria.com.br\/en\/wp-json\/wp\/v2\/posts"}],"about":[{"href":"https:\/\/www2.comunitaria.com.br\/en\/wp-json\/wp\/v2\/types\/post"}],"author":[{"embeddable":true,"href":"https:\/\/www2.comunitaria.com.br\/en\/wp-json\/wp\/v2\/users\/2"}],"replies":[{"embeddable":true,"href":"https:\/\/www2.comunitaria.com.br\/en\/wp-json\/wp\/v2\/comments?post=69745"}],"version-history":[{"count":0,"href":"https:\/\/www2.comunitaria.com.br\/en\/wp-json\/wp\/v2\/posts\/69745\/revisions"}],"wp:featuredmedia":[{"embeddable":true,"href":"https:\/\/www2.comunitaria.com.br\/en\/wp-json\/wp\/v2\/media\/69746"}],"wp:attachment":[{"href":"https:\/\/www2.comunitaria.com.br\/en\/wp-json\/wp\/v2\/media?parent=69745"}],"wp:term":[{"taxonomy":"category","embeddable":true,"href":"https:\/\/www2.comunitaria.com.br\/en\/wp-json\/wp\/v2\/categories?post=69745"},{"taxonomy":"post_tag","embeddable":true,"href":"https:\/\/www2.comunitaria.com.br\/en\/wp-json\/wp\/v2\/tags?post=69745"}],"curies":[{"name":"wp","href":"https:\/\/api.w.org\/{rel}","templated":true}]}}