{"id":69575,"date":"2025-04-11T10:58:32","date_gmt":"2025-04-11T12:58:32","guid":{"rendered":"https:\/\/www2.comunitaria.com.br\/?p=69575"},"modified":"2025-04-11T10:58:32","modified_gmt":"2025-04-11T12:58:32","slug":"safra-gaucha-de-graos-esta-estimada-em-339-milhoes-de-toneladas-aponta-novo-levantamento-da-conab","status":"publish","type":"post","link":"https:\/\/www2.comunitaria.com.br\/en\/safra-gaucha-de-graos-esta-estimada-em-339-milhoes-de-toneladas-aponta-novo-levantamento-da-conab\/","title":{"rendered":"Safra ga\u00facha de gr\u00e3os est\u00e1 estimada em 33,9 milh\u00f5es de toneladas, aponta novo levantamento da Conab"},"content":{"rendered":"<div>\n<audio class=\"wp-audio-shortcode\" id=\"audio-69575-1\" preload=\"none\" style=\"width: 100%;\" controls=\"controls\"><source type=\"audio\/mpeg\" src=\"http:\/\/www2.comunitaria.com.br\/wp-content\/uploads\/2025\/04\/Sonora-Edegar-Pretto-7o-Levantamento-safra-de-graos-no-RS.mp3?_=1\" \/><a href=\"http:\/\/www2.comunitaria.com.br\/wp-content\/uploads\/2025\/04\/Sonora-Edegar-Pretto-7o-Levantamento-safra-de-graos-no-RS.mp3\">http:\/\/www2.comunitaria.com.br\/wp-content\/uploads\/2025\/04\/Sonora-Edegar-Pretto-7o-Levantamento-safra-de-graos-no-RS.mp3<\/a><\/audio><\/p>\n<p dir=\"ltr\">&nbsp;<\/p>\n<p dir=\"ltr\" style=\"text-align: justify;\">O s\u00e9timo levantamento da safra 2024\/2025, divulgado na manh\u00e3 desta quinta-feira (10) pela Companhia Nacional de Abastecimento (Conab), mostra que o Rio Grande do Sul deve produzir 33,9 milh\u00f5es de toneladas de gr\u00e3os, uma queda de 8% em rela\u00e7\u00e3o ao ciclo anterior. Apesar da baixa, o estado ga\u00facho se mant\u00e9m na quarta posi\u00e7\u00e3o entre os maiores produtores de gr\u00e3os, atr\u00e1s de Mato Grosso, Paran\u00e1 e Goi\u00e1s. Para a \u00e1rea, est\u00e3o projetadas 10,45 milh\u00f5es de hectares, com um crescimento de 0,3%.<\/p>\n<p dir=\"ltr\" style=\"text-align: justify;\">A redu\u00e7\u00e3o na safra ga\u00facha de gr\u00e3os \u00e9 explicada, principalmente, pela queda de 25,7% na produ\u00e7\u00e3o de soja, em compara\u00e7\u00e3o com a safra passada. A previs\u00e3o \u00e9 que o estado produza 14,6 milh\u00f5es de toneladas. A \u00e1rea plantada est\u00e1 estimada em 6,84 milh\u00f5es de hectares, um aumento de 1,1%. \u201cO Rio Grande do Sul est\u00e1 passando poruma situa\u00e7\u00e3o dram\u00e1tica na quest\u00e3o clim\u00e1tica. A safra de soja foi prejudicada pela escassez de chuva e os calores extremos, o que comprometeu a produtividade da cultura\u201d, afirma o presidente da Conab, Edegar Pretto.&nbsp;<\/p>\n<p dir=\"ltr\" style=\"text-align: justify;\">Embora as precipita\u00e7\u00f5es tenham aumentado em volume e frequ\u00eancia a partir de fevereiro, n\u00e3o foram suficientes para reverter a situa\u00e7\u00e3o de estresse h\u00eddrico nas lavouras. Al\u00e9m disso, as ondas de calor tamb\u00e9m prejudicaram o desenvolvimento das plantas. Atualmente, 35% da \u00e1rea cultivada j\u00e1 foi colhida, com qualidade vari\u00e1vel nos gr\u00e3os.<\/p>\n<p dir=\"ltr\" style=\"text-align: justify;\">Situa\u00e7\u00e3o de outras culturas no RS<\/p>\n<p dir=\"ltr\" style=\"text-align: justify;\">Arroz \u2013&nbsp;A previs\u00e3o de colheita de arroz \u00e9 de 8,3 milh\u00f5es de toneladas, um aumento de 15,9% em rela\u00e7\u00e3o \u00e0 safra passada. A \u00e1rea plantada est\u00e1 estimada em 951,9 mil hectares, uma eleva\u00e7\u00e3o de 5,7%. A produtividade das lavouras colhidas at\u00e9 o momento \u00e9 considerada boa, principalmente nas \u00e1reas semeadas no per\u00edodo ideal, que se beneficiaram de condi\u00e7\u00f5es meteorol\u00f3gicas favor\u00e1veis. Por\u00e9m, as ondas de calor durante o enchimento dos gr\u00e3os aumentaram o percentual de gr\u00e3os avariados em algumas regi\u00f5es. A opera\u00e7\u00e3o de colheita avan\u00e7ou significativamente, alcan\u00e7ando 65% da \u00e1rea cultivada.&nbsp;<\/p>\n<p dir=\"ltr\" style=\"text-align: justify;\">Feij\u00e3o \u2013&nbsp;A produ\u00e7\u00e3o de feij\u00e3o deve somar 76,9 mil toneladas, cultivadas em uma \u00e1rea de 48,5 mil hectares. O crescimento na produ\u00e7\u00e3o em rela\u00e7\u00e3o ao ciclo passado \u00e9 de 7,3%. O baixo volume de chuvas e as altas temperaturas no Planalto Superior, que \u00e9 a principal regi\u00e3o produtora do estado, causaram sintomas de estresse h\u00eddrico na cultura da 1\u00aa safra. A retomada das chuvas \u00e9 essencial para manter as expectativas de boas produtividades, j\u00e1 que as lavouras est\u00e3o em fase de florescimento e enchimento de gr\u00e3os. Nas demais regi\u00f5es, a colheita j\u00e1 est\u00e1 praticamente conclu\u00edda.<\/p>\n<p dir=\"ltr\" style=\"text-align: justify;\">Milho \u2013&nbsp;A proje\u00e7\u00e3o de produ\u00e7\u00e3o \u00e9 de 5,51 milh\u00f5es de toneladas, 13,7% a mais do que na safra passada. A \u00e1rea destinada ao cultivo \u00e9 de 719,6 mil hectares, o que representa uma redu\u00e7\u00e3o de 11,7%. A colheita, que j\u00e1 alcan\u00e7a 86% da \u00e1rea cultivada, est\u00e1 concentrada no Planalto Superior, onde a semeadura foi mais tardia e ainda restam \u00e1reas a serem colhidas, al\u00e9m das lavouras cultivadas na safrinha. A estiagem afetou as lavouras durante o desenvolvimento vegetativo, florescimento e enchimento de gr\u00e3os, reduzindo a expectativa de produtividade. Apesar disso, as \u00e1reas colhidas at\u00e9 o momento apresentaram boas produtividades, especialmente nas lavouras semeadas no in\u00edcio da janela de semeadura, que se beneficiaram de um bom regime pluviom\u00e9trico.<\/p>\n<p>Trigo \u2013&nbsp;Considerada a principal cultura de inverno no estado, a produ\u00e7\u00e3o de trigo deve totalizar 4,09 milh\u00f5es de toneladas, um crescimento de 4,4% em rela\u00e7\u00e3o \u00e0 safra 2023\/2024. A \u00e1rea dedicada ao cultivo est\u00e1 estimada em 1,29 milh\u00e3o de hectares, com uma redu\u00e7\u00e3o de 3,8%. Apesar da expectativa de diminui\u00e7\u00e3o da \u00e1rea cultivada, a produtividade deve apresentar melhora. A semeadura do cereal dever\u00e1 iniciar apenas em maio nas regi\u00f5es mais quentes do estado, como o Alto Uruguai, a Fronteira Oeste e a Miss\u00f5es.<\/p>\n<p><span id=\"m_3803527148129920487m_1601715356558143699m_-7624241107302545987gmail-docs-internal-guid-a6ec93b7-7fff-0b0c-97b0-dcf64a4e3eba\"><\/p>\n<p><em>Foto: Luiz Henrique Magnante\/Embrapa<\/em><br \/>\n<em>Sonora:&nbsp;Presidente da Conab, Edegar Pretto, comenta sobre as estimativas da safra ga\u00facha de gr\u00e3os e a antecipa\u00e7\u00e3o dos contratos de op\u00e7\u00e3o de venda de arroz.<\/em><\/span><\/div>","protected":false},"excerpt":{"rendered":"<p>&nbsp; O s\u00e9timo levantamento da safra 2024\/2025, divulgado na manh\u00e3 desta quinta-feira (10) pela Companhia Nacional de Abastecimento (Conab), mostra que o Rio Grande do Sul deve produzir 33,9 milh\u00f5es&#8230;<\/p>","protected":false},"author":2,"featured_media":69577,"comment_status":"closed","ping_status":"closed","sticky":false,"template":"","format":"standard","meta":{"ngg_post_thumbnail":0,"footnotes":""},"categories":[6254,39,46,28,33],"tags":[4807,1470],"class_list":["post-69575","post","type-post","status-publish","format-standard","has-post-thumbnail","hentry","category-agricultura","category-economia","category-estado","category-destaque","category-noticias","tag-conab","tag-safra"],"amp_enabled":true,"_links":{"self":[{"href":"https:\/\/www2.comunitaria.com.br\/en\/wp-json\/wp\/v2\/posts\/69575","targetHints":{"allow":["GET"]}}],"collection":[{"href":"https:\/\/www2.comunitaria.com.br\/en\/wp-json\/wp\/v2\/posts"}],"about":[{"href":"https:\/\/www2.comunitaria.com.br\/en\/wp-json\/wp\/v2\/types\/post"}],"author":[{"embeddable":true,"href":"https:\/\/www2.comunitaria.com.br\/en\/wp-json\/wp\/v2\/users\/2"}],"replies":[{"embeddable":true,"href":"https:\/\/www2.comunitaria.com.br\/en\/wp-json\/wp\/v2\/comments?post=69575"}],"version-history":[{"count":0,"href":"https:\/\/www2.comunitaria.com.br\/en\/wp-json\/wp\/v2\/posts\/69575\/revisions"}],"wp:featuredmedia":[{"embeddable":true,"href":"https:\/\/www2.comunitaria.com.br\/en\/wp-json\/wp\/v2\/media\/69577"}],"wp:attachment":[{"href":"https:\/\/www2.comunitaria.com.br\/en\/wp-json\/wp\/v2\/media?parent=69575"}],"wp:term":[{"taxonomy":"category","embeddable":true,"href":"https:\/\/www2.comunitaria.com.br\/en\/wp-json\/wp\/v2\/categories?post=69575"},{"taxonomy":"post_tag","embeddable":true,"href":"https:\/\/www2.comunitaria.com.br\/en\/wp-json\/wp\/v2\/tags?post=69575"}],"curies":[{"name":"wp","href":"https:\/\/api.w.org\/{rel}","templated":true}]}}