{"id":69481,"date":"2025-04-04T12:47:56","date_gmt":"2025-04-04T14:47:56","guid":{"rendered":"https:\/\/www2.comunitaria.com.br\/?p=69481"},"modified":"2025-04-04T12:47:56","modified_gmt":"2025-04-04T14:47:56","slug":"curso-de-licenciatura-em-computacao-ead-da-ufsm-fw-realiza-colacao-de-grau-de-sua-segunda-turma","status":"publish","type":"post","link":"https:\/\/www2.comunitaria.com.br\/en\/curso-de-licenciatura-em-computacao-ead-da-ufsm-fw-realiza-colacao-de-grau-de-sua-segunda-turma\/","title":{"rendered":"Curso de Licenciatura em Computa\u00e7\u00e3o EaD da UFSM\/FW realiza cola\u00e7\u00e3o de grau de sua segunda turma"},"content":{"rendered":"<p style=\"text-align: justify;\"><span style=\"font-weight: 400;\">Aconteceu, na noite de ontem (3), a cola\u00e7\u00e3o de grau da segunda turma do Curso de Licenciatura em Computa\u00e7\u00e3o EaD, do Campus da Universidade Federal de Santa Maria em Frederico Westphalen (UFSM\/FW). A solenidade foi realizada por meio de videoconfer\u00eancia, e conferiu o grau de Licenciado(a) em Computa\u00e7\u00e3o a sete alunos(as), dos polos de Tr\u00eas de Maio, Cachoeira do Sul, Tio Hugo e Jacuizinho. O grau foi outorgado pelo Coordenador do Curso, Sidnei Renato Silveira.<\/span><\/p>\n<p style=\"text-align: justify;\"><span style=\"font-weight: 400;\">Estiveram presentes na cola\u00e7\u00e3o de grau a Vice-Diretora da UFSM\/FW, Professora Eliane Pereira dos Santos, o Coordenador e Paraninfo do Curso de Licenciatura em Computa\u00e7\u00e3o EaD, Professor Sidnei Renato Silveira, o Patrono do Curso, Professor F\u00e1bio Jos\u00e9 Parreira, e os(as) Homenageados(as) da turma, Docentes Ricardo Cocco e Tatiane Peixoto Isaia. Na ocasi\u00e3o, o Coordenador do Curso entregou men\u00e7\u00e3o honrosa aos(\u00e0) alunos(a) destaque da turma: Neimar Alves (1\u00ba lugar), Angela Raquel Cembranel (2\u00ba lugar) e Eduardo Martinello (3\u00ba lugar).&nbsp;<\/span><\/p>\n<p style=\"text-align: justify;\"><span style=\"font-weight: 400;\">O Campus da UFSM\/FW oferece o curso de Licenciatura em Computa\u00e7\u00e3o em modalidade de Educa\u00e7\u00e3o a Dist\u00e2ncia (EAD), no \u00e2mbito da UAB (Universidade Aberta do Brasil). A gradua\u00e7\u00e3o possui nota m\u00e1xima (5) na avalia\u00e7\u00e3o de reconhecimento do curso, realizada em 2023, pelo Minist\u00e9rio da Educa\u00e7\u00e3o (MEC). O curso tem dura\u00e7\u00e3o de oito semestres letivos, e atualmente possui alunos(as) matriculados(as) em seis polos: Balne\u00e1rio Pinhal, Cruz Alta, Cangu\u00e7u, S\u00e3o Gabriel, Sapiranga e Hulha Negra.<\/span><\/p>\n<p style=\"text-align: justify;\"><span style=\"font-weight: 400;\">A UFSM\/FW parabeniza todos(as) os(as) novos(as) profissionais e deseja sucesso em suas trajet\u00f3rias!<\/span><\/p>","protected":false},"excerpt":{"rendered":"<p>Aconteceu, na noite de ontem (3), a cola\u00e7\u00e3o de grau da segunda turma do Curso de Licenciatura em Computa\u00e7\u00e3o EaD, do Campus da Universidade Federal de Santa Maria em Frederico&#8230;<\/p>","protected":false},"author":2,"featured_media":69482,"comment_status":"closed","ping_status":"closed","sticky":false,"template":"","format":"standard","meta":{"ngg_post_thumbnail":0,"footnotes":""},"categories":[44,46,42,28,33,43],"tags":[1428],"class_list":["post-69481","post","type-post","status-publish","format-standard","has-post-thumbnail","hentry","category-educacao","category-estado","category-fred-west","category-destaque","category-noticias","category-regiao","tag-ufsmfw"],"amp_enabled":true,"_links":{"self":[{"href":"https:\/\/www2.comunitaria.com.br\/en\/wp-json\/wp\/v2\/posts\/69481","targetHints":{"allow":["GET"]}}],"collection":[{"href":"https:\/\/www2.comunitaria.com.br\/en\/wp-json\/wp\/v2\/posts"}],"about":[{"href":"https:\/\/www2.comunitaria.com.br\/en\/wp-json\/wp\/v2\/types\/post"}],"author":[{"embeddable":true,"href":"https:\/\/www2.comunitaria.com.br\/en\/wp-json\/wp\/v2\/users\/2"}],"replies":[{"embeddable":true,"href":"https:\/\/www2.comunitaria.com.br\/en\/wp-json\/wp\/v2\/comments?post=69481"}],"version-history":[{"count":0,"href":"https:\/\/www2.comunitaria.com.br\/en\/wp-json\/wp\/v2\/posts\/69481\/revisions"}],"wp:featuredmedia":[{"embeddable":true,"href":"https:\/\/www2.comunitaria.com.br\/en\/wp-json\/wp\/v2\/media\/69482"}],"wp:attachment":[{"href":"https:\/\/www2.comunitaria.com.br\/en\/wp-json\/wp\/v2\/media?parent=69481"}],"wp:term":[{"taxonomy":"category","embeddable":true,"href":"https:\/\/www2.comunitaria.com.br\/en\/wp-json\/wp\/v2\/categories?post=69481"},{"taxonomy":"post_tag","embeddable":true,"href":"https:\/\/www2.comunitaria.com.br\/en\/wp-json\/wp\/v2\/tags?post=69481"}],"curies":[{"name":"wp","href":"https:\/\/api.w.org\/{rel}","templated":true}]}}