{"id":69475,"date":"2025-04-04T12:39:53","date_gmt":"2025-04-04T14:39:53","guid":{"rendered":"https:\/\/www2.comunitaria.com.br\/?p=69475"},"modified":"2025-04-04T12:40:14","modified_gmt":"2025-04-04T14:40:14","slug":"curso-de-engenharia-florestal-da-ufsm-fw-realiza-xii-semana-academica","status":"publish","type":"post","link":"https:\/\/www2.comunitaria.com.br\/en\/curso-de-engenharia-florestal-da-ufsm-fw-realiza-xii-semana-academica\/","title":{"rendered":"Curso de Engenharia Florestal da UFSM\/FW realiza XII Semana Acad\u00eamica"},"content":{"rendered":"<p style=\"text-align: justify;\"><span style=\"font-weight: 400;\">O curso de Engenharia Florestal do Campus da Universidade Federal&nbsp; de Santa Maria em Frederico Westphalen (UFSM\/FW) juntamente com o Diret\u00f3rio Acad\u00eamico Florescer realizou a XII Semana Acad\u00eamica do curso, que aconteceu nos dias 31 de mar\u00e7o e 2 de abril. A programa\u00e7\u00e3o contou com cinco palestras, tr\u00eas minicursos e a&nbsp; premia\u00e7\u00e3o do 2\u00ba Concurso de Fotografia da Engenharia Ambiental, trazendo debates e muito aprendizado.<\/span><\/p>\n<p style=\"text-align: justify;\">&nbsp;<\/p>\n<p style=\"text-align: justify;\"><span style=\"font-weight: 400;\">A Semana Acad\u00eamica teve in\u00edcio na segunda-feira, 31, com a palestra \u201cLinhas de cr\u00e9dito no setor florestal\u201d ministrada por representantes do banco Sicredi. Na sequ\u00eancia, o palestrante&nbsp; Rodrigo Rubin falou sobre \u201cEquipamentos Florestais e o Cen\u00e1rio Atual\u201d. Durante a tarde, ocorreram os minicursos de \u201cCorelDraw\u201d com Tauana Mangini e de \u201cEscrita Acad\u00eamica\u201d com Claiton Nardini.<\/span><\/p>\n<p style=\"text-align: justify;\">&nbsp;<\/p>\n<p style=\"text-align: justify;\"><span style=\"font-weight: 400;\">Na quarta-feira, 2, a programa\u00e7\u00e3o contou com as palestras: \u201cManejo Sustent\u00e1vel e Monitoramento de florestas nativas na Amaz\u00f4nia\u201d, com a Professora Marta Sccoti;&nbsp; \u201cCr\u00e9dito de carbono e o cen\u00e1rio atual\u201d, ministrada por D\u00e9bora Pasa e \u201cGeorreferenciamento e Topografia no dia a dia\u201d, com Tiago Ferreira. \u00c0 tarde, houve o minicurso sobre \u201cAutoma\u00e7\u00e3o de c\u00e1lculos utilizando o Excel\u201d, com Jean Favaretto e, para encerrar, a premia\u00e7\u00e3o do 2\u00ba Concurso de Fotografia da Engenharia Florestal, na qual a foto da aluna Geisa Isamara Zanini obteve o primeiro lugar.<\/span><\/p>\n<p style=\"text-align: justify;\">&nbsp;<\/p>\n<p style=\"text-align: justify;\"><span style=\"font-weight: 400;\">O Curso de Engenharia Florestal segue com atividades nos dias 3 e 4 de abril, com a realiza\u00e7\u00e3o da 3<\/span><span style=\"font-weight: 400;\">a <\/span><span style=\"font-weight: 400;\">Olimp\u00edada Florestal, que re\u00fane alunos e professores em uma gincana com diversas provas relacionadas ao curso, unindo aprendizado, divers\u00e3o e competi\u00e7\u00e3o.<\/span><\/p>\n<p style=\"text-align: justify;\">&nbsp;<\/p>\n<p style=\"text-align: justify;\"><b><i>Texto:<\/i><\/b><i><span style=\"font-weight: 400;\"> Conrado de Paula Araujo, estudante de Jornalismo e bolsista da Ag\u00eancia de Not\u00edcias<\/span><\/i><\/p>\n<p style=\"text-align: justify;\"><b><i>Fotos:<\/i><\/b><i><span style=\"font-weight: 400;\"> Conrado de Paula Araujo e Aline Eduarda Iora (estudante de Rela\u00e7\u00f5es P\u00fablicas e bolsista da Assessoria de Comunica\u00e7\u00e3o)&nbsp;<\/span><\/i><\/p>\n<p style=\"text-align: justify;\"><b><i>Edi\u00e7\u00e3o: <\/i><\/b><i><span style=\"font-weight: 400;\">Gracieli Fernandes, Divis\u00e3o de Divulga\u00e7\u00e3o Institucional da UFSM\/FW<\/span><\/i><\/p>","protected":false},"excerpt":{"rendered":"<p>O curso de Engenharia Florestal do Campus da Universidade Federal&nbsp; de Santa Maria em Frederico Westphalen (UFSM\/FW) juntamente com o Diret\u00f3rio Acad\u00eamico Florescer realizou a XII Semana Acad\u00eamica do curso,&#8230;<\/p>","protected":false},"author":2,"featured_media":69477,"comment_status":"closed","ping_status":"closed","sticky":false,"template":"","format":"standard","meta":{"ngg_post_thumbnail":0,"footnotes":""},"categories":[44,42,28,33],"tags":[151,1428],"class_list":["post-69475","post","type-post","status-publish","format-standard","has-post-thumbnail","hentry","category-educacao","category-fred-west","category-destaque","category-noticias","tag-engenharia-florestal","tag-ufsmfw"],"amp_enabled":true,"_links":{"self":[{"href":"https:\/\/www2.comunitaria.com.br\/en\/wp-json\/wp\/v2\/posts\/69475","targetHints":{"allow":["GET"]}}],"collection":[{"href":"https:\/\/www2.comunitaria.com.br\/en\/wp-json\/wp\/v2\/posts"}],"about":[{"href":"https:\/\/www2.comunitaria.com.br\/en\/wp-json\/wp\/v2\/types\/post"}],"author":[{"embeddable":true,"href":"https:\/\/www2.comunitaria.com.br\/en\/wp-json\/wp\/v2\/users\/2"}],"replies":[{"embeddable":true,"href":"https:\/\/www2.comunitaria.com.br\/en\/wp-json\/wp\/v2\/comments?post=69475"}],"version-history":[{"count":0,"href":"https:\/\/www2.comunitaria.com.br\/en\/wp-json\/wp\/v2\/posts\/69475\/revisions"}],"wp:featuredmedia":[{"embeddable":true,"href":"https:\/\/www2.comunitaria.com.br\/en\/wp-json\/wp\/v2\/media\/69477"}],"wp:attachment":[{"href":"https:\/\/www2.comunitaria.com.br\/en\/wp-json\/wp\/v2\/media?parent=69475"}],"wp:term":[{"taxonomy":"category","embeddable":true,"href":"https:\/\/www2.comunitaria.com.br\/en\/wp-json\/wp\/v2\/categories?post=69475"},{"taxonomy":"post_tag","embeddable":true,"href":"https:\/\/www2.comunitaria.com.br\/en\/wp-json\/wp\/v2\/tags?post=69475"}],"curies":[{"name":"wp","href":"https:\/\/api.w.org\/{rel}","templated":true}]}}