{"id":69304,"date":"2025-03-26T17:42:36","date_gmt":"2025-03-26T19:42:36","guid":{"rendered":"https:\/\/www2.comunitaria.com.br\/?p=69304"},"modified":"2025-03-26T17:46:59","modified_gmt":"2025-03-26T19:46:59","slug":"bolsonaro-vira-reu-por-tentativa-de-golpe-de-estado","status":"publish","type":"post","link":"https:\/\/www2.comunitaria.com.br\/en\/bolsonaro-vira-reu-por-tentativa-de-golpe-de-estado\/","title":{"rendered":"Bolsonaro vira r\u00e9u por tentativa de golpe de Estado"},"content":{"rendered":"<div id=\"chunk-av387\">\n<div class=\"mc-column content-text active-extra-styles active-capital-letter\" data-block-type=\"unstyled\" data-block-weight=\"46\" data-block-id=\"1\">\n<p class=\"content-text__container theme-color-primary-first-letter\" data-track-category=\"Link no Texto\" data-track-links=\"\" data-mrf-recirculation=\"Mat\u00e9ria - Links no Texto\">A Primeira Turma do Supremo Tribunal Federal (STF) decidiu por unanimidade nesta quarta-feira (26) tornar r\u00e9us o ex-presidente Jair Bolsonaro e mais sete aliados por tentativa de golpe de Estado em 2022. Os cinco ministros votaram para aceitar a den\u00fancia apresentada pela Procuradoria-Geral da Rep\u00fablica (PGR).<\/p>\n<\/div>\n<\/div>\n<div class=\"wall protected-content\">\n<div id=\"chunk-2kj94\">\n<div class=\"mc-column content-text active-extra-styles\" data-block-type=\"unstyled\" data-block-weight=\"41\" data-block-id=\"3\">\n<p class=\"content-text__container\" data-track-category=\"Link no Texto\" data-track-links=\"\" data-mrf-recirculation=\"Mat\u00e9ria - Links no Texto\">Os votos foram dos ministros&nbsp;Alexandre de Moraes&nbsp;(relator), Fl\u00e1vio Dino,&nbsp;Luiz Fux&nbsp;e&nbsp;C\u00e1rmen L\u00facia,&nbsp;Cristiano Zanin. Agora, os acusados passar\u00e3o a responder a um processo penal \u2014 que pode levar a condena\u00e7\u00f5es com penas de pris\u00e3o (entenda mais abaixo).<\/p>\n<div id=\"chunk-cmpuq\">\n<div class=\"mc-column content-text active-extra-styles\" data-block-type=\"unstyled\" data-block-weight=\"8\" data-block-id=\"5\">\n<p class=\"content-text__container\" data-track-category=\"Link no Texto\" data-track-links=\"\" data-mrf-recirculation=\"Mat\u00e9ria - Links no Texto\">Quem s\u00e3o os denunciados que se tornaram r\u00e9us:<\/p>\n<\/div>\n<\/div>\n<div id=\"chunk-cs6ss\">\n<div class=\"mc-column content-text active-extra-styles\" data-block-type=\"raw\" data-block-weight=\"46\" data-block-id=\"6\">\n<p class=\"content-text__container\" data-mrf-recirculation=\"Mat\u00e9ria - Links no Texto\">&nbsp;<\/p>\n<ul class=\"content-unordered-list\">\n<li><strong>Jair Bolsonaro<\/strong>, ex-presidente da Rep\u00fablica;<\/li>\n<li><strong>Alexandre Ramagem<\/strong>, ex-diretor da Abin;<\/li>\n<li><strong>Almir Garnier<\/strong>, ex-comandante da Marinha;<\/li>\n<li><strong>Anderson Torres<\/strong>, ex-ministro da Justi\u00e7a;<\/li>\n<li><strong>Augusto Heleno<\/strong>, ex-ministro do GSI;<\/li>\n<li><strong>Mauro Cid<\/strong>, ex-ajudante de ordens da Presid\u00eancia;<\/li>\n<li><strong>Paulo S\u00e9rgio Nogueira<\/strong>, ex-ministro da Defesa;<\/li>\n<li><strong>Braga Netto<\/strong>, ex-ministro da Casa Civil de Bolsonaro.<\/li>\n<\/ul>\n<p>&nbsp;<\/p>\n<\/div>\n<\/div>\n<div id=\"chunk-80qo2\">&nbsp;<\/div>\n<div id=\"chunk-3oc9j\">\n<div class=\"mc-column content-text active-extra-styles\" data-block-type=\"unstyled\" data-block-weight=\"16\" data-block-id=\"8\">\n<p class=\"content-text__container\" data-track-category=\"Link no Texto\" data-track-links=\"\" data-mrf-recirculation=\"Mat\u00e9ria - Links no Texto\">Esses oito nomes comp\u00f5em o chamado &#8220;n\u00facleo crucial&#8221; da tentativa de ruptura democr\u00e1tica, segundo a PGR.<\/p>\n<\/div>\n<\/div>\n<div id=\"chunk-58bg\">\n<div class=\"bs-video-block mc-column   content-media content-video\" data-block-type=\"backstage-video\" data-block-id=\"9\">\n<div class=\"content-media__container\">\n<div class=\"content-video__bigger-player-description-fixer\">\n<article class=\"content-video\" data-ts-view=\"1743018376261\">\n<section class=\"content-video__video-container\">\n<div class=\"content-video__video\">\n<div id=\"wp3-player-1\" class=\"clappr-player video-rec-after-end--enabled\" tabindex=\"9999\" data-player=\"\">\n<div class=\"dfp-ad-overlay dfp-ad-overlay--poster-mode\">\n<div id=\"chunk-bfir\">\n<div class=\"mc-column content-text active-extra-styles\" data-block-type=\"raw\" data-block-weight=\"6\" data-block-id=\"10\">\n<div class=\"content-intertitle\">\n<h2>O voto de Alexandre de Moraes<\/h2>\n<\/div>\n<p>&nbsp;<\/p>\n<\/div>\n<\/div>\n<div id=\"chunk-1stae\">\n<div class=\"mc-column content-text active-extra-styles\" data-block-type=\"unstyled\" data-block-weight=\"28\" data-block-id=\"11\">\n<p class=\"content-text__container\" data-track-category=\"Link no Texto\" data-track-links=\"\" data-mrf-recirculation=\"Mat\u00e9ria - Links no Texto\">Relator da a\u00e7\u00e3o, Moraes foi o primeiro a votar, em um longo voto de 1h50min. Ele defendeu o recebimento da den\u00fancia contra os oito investigados e destacou que:<\/p>\n<\/div>\n<\/div>\n<div id=\"chunk-9o3ol\">\n<div class=\"mc-column content-text active-extra-styles\" data-block-type=\"raw\" data-block-weight=\"114\" data-block-id=\"12\">\n<p class=\"content-text__container\" data-mrf-recirculation=\"Mat\u00e9ria - Links no Texto\">&nbsp;<\/p>\n<ul class=\"content-unordered-list\">\n<li>H\u00e1 descri\u00e7\u00e3o satisfat\u00f3ria da organiza\u00e7\u00e3o criminosa, com divis\u00e3o de tarefas e hierarquia;<\/li>\n<li>Bolsonaro liderou uma estrutura que usou mentiras sobre o sistema eleitoral para instigar o golpe;<\/li>\n<li>O grupo agiu de forma coordenada at\u00e9 janeiro de 2023, buscando abalar o Estado Democr\u00e1tico de Direito;<\/li>\n<li>&#8220;N\u00e3o houve um domingo no parque&#8221;, disse Moraes, ao exibir v\u00eddeos da invas\u00e3o aos Tr\u00eas Poderes no 8 de Janeiro;<\/li>\n<li>Afirmou que, mesmo ap\u00f3s a derrota nas urnas, Bolsonaro mandou que os militares publicassem notas t\u00e9cnicas para manter seus apoiadores nos quart\u00e9is;<\/li>\n<li>Disse que o ent\u00e3o presidente &#8220;manuseava e discutiu a minuta do golpe&#8221;;<\/li>\n<li>E destacou: &#8220;At\u00e9 a m\u00e1fia poupa familiares. A organiza\u00e7\u00e3o criminosa em quest\u00e3o n\u00e3o teve esse pudor.&#8221;<\/li>\n<\/ul>\n<\/div>\n<\/div>\n<\/div>\n<div class=\"frame-ad h720 w960\">&nbsp;<\/div>\n<div class=\"container pointer-enabled\" data-container=\"\">\n<div class=\"poster poster--hidden\">\n<div class=\"poster__background\">&nbsp;<\/div>\n<div class=\"poster__background-overlay\">&nbsp;<\/div>\n<\/div>\n<\/div>\n<div class=\"unmute\">&nbsp;<\/div>\n<\/div>\n<\/div>\n<\/section>\n<\/article>\n<\/div>\n<\/div>\n<\/div>\n<\/div>\n<\/div>\n<\/div>\n<\/div>","protected":false},"excerpt":{"rendered":"<p>A Primeira Turma do Supremo Tribunal Federal (STF) decidiu por unanimidade nesta quarta-feira (26) tornar r\u00e9us o ex-presidente Jair Bolsonaro e mais sete aliados por tentativa de golpe de Estado&#8230;<\/p>","protected":false},"author":2,"featured_media":56617,"comment_status":"closed","ping_status":"closed","sticky":false,"template":"","format":"standard","meta":{"ngg_post_thumbnail":0,"footnotes":""},"categories":[47,46,42,28],"tags":[],"class_list":["post-69304","post","type-post","status-publish","format-standard","has-post-thumbnail","hentry","category-brasil","category-estado","category-fred-west","category-destaque"],"amp_enabled":true,"_links":{"self":[{"href":"https:\/\/www2.comunitaria.com.br\/en\/wp-json\/wp\/v2\/posts\/69304","targetHints":{"allow":["GET"]}}],"collection":[{"href":"https:\/\/www2.comunitaria.com.br\/en\/wp-json\/wp\/v2\/posts"}],"about":[{"href":"https:\/\/www2.comunitaria.com.br\/en\/wp-json\/wp\/v2\/types\/post"}],"author":[{"embeddable":true,"href":"https:\/\/www2.comunitaria.com.br\/en\/wp-json\/wp\/v2\/users\/2"}],"replies":[{"embeddable":true,"href":"https:\/\/www2.comunitaria.com.br\/en\/wp-json\/wp\/v2\/comments?post=69304"}],"version-history":[{"count":0,"href":"https:\/\/www2.comunitaria.com.br\/en\/wp-json\/wp\/v2\/posts\/69304\/revisions"}],"wp:featuredmedia":[{"embeddable":true,"href":"https:\/\/www2.comunitaria.com.br\/en\/wp-json\/wp\/v2\/media\/56617"}],"wp:attachment":[{"href":"https:\/\/www2.comunitaria.com.br\/en\/wp-json\/wp\/v2\/media?parent=69304"}],"wp:term":[{"taxonomy":"category","embeddable":true,"href":"https:\/\/www2.comunitaria.com.br\/en\/wp-json\/wp\/v2\/categories?post=69304"},{"taxonomy":"post_tag","embeddable":true,"href":"https:\/\/www2.comunitaria.com.br\/en\/wp-json\/wp\/v2\/tags?post=69304"}],"curies":[{"name":"wp","href":"https:\/\/api.w.org\/{rel}","templated":true}]}}