{"id":69294,"date":"2025-03-25T10:10:23","date_gmt":"2025-03-25T12:10:23","guid":{"rendered":"https:\/\/www2.comunitaria.com.br\/?p=69294"},"modified":"2025-03-25T10:10:23","modified_gmt":"2025-03-25T12:10:23","slug":"palestino-vencedor-do-oscar-de-melhor-documentario-e-linchado-por-colonos-e-preso-por-militares-de-israel","status":"publish","type":"post","link":"https:\/\/www2.comunitaria.com.br\/en\/palestino-vencedor-do-oscar-de-melhor-documentario-e-linchado-por-colonos-e-preso-por-militares-de-israel\/","title":{"rendered":"Palestino vencedor do Oscar de melhor document\u00e1rio \u00e9 linchado por colonos e preso por militares de Israel"},"content":{"rendered":"<p style=\"text-align: justify;\">O palestino Hamdan Ballal, um dos diretores do document\u00e1rio &#8220;Sem Ch\u00e3o&#8221;, vencedor do Oscar, foi linchado por colonos israelenses e detido por militares das For\u00e7as de Defesa de&nbsp;Israel&nbsp;que atuam na&nbsp;Cisjord\u00e2nia. As informa\u00e7\u00f5es s\u00e3o do jornal israelense &#8220;Haaretz&#8221;.<\/p>\n<div id=\"chunk-164n1\" style=\"text-align: justify;\">\n<div class=\"mc-column content-text active-extra-styles\" data-block-type=\"unstyled\" data-block-weight=\"30\" data-block-id=\"6\">\n<p class=\"content-text__container\" data-track-category=\"Link no Texto\" data-track-links=\"\" data-mrf-recirculation=\"Mat\u00e9ria - Links no Texto\">Os ataques teriam acontecido nesta segunda-feira (24), perto do assentamento israelense de Susya. As For\u00e7as de Defesa de Israel disseram que est\u00e3o investigando o caso, mas n\u00e3o deram outros detalhes.<\/p>\n<\/div>\n<\/div>\n<div id=\"chunk-879mv\" style=\"text-align: justify;\">\n<div class=\"mc-column content-text active-extra-styles\" data-block-type=\"unstyled\" data-block-weight=\"32\" data-block-id=\"7\">\n<p class=\"content-text__container\" data-track-category=\"Link no Texto\" data-track-links=\"\" data-mrf-recirculation=\"Mat\u00e9ria - Links no Texto\">Segundo o relato de Yuval Abraham, jornalista israelense que tamb\u00e9m dirigiu o document\u00e1rio, ap\u00f3s ser ferido por colonos, Ballal foi colocado em uma ambul\u00e2ncia, mas retirado por militares israelenses enquanto recebia tratamento.<\/p>\n<\/div>\n<\/div>\n<div id=\"chunk-3nck0\" style=\"text-align: justify;\">\n<div class=\"content-ads content-ads--reveal\" data-block-type=\"ads\" data-block-id=\"8\">&nbsp;<\/div>\n<\/div>\n<div id=\"chunk-7r2j8\">\n<div class=\"mc-column content-text active-extra-styles\" data-block-type=\"unstyled\" data-block-weight=\"15\" data-block-id=\"9\">\n<p class=\"content-text__container\" style=\"text-align: justify;\" data-track-category=\"Link no Texto\" data-track-links=\"\" data-mrf-recirculation=\"Mat\u00e9ria - Links no Texto\">Abraham afirma que Ballal tinha ferimentos na cabe\u00e7a e na barriga e que estava sangrando.<\/p>\n<div id=\"chunk-46jte\" style=\"text-align: justify;\">\n<div class=\"mc-column content-text active-extra-styles\" data-block-type=\"unstyled\" data-block-weight=\"36\" data-block-id=\"11\">\n<p class=\"content-text__container\" data-track-category=\"Link no Texto\" data-track-links=\"\" data-mrf-recirculation=\"Mat\u00e9ria - Links no Texto\">&#8220;Colonos invadiram casas, atiraram pedras, quebraram janelas e ve\u00edculos e agrediram violentamente moradores e ativistas de solidariedade. V\u00e1rias pessoas ficaram feridas&#8221;, disse o ativista palestino Ihab Hassan, uma das testemunhas do ataque, na rede social X.<\/p>\n<\/div>\n<\/div>\n<div id=\"chunk-1jpkb\">\n<div class=\"mc-column content-text active-extra-styles\" style=\"text-align: justify;\" data-block-type=\"raw\" data-block-weight=\"19\" data-block-id=\"12\">\n<p class=\"content-text__container\" data-mrf-recirculation=\"Mat\u00e9ria - Links no Texto\">&nbsp;<\/p>\n<blockquote class=\"content-blockquote theme-border-color-primary-before\"><p>&#8220;Quando a ambul\u00e2ncia chegou para Hamdan, soldados israelenses a invadiram e o levaram. N\u00e3o h\u00e1 sinal dele desde ent\u00e3o.&#8221;<\/p><\/blockquote>\n<\/div>\n<div id=\"chunk-c72f6\" style=\"text-align: justify;\">\n<div class=\"mc-column content-text active-extra-styles\" data-block-type=\"unstyled\" data-block-weight=\"37\" data-block-id=\"15\">\n<p class=\"content-text__container\" data-track-category=\"Link no Texto\" data-track-links=\"\" data-mrf-recirculation=\"Mat\u00e9ria - Links no Texto\">Segundo a Associated Press, testemunhas afirmaram que um grupo de 10 a 20 colonos mascarados atacou Ballal e outros ativistas judeus com pedras e bast\u00f5es, al\u00e9m de quebrar os vidros de seus carros e furar os pneus.<\/p>\n<\/div>\n<\/div>\n<div id=\"chunk-ac4ue\" style=\"text-align: justify;\">\n<div class=\"mc-column content-text active-extra-styles\" data-block-type=\"unstyled\" data-block-weight=\"22\" data-block-id=\"16\">\n<p class=\"content-text__container\" data-track-category=\"Link no Texto\" data-track-links=\"\" data-mrf-recirculation=\"Mat\u00e9ria - Links no Texto\">\u201cN\u00e3o sabemos onde Hamdan est\u00e1 porque ele foi levado vendado\u201d, disse Josh Kimelman, um dos ativistas que estavam no local, \u00e0 ag\u00eancia.<\/p>\n<\/div>\n<\/div>\n<div id=\"chunk-fnhmc\" style=\"text-align: justify;\">\n<div class=\"mc-column content-text active-extra-styles\" data-block-type=\"unstyled\" data-block-weight=\"26\" data-block-id=\"17\">\n<p class=\"content-text__container\" data-track-category=\"Link no Texto\" data-track-links=\"\" data-mrf-recirculation=\"Mat\u00e9ria - Links no Texto\">Dirigido por israelenses e palestinos, o document\u00e1rio &#8220;Sem Ch\u00e3o&#8221; mostra a vida de palestinos da Cisjord\u00e2nia que convivem com a viol\u00eancia de colonos e militares israelenses.<\/p>\n<\/div>\n<\/div>\n<div id=\"chunk-fc030\">\n<div class=\"mc-column content-text active-extra-styles\" data-block-type=\"raw\" data-block-weight=\"3\" data-block-id=\"18\">\n<p class=\"content-text__container\" style=\"text-align: justify;\" data-mrf-recirculation=\"Mat\u00e9ria - Links no Texto\">&nbsp;<\/p>\n<div class=\"content-intertitle\">\n<h2 style=\"text-align: justify;\">Retomada das tens\u00f5es<\/h2>\n<div id=\"chunk-7sul1\" style=\"text-align: justify;\">\n<div class=\"mc-column content-text active-extra-styles\" data-block-type=\"unstyled\" data-block-weight=\"26\" data-block-id=\"20\">\n<p class=\"content-text__container\" data-track-category=\"Link no Texto\" data-track-links=\"\" data-mrf-recirculation=\"Mat\u00e9ria - Links no Texto\">Desde o in\u00edcio do ano, ap\u00f3s a assinatura de uma tr\u00e9gua j\u00e1 encerrada entre Israel e Hamas na Faixa de Gaza, conflitos t\u00eam emergido na Cisjord\u00e2nia.<\/p>\n<\/div>\n<\/div>\n<div id=\"chunk-518cf\" style=\"text-align: justify;\">\n<div class=\"content-ads content-ads--reveal\" data-block-type=\"ads\" data-block-id=\"21\">&nbsp;<\/div>\n<\/div>\n<div id=\"chunk-bsu17\" style=\"text-align: justify;\">\n<div class=\"mc-column content-text active-extra-styles\" data-block-type=\"unstyled\" data-block-weight=\"39\" data-block-id=\"22\">\n<p class=\"content-text__container\" data-track-category=\"Link no Texto\" data-track-links=\"\" data-mrf-recirculation=\"Mat\u00e9ria - Links no Texto\">As for\u00e7as israelenses v\u00eam conduzindo uma grande opera\u00e7\u00e3o na Cisjord\u00e2nia, alegando ter como alvo grupos terroristas e extremistas. Dezenas de milhares de palestinos foram for\u00e7ados a deixar suas casas em campos de refugiados, enquanto resid\u00eancias e infraestrutura foram destru\u00eddas.<\/p>\n<\/div>\n<\/div>\n<div id=\"chunk-c5b6j\" style=\"text-align: justify;\">\n<div class=\"mc-column content-text active-extra-styles\" data-block-type=\"unstyled\" data-block-weight=\"24\" data-block-id=\"23\">\n<p class=\"content-text__container\" data-track-category=\"Link no Texto\" data-track-links=\"\" data-mrf-recirculation=\"Mat\u00e9ria - Links no Texto\">Pela primeira vez em mais de 20 anos,&nbsp;Israel mandou tanques de guerra para o territ\u00f3rio, na cidade de Jenin, no fim de janeiro.<\/p>\n<\/div>\n<\/div>\n<div id=\"chunk-7obaq\" style=\"text-align: justify;\">\n<div class=\"mc-column content-text active-extra-styles\" data-block-type=\"unstyled\" data-block-weight=\"34\" data-block-id=\"24\">\n<p class=\"content-text__container\" data-track-category=\"Link no Texto\" data-track-links=\"\" data-mrf-recirculation=\"Mat\u00e9ria - Links no Texto\">Em fevereiro, o ministro da Defesa de Israel, Israel Katz, disse que ordenou que seus militares se preparem para uma &#8220;estadia prolongada&#8221; em partes da Cisjord\u00e2nia, enquanto intensifica &#8220;opera\u00e7\u00f5es contra grupos terroristas e extremistas&#8221;.<\/p>\n<\/div>\n<\/div>\n<div id=\"chunk-tjg5\" style=\"text-align: justify;\">\n<div class=\"mc-column content-text active-extra-styles\" data-block-type=\"unstyled\" data-block-weight=\"26\" data-block-id=\"25\">\n<p class=\"content-text__container\" data-track-category=\"Link no Texto\" data-track-links=\"\" data-mrf-recirculation=\"Mat\u00e9ria - Links no Texto\">Atualmente, existem mais de 140 assentamentos israelenses na Cisjord\u00e2nia e em Jerusal\u00e9m Oriental, que abrigam 450 mil israelenses. A presen\u00e7a deles \u00e9 condenada pela comunidade internacional.<\/p>\n<\/div>\n<\/div>\n<div id=\"chunk-3s2o2\">\n<div class=\"mc-column content-text active-extra-styles\" data-block-type=\"unstyled\" data-block-weight=\"41\" data-block-id=\"26\">\n<p class=\"content-text__container\" style=\"text-align: justify;\" data-track-category=\"Link no Texto\" data-track-links=\"\" data-mrf-recirculation=\"Mat\u00e9ria - Links no Texto\">Apesar de ser considerado um territ\u00f3rio palestino, Israel det\u00e9m o controle militar da Cisjord\u00e2nia. Palestinos que habitam o territ\u00f3rio est\u00e3o sujeitos \u00e0 lei militar israelense. Isso quer dizer que palestinos residentes na Cisjord\u00e2nia podem ser julgados por tribunais militares de Israel.<\/p>\n<h2 style=\"text-align: justify;\">O document\u00e1rio<\/h2>\n<div id=\"chunk-9o5cn\" style=\"text-align: justify;\">\n<div class=\"mc-column content-text active-extra-styles\" data-block-type=\"unstyled\" data-block-weight=\"38\" data-block-id=\"32\">\n<p class=\"content-text__container\" data-track-category=\"Link no Texto\" data-track-links=\"\" data-mrf-recirculation=\"Mat\u00e9ria - Links no Texto\">&#8220;Sem Ch\u00e3o&#8221; retrata a luta dos moradores de Masafer Yatta para impedir que o Ex\u00e9rcito israelense demolisse suas vilas. O filme tem dois diretores palestinos, Ballal e Basel Adra, e dois diretores israelenses, Yuval Abraham e Rachel Szor.<\/p>\n<\/div>\n<\/div>\n<div id=\"chunk-6ma8u\" style=\"text-align: justify;\">\n<div class=\"mc-column content-text active-extra-styles\" data-block-type=\"unstyled\" data-block-weight=\"28\" data-block-id=\"33\">\n<p class=\"content-text__container\" data-track-category=\"Link no Texto\" data-track-links=\"\" data-mrf-recirculation=\"Mat\u00e9ria - Links no Texto\">O Ex\u00e9rcito israelense designou Masafer Yatta como uma zona de treinamento militar de fogo real nos anos 1980 e ordenou a expuls\u00e3o dos moradores, majoritariamente \u00e1rabes bedu\u00ednos.<\/p>\n<\/div>\n<\/div>\n<div id=\"chunk-d88kp\">\n<div class=\"mc-column content-text active-extra-styles\" data-block-type=\"unstyled\" data-block-weight=\"38\" data-block-id=\"34\">\n<p class=\"content-text__container\" style=\"text-align: justify;\" data-track-category=\"Link no Texto\" data-track-links=\"\" data-mrf-recirculation=\"Mat\u00e9ria - Links no Texto\">Cerca de 1.000 habitantes ainda permanecem na \u00e1rea, mas os soldados frequentemente entram na regi\u00e3o para demolir casas, tendas, reservat\u00f3rios de \u00e1gua e planta\u00e7\u00f5es de oliveiras. Os palestinos temem que uma expuls\u00e3o total possa acontecer a qualquer momento.<\/p>\n<p data-track-category=\"Link no Texto\" data-track-links=\"\" data-mrf-recirculation=\"Mat\u00e9ria - Links no Texto\"><em>Fonte: g1<\/em><\/p>\n<p data-track-category=\"Link no Texto\" data-track-links=\"\" data-mrf-recirculation=\"Mat\u00e9ria - Links no Texto\"><em>Foto: Mike Blake\/Reuters<\/em><\/p>\n<\/div>\n<\/div>\n<\/div>\n<\/div>\n<\/div>\n<\/div>\n<\/div>\n<\/div>\n<\/div>\n<\/div>","protected":false},"excerpt":{"rendered":"<p>O palestino Hamdan Ballal, um dos diretores do document\u00e1rio &#8220;Sem Ch\u00e3o&#8221;, vencedor do Oscar, foi linchado por colonos israelenses e detido por militares das For\u00e7as de Defesa de&nbsp;Israel&nbsp;que atuam na&nbsp;Cisjord\u00e2nia&#8230;.<\/p>","protected":false},"author":2,"featured_media":69295,"comment_status":"closed","ping_status":"closed","sticky":false,"template":"","format":"standard","meta":{"ngg_post_thumbnail":0,"footnotes":""},"categories":[6172,28,33],"tags":[6813],"class_list":["post-69294","post","type-post","status-publish","format-standard","has-post-thumbnail","hentry","category-mundo","category-destaque","category-noticias","tag-israel"],"amp_enabled":true,"_links":{"self":[{"href":"https:\/\/www2.comunitaria.com.br\/en\/wp-json\/wp\/v2\/posts\/69294","targetHints":{"allow":["GET"]}}],"collection":[{"href":"https:\/\/www2.comunitaria.com.br\/en\/wp-json\/wp\/v2\/posts"}],"about":[{"href":"https:\/\/www2.comunitaria.com.br\/en\/wp-json\/wp\/v2\/types\/post"}],"author":[{"embeddable":true,"href":"https:\/\/www2.comunitaria.com.br\/en\/wp-json\/wp\/v2\/users\/2"}],"replies":[{"embeddable":true,"href":"https:\/\/www2.comunitaria.com.br\/en\/wp-json\/wp\/v2\/comments?post=69294"}],"version-history":[{"count":0,"href":"https:\/\/www2.comunitaria.com.br\/en\/wp-json\/wp\/v2\/posts\/69294\/revisions"}],"wp:featuredmedia":[{"embeddable":true,"href":"https:\/\/www2.comunitaria.com.br\/en\/wp-json\/wp\/v2\/media\/69295"}],"wp:attachment":[{"href":"https:\/\/www2.comunitaria.com.br\/en\/wp-json\/wp\/v2\/media?parent=69294"}],"wp:term":[{"taxonomy":"category","embeddable":true,"href":"https:\/\/www2.comunitaria.com.br\/en\/wp-json\/wp\/v2\/categories?post=69294"},{"taxonomy":"post_tag","embeddable":true,"href":"https:\/\/www2.comunitaria.com.br\/en\/wp-json\/wp\/v2\/tags?post=69294"}],"curies":[{"name":"wp","href":"https:\/\/api.w.org\/{rel}","templated":true}]}}