{"id":69251,"date":"2025-03-21T16:29:23","date_gmt":"2025-03-21T18:29:23","guid":{"rendered":"https:\/\/www2.comunitaria.com.br\/?p=69251"},"modified":"2025-03-21T16:29:23","modified_gmt":"2025-03-21T18:29:23","slug":"ex-governador-olivio-dutra-tem-alta-apos-cirurgia-cardiaca-em-porto-alegre","status":"publish","type":"post","link":"https:\/\/www2.comunitaria.com.br\/en\/ex-governador-olivio-dutra-tem-alta-apos-cirurgia-cardiaca-em-porto-alegre\/","title":{"rendered":"Ex-governador Ol\u00edvio Dutra tem alta ap\u00f3s cirurgia card\u00edaca em Porto Alegre"},"content":{"rendered":"<div id=\"chunk-ca44m\">\n<div class=\"mc-column content-text active-extra-styles\" data-block-type=\"unstyled\" data-block-weight=\"23\" data-block-id=\"2\">\n<p class=\"content-text__container\" style=\"text-align: justify;\" data-track-category=\"Link no Texto\" data-track-links=\"\" data-mrf-recirculation=\"Mat\u00e9ria - Links no Texto\">O ex-governador do Rio Grande do Sul, Ol\u00edvio Dutra, recebeu alta nesta sexta-feira (21) ap\u00f3s passar por uma&nbsp;<strong>angioplastia<\/strong> na \u00faltima quarta-feira (19).<\/p>\n<\/div>\n<\/div>\n<div class=\"wall protected-content\">\n<div id=\"chunk-drkmc\" style=\"text-align: justify;\">\n<div class=\"mc-column content-text active-extra-styles\" data-block-type=\"unstyled\" data-block-weight=\"26\" data-block-id=\"5\">\n<p class=\"content-text__container\" data-track-category=\"Link no Texto\" data-track-links=\"\" data-mrf-recirculation=\"Mat\u00e9ria - Links no Texto\">Durante um check-up geral, Ol\u00edvio realizou uma resson\u00e2ncia que detectou uma&nbsp;<strong>calcifica\u00e7\u00e3o em duas veias<\/strong>. Diante do risco iminente, o m\u00e9dico recomendou a cirurgia, segundo&nbsp;<strong>GZH<\/strong>.<\/p>\n<\/div>\n<\/div>\n<div id=\"chunk-3f40n\" style=\"text-align: justify;\">\n<div class=\"mc-column content-text active-extra-styles\" data-block-type=\"unstyled\" data-block-weight=\"26\" data-block-id=\"6\">\n<p class=\"content-text__container\" data-track-category=\"Link no Texto\" data-track-links=\"\" data-mrf-recirculation=\"Mat\u00e9ria - Links no Texto\">Durante o procedimento, realizado pelo doutor Fernando Lucchese na Santa Casa de Miseric\u00f3rdia, em&nbsp;Porto Alegre,&nbsp;<span class=\"highlight highlighted\">foram implantados cinco stents<\/span>, sendo quatro em uma art\u00e9ria coron\u00e1ria.<\/p>\n<\/div>\n<\/div>\n<div id=\"chunk-4gghi\" style=\"text-align: justify;\">\n<div class=\"mc-column content-text active-extra-styles\" data-block-type=\"unstyled\" data-block-weight=\"11\" data-block-id=\"7\">\n<p class=\"content-text__container\" data-track-category=\"Link no Texto\" data-track-links=\"\" data-mrf-recirculation=\"Mat\u00e9ria - Links no Texto\">A recupera\u00e7\u00e3o do ex-governador segue dentro do esperado, informa sua assessoria.<\/p>\n<\/div>\n<\/div>\n<div id=\"chunk-9favv\" style=\"text-align: justify;\">\n<div class=\"mc-column content-text active-extra-styles\" data-block-type=\"raw\" data-block-weight=\"4\" data-block-id=\"8\">\n<p class=\"content-text__container\" data-mrf-recirculation=\"Mat\u00e9ria - Links no Texto\">&nbsp;<\/p>\n<div class=\"content-intertitle\">\n<h2>Quem \u00e9 Ol\u00edvio Dutra<\/h2>\n<\/div>\n<\/div>\n<\/div>\n<div id=\"chunk-5r0fd\" style=\"text-align: justify;\">\n<div class=\"mc-column content-text active-extra-styles\" data-block-type=\"unstyled\" data-block-weight=\"30\" data-block-id=\"9\">\n<p class=\"content-text__container\" data-track-category=\"Link no Texto\" data-track-links=\"\" data-mrf-recirculation=\"Mat\u00e9ria - Links no Texto\">Banc\u00e1rio formado em Letras, Ol\u00edvio nasceu na cidade de&nbsp;Bossoroca, em 1941. Presidiu o Sindicato dos Banc\u00e1rios do Rio Grande do Sul e \u00e9 um dos fundadores do&nbsp;PT&nbsp;.<\/p>\n<\/div>\n<\/div>\n<div id=\"chunk-4l2ho\" style=\"text-align: justify;\">\n<div class=\"content-ads content-ads--reveal\" data-block-type=\"ads\" data-block-id=\"10\">&nbsp;<\/div>\n<\/div>\n<div id=\"chunk-fpkfb\" style=\"text-align: justify;\">\n<div class=\"mc-column content-text active-extra-styles\" data-block-type=\"unstyled\" data-block-weight=\"32\" data-block-id=\"11\">\n<p class=\"content-text__container\" data-track-category=\"Link no Texto\" data-track-links=\"\" data-mrf-recirculation=\"Mat\u00e9ria - Links no Texto\">Foi deputado federal constituinte em 1986, elegeu-se prefeito de Porto Alegre em 1988 e governou o estado entre 1999 e 2003. De 2003 at\u00e9 2005 foi ministro das Cidades do governo Lula.<\/p>\n<\/div>\n<\/div>\n<div id=\"chunk-ik7f\">\n<div class=\"mc-column content-text active-extra-styles\" data-block-type=\"unstyled\" data-block-weight=\"17\" data-block-id=\"12\">\n<p class=\"content-text__container\" style=\"text-align: justify;\" data-track-category=\"Link no Texto\" data-track-links=\"\" data-mrf-recirculation=\"Mat\u00e9ria - Links no Texto\">Recentemente, na disputa pelo Senado em 2022,&nbsp;Dutra ficou em 2\u00ba lugar, perdendo para Hamilton Mour\u00e3o (Republicanos).<\/p>\n<p data-track-category=\"Link no Texto\" data-track-links=\"\" data-mrf-recirculation=\"Mat\u00e9ria - Links no Texto\"><em>Fonte: g1 RS<\/em><\/p>\n<p data-track-category=\"Link no Texto\" data-track-links=\"\" data-mrf-recirculation=\"Mat\u00e9ria - Links no Texto\"><em>Foto: RBS TV\/Reprodu\u00e7\u00e3o<\/em><\/p>\n<\/div>\n<\/div>\n<\/div>","protected":false},"excerpt":{"rendered":"<p>O ex-governador do Rio Grande do Sul, Ol\u00edvio Dutra, recebeu alta nesta sexta-feira (21) ap\u00f3s passar por uma&nbsp;angioplastia na \u00faltima quarta-feira (19). Durante um check-up geral, Ol\u00edvio realizou uma resson\u00e2ncia&#8230;<\/p>","protected":false},"author":2,"featured_media":69252,"comment_status":"closed","ping_status":"closed","sticky":false,"template":"","format":"standard","meta":{"ngg_post_thumbnail":0,"footnotes":""},"categories":[46,28,33],"tags":[1101],"class_list":["post-69251","post","type-post","status-publish","format-standard","has-post-thumbnail","hentry","category-estado","category-destaque","category-noticias","tag-olivio-dutra"],"amp_enabled":true,"_links":{"self":[{"href":"https:\/\/www2.comunitaria.com.br\/en\/wp-json\/wp\/v2\/posts\/69251","targetHints":{"allow":["GET"]}}],"collection":[{"href":"https:\/\/www2.comunitaria.com.br\/en\/wp-json\/wp\/v2\/posts"}],"about":[{"href":"https:\/\/www2.comunitaria.com.br\/en\/wp-json\/wp\/v2\/types\/post"}],"author":[{"embeddable":true,"href":"https:\/\/www2.comunitaria.com.br\/en\/wp-json\/wp\/v2\/users\/2"}],"replies":[{"embeddable":true,"href":"https:\/\/www2.comunitaria.com.br\/en\/wp-json\/wp\/v2\/comments?post=69251"}],"version-history":[{"count":0,"href":"https:\/\/www2.comunitaria.com.br\/en\/wp-json\/wp\/v2\/posts\/69251\/revisions"}],"wp:featuredmedia":[{"embeddable":true,"href":"https:\/\/www2.comunitaria.com.br\/en\/wp-json\/wp\/v2\/media\/69252"}],"wp:attachment":[{"href":"https:\/\/www2.comunitaria.com.br\/en\/wp-json\/wp\/v2\/media?parent=69251"}],"wp:term":[{"taxonomy":"category","embeddable":true,"href":"https:\/\/www2.comunitaria.com.br\/en\/wp-json\/wp\/v2\/categories?post=69251"},{"taxonomy":"post_tag","embeddable":true,"href":"https:\/\/www2.comunitaria.com.br\/en\/wp-json\/wp\/v2\/tags?post=69251"}],"curies":[{"name":"wp","href":"https:\/\/api.w.org\/{rel}","templated":true}]}}