{"id":69242,"date":"2025-03-21T11:41:01","date_gmt":"2025-03-21T13:41:01","guid":{"rendered":"https:\/\/www2.comunitaria.com.br\/?p=69242"},"modified":"2025-03-21T11:41:25","modified_gmt":"2025-03-21T13:41:25","slug":"mst-planeja-instalar-fabrica-de-fertilizante-organico-em-parceria-com-a-china-no-rs","status":"publish","type":"post","link":"https:\/\/www2.comunitaria.com.br\/en\/mst-planeja-instalar-fabrica-de-fertilizante-organico-em-parceria-com-a-china-no-rs\/","title":{"rendered":"MST planeja instalar f\u00e1brica de fertilizante org\u00e2nico em parceria com a China no RS"},"content":{"rendered":"<p style=\"text-align: justify;\">O Movimento dos Trabalhadores Sem Terra (MST) planeja instalar f\u00e1bricas de fertilizantes org\u00e2nicos no Rio Grande do Sul em parceria com a China. A iniciativa tem objetivo de impulsionar a agroecologia por meio da produ\u00e7\u00e3o de insumos a baixo custo e com tecnologia inovadora.<\/p>\n<p style=\"text-align: justify;\">Em discurso na 22\u00aa Festa da Colheita do&nbsp;Arroz Agroecol\u00f3gico, nesta quinta-feira (20), o l\u00edder do MST, Jo\u00e3o Pedro Stedile, afirmou que a possibilidade come\u00e7ou a ser avaliada a partir de uma visita de membros do movimento ao pa\u00eds asi\u00e1tico<\/p>\n<div class=\"jeg_ad jeg_ad_article jnews_content_inline_ads\" style=\"text-align: justify;\">\n<div class=\"ads-wrapper align-center\">\n<div class=\"ads_shortcode\">\n<div class=\"ads-region-container\" data-slot=\"artigos-leaderboard-incontent-1\" data-region=\"br\" data-slot-name=\"artigos-leaderboard-incontent-1-br\">\n<div id=\"div-gpt-ad-artigos-medium_incontent_1\" class=\"ad-slot\">&nbsp;<\/div>\n<\/div>\n<\/div>\n<\/div>\n<\/div>\n<p style=\"text-align: justify;\">Na ocasi\u00e3o, segundo ele, o governo chin\u00eas demonstrou \u201cvontade pol\u00edtica\u201d para realizar a transfer\u00eancia de tecnologia e capacitar organiza\u00e7\u00f5es populares para operacionalizar, administrar e gerenciar a estrutura.<\/p>\n<p style=\"text-align: justify;\">Stedile ressaltou que a ideia \u00e9 ampliar cada vez mais essa possibilidade. Mas, para isso, \u00e9 preciso vencer o obst\u00e1culo da&nbsp;falta de recursos. \u201cN\u00f3s queremos implementar dezenas dessas f\u00e1bricas. Onde \u00e9 que est\u00e1 o limite? No financiamento.\u201d<\/p>\n<div class=\"jeg_ad jeg_ad_article jnews_content_inline_2_ads\" style=\"text-align: justify;\">\n<div class=\"ads-wrapper align-center\">\n<div class=\"ads_shortcode\">\n<div class=\"ads-region-container\" data-slot=\"artigos-leaderboard-incontent-2\" data-region=\"br\" data-slot-name=\"artigos-leaderboard-incontent-2-br\">\n<div id=\"div-gpt-ad-artigos-medium_incontent_2\" class=\"ad-slot\">&nbsp;<\/div>\n<\/div>\n<\/div>\n<\/div>\n<\/div>\n<p style=\"text-align: justify;\">A primeira unidade fabril ser\u00e1 constru\u00edda no munic\u00edpio de Nova Santa Rita (RS), para atender \u00e0 cadeia produtiva de arroz agroecol\u00f3gico. A expectativa \u00e9 de que o Banco do Brasil financie o empreendimento.<\/p>\n<h4 id=\"h-superacao-de-gargalos\" class=\"wp-block-heading\" style=\"text-align: justify;\">Supera\u00e7\u00e3o de gargalos<\/h4>\n<p style=\"text-align: justify;\">Stedile afirmou que a instala\u00e7\u00e3o da f\u00e1brica de fertilizantes org\u00e2nicos \u00e9 um passo a mais na supera\u00e7\u00e3o de diversos obst\u00e1culos para a amplia\u00e7\u00e3o da&nbsp;agroecologia, a efetiva\u00e7\u00e3o da reforma agr\u00e1ria e, consequentemente, a preserva\u00e7\u00e3o dos biomas brasileiros e a seguran\u00e7a alimentar da popula\u00e7\u00e3o.<\/p>\n<div class=\"jeg_ad jeg_ad_article jnews_content_inline_3_ads\" style=\"text-align: justify;\">\n<div class=\"ads-wrapper align-center\">\n<div class=\"ads_shortcode\">\n<div class=\"ads-region-container\" data-slot=\"artigos-leaderboard-incontent-3\" data-region=\"br\" data-slot-name=\"artigos-leaderboard-incontent-3-br\">&nbsp;<\/div>\n<\/div>\n<\/div>\n<\/div>\n<p style=\"text-align: justify;\">Ele tamb\u00e9m apontou a necessidade urgente de cria\u00e7\u00e3o de um programa de produ\u00e7\u00e3o de sementes, para que as fam\u00edlias agricultoras n\u00e3o dependam mais das compras externas e das grandes ind\u00fastrias, em sua maioria ligadas ao agroneg\u00f3cio. O l\u00edder do MST mencionou, inclusive, um projeto de cooperativa para esse fim<\/p>\n<p style=\"text-align: justify;\">Outro ponto crucial para o movimento \u00e9 a moderniza\u00e7\u00e3o da produ\u00e7\u00e3o por meio de&nbsp;m\u00e1quinas agr\u00edcolas&nbsp;que proporcionem tecnologia e sustentabilidade a pre\u00e7os acess\u00edveis. Stedile mencionou a possibilidade concreta de instalar f\u00e1bricas de equipamentos chineses no Brasil<\/p>\n<p style=\"text-align: justify;\">\u201cN\u00f3s vamos trazer duas f\u00e1bricas de colheitadeira aqui pro Brasil do tamanho de uma Kombi, com pre\u00e7o de R$ 30 mil. Por que \u00e9 t\u00e3o barato? Porque n\u00e3o visa lucro\u201d, ressaltou ele no discurso.<\/p>\n<p style=\"text-align: justify;\">De maneira estrat\u00e9gica, as estruturas ser\u00e3o instaladas pr\u00f3ximas a assentamentos da agricultura familiar, seguindo o modelo chin\u00eas de produ\u00e7\u00e3o distribu\u00edda. Uma forma de diversificar e ampliar a oferta de trabalho nas \u00e1reas rurais, criando um&nbsp;ciclo virtuoso de desenvolvimento&nbsp;local.<\/p>\n<p style=\"text-align: justify;\">Todas essas possibilidades de avan\u00e7o, segundo o l\u00edder do MST, precisam contar com apoio governamental e um poder p\u00fablico menos burocratizado. Nas palavras dele, \u00e9 necess\u00e1rio press\u00e3o popular para garantir que o governo Lula mantenha o compromisso com quest\u00f5es sociais e que garantam o desenvolvimento do povo brasileiro.<\/p>\n<p style=\"text-align: justify;\">\u201cO Brasil tem dinheiro, o tesouro tem dinheiro. O que falta \u00e9 pressionarmos para cumprir o que o Lula se comprometeu, que o pobre brasileiro seja colocado no or\u00e7amento. Essa \u00e9 a nossa miss\u00e3o.\u201d<\/p>\n<p style=\"text-align: justify;\">&nbsp;<\/p>\n<div class=\"jeg_meta_post_footer\">\n<div style=\"text-align: justify;\"><em>Edi\u00e7\u00e3o:&nbsp;Martina Medina<\/em><\/div>\n<div style=\"text-align: justify;\"><em>Fonte: Brasil de Fato<\/em><\/div>\n<\/div>","protected":false},"excerpt":{"rendered":"<p>O Movimento dos Trabalhadores Sem Terra (MST) planeja instalar f\u00e1bricas de fertilizantes org\u00e2nicos no Rio Grande do Sul em parceria com a China. A iniciativa tem objetivo de impulsionar a&#8230;<\/p>","protected":false},"author":2,"featured_media":69243,"comment_status":"closed","ping_status":"closed","sticky":false,"template":"","format":"standard","meta":{"ngg_post_thumbnail":0,"footnotes":""},"categories":[6255,47,46,3615,28,33],"tags":[7289,5147],"class_list":["post-69242","post","type-post","status-publish","format-standard","has-post-thumbnail","hentry","category-agricultura-familiar","category-brasil","category-estado","category-meio-ambiente","category-destaque","category-noticias","tag-agroecologia","tag-mst"],"amp_enabled":true,"_links":{"self":[{"href":"https:\/\/www2.comunitaria.com.br\/en\/wp-json\/wp\/v2\/posts\/69242","targetHints":{"allow":["GET"]}}],"collection":[{"href":"https:\/\/www2.comunitaria.com.br\/en\/wp-json\/wp\/v2\/posts"}],"about":[{"href":"https:\/\/www2.comunitaria.com.br\/en\/wp-json\/wp\/v2\/types\/post"}],"author":[{"embeddable":true,"href":"https:\/\/www2.comunitaria.com.br\/en\/wp-json\/wp\/v2\/users\/2"}],"replies":[{"embeddable":true,"href":"https:\/\/www2.comunitaria.com.br\/en\/wp-json\/wp\/v2\/comments?post=69242"}],"version-history":[{"count":0,"href":"https:\/\/www2.comunitaria.com.br\/en\/wp-json\/wp\/v2\/posts\/69242\/revisions"}],"wp:featuredmedia":[{"embeddable":true,"href":"https:\/\/www2.comunitaria.com.br\/en\/wp-json\/wp\/v2\/media\/69243"}],"wp:attachment":[{"href":"https:\/\/www2.comunitaria.com.br\/en\/wp-json\/wp\/v2\/media?parent=69242"}],"wp:term":[{"taxonomy":"category","embeddable":true,"href":"https:\/\/www2.comunitaria.com.br\/en\/wp-json\/wp\/v2\/categories?post=69242"},{"taxonomy":"post_tag","embeddable":true,"href":"https:\/\/www2.comunitaria.com.br\/en\/wp-json\/wp\/v2\/tags?post=69242"}],"curies":[{"name":"wp","href":"https:\/\/api.w.org\/{rel}","templated":true}]}}