{"id":69205,"date":"2025-03-20T16:39:47","date_gmt":"2025-03-20T18:39:47","guid":{"rendered":"https:\/\/www2.comunitaria.com.br\/?p=69205"},"modified":"2025-03-20T16:39:47","modified_gmt":"2025-03-20T18:39:47","slug":"inscricoes-para-o-teste-de-suficiencia-em-leitura-em-lingua-estrangeira-comecam-nesta-quinta-20","status":"publish","type":"post","link":"https:\/\/www2.comunitaria.com.br\/en\/inscricoes-para-o-teste-de-suficiencia-em-leitura-em-lingua-estrangeira-comecam-nesta-quinta-20\/","title":{"rendered":"Inscri\u00e7\u00f5es para o Teste de Sufici\u00eancia em Leitura em L\u00edngua Estrangeira come\u00e7am nesta quinta (20)"},"content":{"rendered":"<p dir=\"ltr\" style=\"text-align: justify;\">Entre os dias 20 de mar\u00e7o a 20 de abril de 2025, at\u00e9 \u00e0s 23h59min, est\u00e3o abertas as inscri\u00e7\u00f5es ao Teste de Sufici\u00eancia em Leitura em L\u00edngua Estrangeira (TESLLE) para o 1\u00ba semestre de 2025. A aplica\u00e7\u00e3o das provas ser\u00e1 no dia 29 de junho de 2025 no Campus sede da UFSM.<\/p>\n<p dir=\"ltr\" style=\"text-align: justify;\">O TESLLE \u00e9 um teste de nivelamento que visa aferir a habilidade de leitura acad\u00eamica nas l\u00ednguas alem\u00e3, espanhola, francesa, inglesa e portuguesa como l\u00edngua adicional\/estrangeira.&nbsp;Na p\u00e1gina do<a href=\"https:\/\/www.ufsm.br\/pro-reitorias\/prpgp\/teslle\" target=\"_blank\" rel=\"noopener\" data-saferedirecturl=\"https:\/\/www.google.com\/url?q=https:\/\/www.ufsm.br\/pro-reitorias\/prpgp\/teslle&amp;source=gmail&amp;ust=1742580223244000&amp;usg=AOvVaw1iqO-CA5oiu8BM_DgUFbmK\">&nbsp;TESLLE<\/a>, \u00e9 poss\u00edvel encontrar documentos orientadores, como<a href=\"https:\/\/www.ufsm.br\/pro-reitorias\/prpgp\/teslle\/exemplares-de-testes\" target=\"_blank\" rel=\"noopener\" data-saferedirecturl=\"https:\/\/www.google.com\/url?q=https:\/\/www.ufsm.br\/pro-reitorias\/prpgp\/teslle\/exemplares-de-testes&amp;source=gmail&amp;ust=1742580223244000&amp;usg=AOvVaw3nMCeOEDkmjw23wRQk6_sg\">&nbsp;Exemplares de Testes<\/a>,<a href=\"https:\/\/www.ufsm.br\/pro-reitorias\/prpgp\/teslle\/perguntas-frequentes\" target=\"_blank\" rel=\"noopener\" data-saferedirecturl=\"https:\/\/www.google.com\/url?q=https:\/\/www.ufsm.br\/pro-reitorias\/prpgp\/teslle\/perguntas-frequentes&amp;source=gmail&amp;ust=1742580223244000&amp;usg=AOvVaw0Q6HPFXDe-jxdLd2A1qJWv\">&nbsp;Perguntas frequentes<\/a><a href=\"https:\/\/www.ufsm.br\/app\/uploads\/sites\/818\/2024\/06\/Mini-manual-do-TESLLE-2024_1.docx.pdf\" target=\"_blank\" rel=\"noopener\" data-saferedirecturl=\"https:\/\/www.google.com\/url?q=https:\/\/www.ufsm.br\/app\/uploads\/sites\/818\/2024\/06\/Mini-manual-do-TESLLE-2024_1.docx.pdf&amp;source=gmail&amp;ust=1742580223244000&amp;usg=AOvVaw03AHKjCtITv2A9cG4R7fpi\">&nbsp;<\/a>e<a href=\"https:\/\/www.ufsm.br\/pro-reitorias\/prpgp\/teslle\/2024\/06\/27\/publicado-e-book-para-candidatos-ao-teslle-lingua-inglesa\" target=\"_blank\" rel=\"noopener\" data-saferedirecturl=\"https:\/\/www.google.com\/url?q=https:\/\/www.ufsm.br\/pro-reitorias\/prpgp\/teslle\/2024\/06\/27\/publicado-e-book-para-candidatos-ao-teslle-lingua-inglesa&amp;source=gmail&amp;ust=1742580223244000&amp;usg=AOvVaw2gDp34dj9IDwmFJnhS03RI\">&nbsp;e-book para candidatos ao TESLLE-L\u00edngua Inglesa<\/a>.<\/p>\n<p dir=\"ltr\" style=\"text-align: justify;\">Podem se inscrever estudantes da p\u00f3s-gradua\u00e7\u00e3o, estudantes de \u00faltimo semestre da gradua\u00e7\u00e3o (prov\u00e1veis formandos), estudantes do Curso de<a href=\"https:\/\/www.ufsm.br\/cursos\/graduacao\/santa-maria\/relacoes-internacionais\/comprovacao-de-suficiencia-em-lingua-estrangeira\" target=\"_blank\" rel=\"noopener\" data-saferedirecturl=\"https:\/\/www.google.com\/url?q=https:\/\/www.ufsm.br\/cursos\/graduacao\/santa-maria\/relacoes-internacionais\/comprovacao-de-suficiencia-em-lingua-estrangeira&amp;source=gmail&amp;ust=1742580223244000&amp;usg=AOvVaw0q6hMFb15JhckGt9LDeMA3\">&nbsp;<\/a>Rela\u00e7\u00f5es Internacionais, e servidores. As inscri\u00e7\u00f5es s\u00e3o feitas exclusivamente via portais do Aluno, do RH e Docente. Nesta edi\u00e7\u00e3o, pessoas sem v\u00ednculo com a UFSM tamb\u00e9m poder\u00e3o realizar o teste, por meio de&nbsp;<a href=\"https:\/\/portal.ufsm.br\/concursos\/inscricao\/opcoes.html?edicao=5001\" target=\"_blank\" rel=\"noopener\" data-saferedirecturl=\"https:\/\/www.google.com\/url?q=https:\/\/portal.ufsm.br\/concursos\/inscricao\/opcoes.html?edicao%3D5001&amp;source=gmail&amp;ust=1742580223244000&amp;usg=AOvVaw3kPQ0kZ6UXXwB_Yzo_Eg8x\">site espec\u00edfico de inscri\u00e7\u00f5es para a comunidade externa.&nbsp;<\/a><\/p>\n<p dir=\"ltr\" style=\"text-align: justify;\">Antes de se inscrever, os interessados devem ler atentamente o&nbsp;<a href=\"https:\/\/www.ufsm.br\/pro-reitorias\/prpgp\/teslle\/editais\/001-2025\" target=\"_blank\" rel=\"noopener\" data-saferedirecturl=\"https:\/\/www.google.com\/url?q=https:\/\/www.ufsm.br\/pro-reitorias\/prpgp\/teslle\/editais\/001-2025&amp;source=gmail&amp;ust=1742580223244000&amp;usg=AOvVaw0Daw-mxuXihAT-j21Fv-wA\">Edital<\/a>.&nbsp;Mais informa\u00e7\u00f5es podem ser obtidas pelo e-mail&nbsp;<a href=\"mailto:teslle@ufsm.br\" target=\"_blank\" rel=\"noopener\">teslle@ufsm.br<\/a>.&nbsp;<\/p>\n<p dir=\"ltr\" style=\"text-align: justify;\">TESLLE<\/p>\n<p dir=\"ltr\" style=\"text-align: justify;\">O TESLLE \u00e9 ofertado duas vezes ao ano, em geral, ao final dos semestres. \u00c9 responsabilidade das candidatas e candidatos se preparar e providenciar a comprova\u00e7\u00e3o de sufici\u00eancia\/profici\u00eancia com anteced\u00eancia.<\/p>\n<p dir=\"ltr\" style=\"text-align: justify;\">Sua principal fun\u00e7\u00e3o \u00e9 indicar aos programas de p\u00f3s-gradua\u00e7\u00e3o em que medida as pessoas que ingressam na p\u00f3s-gradua\u00e7\u00e3o t\u00eam condi\u00e7\u00f5es de utilizar literatura em l\u00edngua estrangeira na sua respectiva \u00e1rea do conhecimento, de modo a participar com autonomia das disciplinas na p\u00f3s-gradua\u00e7\u00e3o, bem como ampliar e qualificar suas fontes de pesquisa.&nbsp;<\/p>\n<p dir=\"ltr\" style=\"text-align: justify;\">Comprovar capacidade de revisar bibliografia cient\u00edfica em l\u00edngua estrangeira \u00e9 essencial para quem inicia uma p\u00f3s-gradua\u00e7\u00e3o. Por isso, sugerimos que as candidatas e os candidatos realizem o teste no \u00faltimo semestre da gradua\u00e7\u00e3o ou no in\u00edcio de seu curso de mestrado ou doutorado. Isso contribui para a qualidade da pesquisa e garante tempo h\u00e1bil para cumprimento dos prazos do seu respectivo programa de p\u00f3s-gradua\u00e7\u00e3o.&nbsp;<\/p>\n<p dir=\"ltr\" style=\"text-align: justify;\">A universidade tamb\u00e9m oferece cursos espec\u00edficos de prepara\u00e7\u00e3o para o TESLLE. Sugerimos \u00e0s candidatas e aos candidatos ficarem atentos \u00e0 disponibilidade dessas forma\u00e7\u00f5es, as quais tamb\u00e9m s\u00e3o divulgadas na se\u00e7\u00e3o \u2018Not\u00edcias\u2019 da p\u00e1gina TESLLE.<\/p>","protected":false},"excerpt":{"rendered":"<p>Entre os dias 20 de mar\u00e7o a 20 de abril de 2025, at\u00e9 \u00e0s 23h59min, est\u00e3o abertas as inscri\u00e7\u00f5es ao Teste de Sufici\u00eancia em Leitura em L\u00edngua Estrangeira (TESLLE) para&#8230;<\/p>","protected":false},"author":2,"featured_media":69206,"comment_status":"closed","ping_status":"closed","sticky":false,"template":"","format":"standard","meta":{"ngg_post_thumbnail":0,"footnotes":""},"categories":[44,46,33],"tags":[148],"class_list":["post-69205","post","type-post","status-publish","format-standard","has-post-thumbnail","hentry","category-educacao","category-estado","category-noticias","tag-ufsm"],"amp_enabled":true,"_links":{"self":[{"href":"https:\/\/www2.comunitaria.com.br\/en\/wp-json\/wp\/v2\/posts\/69205","targetHints":{"allow":["GET"]}}],"collection":[{"href":"https:\/\/www2.comunitaria.com.br\/en\/wp-json\/wp\/v2\/posts"}],"about":[{"href":"https:\/\/www2.comunitaria.com.br\/en\/wp-json\/wp\/v2\/types\/post"}],"author":[{"embeddable":true,"href":"https:\/\/www2.comunitaria.com.br\/en\/wp-json\/wp\/v2\/users\/2"}],"replies":[{"embeddable":true,"href":"https:\/\/www2.comunitaria.com.br\/en\/wp-json\/wp\/v2\/comments?post=69205"}],"version-history":[{"count":0,"href":"https:\/\/www2.comunitaria.com.br\/en\/wp-json\/wp\/v2\/posts\/69205\/revisions"}],"wp:featuredmedia":[{"embeddable":true,"href":"https:\/\/www2.comunitaria.com.br\/en\/wp-json\/wp\/v2\/media\/69206"}],"wp:attachment":[{"href":"https:\/\/www2.comunitaria.com.br\/en\/wp-json\/wp\/v2\/media?parent=69205"}],"wp:term":[{"taxonomy":"category","embeddable":true,"href":"https:\/\/www2.comunitaria.com.br\/en\/wp-json\/wp\/v2\/categories?post=69205"},{"taxonomy":"post_tag","embeddable":true,"href":"https:\/\/www2.comunitaria.com.br\/en\/wp-json\/wp\/v2\/tags?post=69205"}],"curies":[{"name":"wp","href":"https:\/\/api.w.org\/{rel}","templated":true}]}}