{"id":69189,"date":"2025-03-18T11:28:37","date_gmt":"2025-03-18T13:28:37","guid":{"rendered":"https:\/\/www2.comunitaria.com.br\/?p=69189"},"modified":"2025-03-18T11:28:37","modified_gmt":"2025-03-18T13:28:37","slug":"com-isencao-do-ir-ate-r-5-mil-10-milhoes-de-pessoas-deixarao-de-pagar-imposto-de-renda","status":"publish","type":"post","link":"https:\/\/www2.comunitaria.com.br\/en\/com-isencao-do-ir-ate-r-5-mil-10-milhoes-de-pessoas-deixarao-de-pagar-imposto-de-renda\/","title":{"rendered":"Com isen\u00e7\u00e3o do IR at\u00e9 R$ 5 mil, 10 milh\u00f5es de pessoas deixar\u00e3o de pagar Imposto de Renda"},"content":{"rendered":"<div id=\"chunk-brefi\">\n<div class=\"mc-column content-text active-extra-styles active-capital-letter\" data-block-type=\"unstyled\" data-block-weight=\"31\" data-block-id=\"2\">\n<p class=\"content-text__container theme-color-primary-first-letter\" style=\"text-align: justify;\" data-track-category=\"Link no Texto\" data-track-links=\"\" data-mrf-recirculation=\"Mat\u00e9ria - Links no Texto\">Cerca de 10 milh\u00f5es de contribuintes podem deixar de pagar Imposto de Renda se a nova faixa de isen\u00e7\u00e3o, que ser\u00e1 anunciada nesta ter\u00e7a-feira (18) pelo governo, for aprovada pelo Congresso.<\/p>\n<\/div>\n<\/div>\n<div class=\"wall protected-content\">\n<div id=\"chunk-8aovc\" style=\"text-align: justify;\">\n<div class=\"mc-column content-text active-extra-styles\" data-block-type=\"unstyled\" data-block-weight=\"28\" data-block-id=\"3\">\n<p class=\"content-text__container\" data-track-category=\"Link no Texto\" data-track-links=\"\" data-mrf-recirculation=\"Mat\u00e9ria - Links no Texto\">S\u00e3o os cidad\u00e3os com renda entre a atual faixa de isen\u00e7\u00e3o, de R$ 2.824, e&nbsp;R$ 5 mil \u2014 novo limite de isen\u00e7\u00e3o pela proposta do governo.<\/p>\n<\/div>\n<\/div>\n<div id=\"chunk-6d45s\" style=\"text-align: justify;\">\n<div class=\"mc-column content-text active-extra-styles\" data-block-type=\"unstyled\" data-block-weight=\"29\" data-block-id=\"4\">\n<p class=\"content-text__container\" data-track-category=\"Link no Texto\" data-track-links=\"\" data-mrf-recirculation=\"Mat\u00e9ria - Links no Texto\">Com a proposta do governo, que ainda tem de ser aprovada e n\u00e3o vai valer para as declara\u00e7\u00f5es deste ano,&nbsp;<strong><span class=\"highlight highlighted\">mais de 26 milh\u00f5es de pessoas ser\u00e3o totalmente isentas.<\/span><\/strong><\/p>\n<\/div>\n<\/div>\n<div id=\"chunk-4uqf9\" style=\"text-align: justify;\">\n<div class=\"mc-column content-text active-extra-styles\" data-block-type=\"unstyled\" data-block-weight=\"20\" data-block-id=\"5\">\n<p class=\"content-text__container\" data-track-category=\"Link no Texto\" data-track-links=\"\" data-mrf-recirculation=\"Mat\u00e9ria - Links no Texto\">Neste ano, por exemplo, a&nbsp;Receita Federal esera receber 46,2 milh\u00f5es de declara\u00e7\u00f5es do Imposto de Renda 2025, ano-base 2024.<\/p>\n<\/div>\n<\/div>\n<div id=\"chunk-3i33g\" style=\"text-align: justify;\">\n<div class=\"mc-column content-text active-extra-styles\" data-block-type=\"unstyled\" data-block-weight=\"50\" data-block-id=\"6\">\n<p class=\"content-text__container\" data-track-category=\"Link no Texto\" data-track-links=\"\" data-mrf-recirculation=\"Mat\u00e9ria - Links no Texto\">A proposta da \u00e1rea econ\u00f4mica ser\u00e1 confirmada nesta ter\u00e7a-feira (18), em cerim\u00f4nia no Pal\u00e1cio do Planalto com a presen\u00e7a do presidente Luiz In\u00e1cio Lula da Silva, de ministros e dos presidentes da C\u00e2mara dos Deputados, Hugo Motta (Republicanos-PB), e do Senado, Davi Alcolumbre (Uni\u00e3o-AP), al\u00e9m de l\u00edderes do Legislativo.<\/p>\n<\/div>\n<\/div>\n<div id=\"chunk-5j3sp\" style=\"text-align: justify;\">\n<div class=\"mc-column content-text active-extra-styles\" data-block-type=\"unstyled\" data-block-weight=\"35\" data-block-id=\"7\">\n<p class=\"content-text__container\" data-track-category=\"Link no Texto\" data-track-links=\"\" data-mrf-recirculation=\"Mat\u00e9ria - Links no Texto\">De acordo com o projeto, para a renda entre R$ 5 mil e R$ 7 mil, haver\u00e1 um desconto parcial, que ser\u00e1 regressivo \u2013 ou seja, que vai caindo conforme a renda vai aumentando.<\/p>\n<\/div>\n<\/div>\n<div id=\"chunk-no5k\">\n<div class=\"mc-column content-text active-extra-styles\" data-block-type=\"raw\" data-block-weight=\"56\" data-block-id=\"8\">\n<p class=\"content-text__container\" style=\"text-align: justify;\" data-mrf-recirculation=\"Mat\u00e9ria - Links no Texto\">&nbsp;<\/p>\n<ul class=\"content-unordered-list\" style=\"text-align: justify;\">\n<li>A equipe econ\u00f4mica estima que a perda de arrecada\u00e7\u00e3o, em 2026, ser\u00e1 de cerca de R$ 26 bilh\u00f5es,&nbsp;valor pr\u00f3ximo ao citado nesta segunda-feira pelo ministro da Fazenda, Fernando Haddad.<\/li>\n<li>O valor da perda (valores que deixar\u00e3o de ingressar nos cofres p\u00fablicos) \u00e9 permanente, ou seja, prosseguir\u00e1 nos pr\u00f3ximos anos. Mas os valores tendem a mudar.<\/li>\n<\/ul>\n<div id=\"chunk-308pf\" style=\"text-align: justify;\">\n<div class=\"mc-column content-text active-extra-styles\" data-block-type=\"raw\" data-block-weight=\"5\" data-block-id=\"11\">\n<div class=\"content-intertitle\">\n<h2>Veja mais detalhes da proposta<\/h2>\n<\/div>\n<p>&nbsp;<\/p>\n<\/div>\n<\/div>\n<div id=\"chunk-fhl3g\" style=\"text-align: justify;\">\n<div class=\"mc-column content-text active-extra-styles\" data-block-type=\"raw\" data-block-weight=\"84\" data-block-id=\"12\">\n<p class=\"content-text__container\" data-mrf-recirculation=\"Mat\u00e9ria - Links no Texto\">&nbsp;<\/p>\n<ul class=\"content-unordered-list\">\n<li>A expectativa da equipe econ\u00f4mica \u00e9 que a nova faixa de isen\u00e7\u00e3o esteja em vigor somente em 2026.<\/li>\n<li>Ampliar a faixa de isen\u00e7\u00e3o do Imposto de Renda foi uma promessa de campanha do presidente Luiz In\u00e1cio Lula da Silva (PT).<\/li>\n<li>O aumento da isen\u00e7\u00e3o do IR, que beneficia a classe m\u00e9dia, \u00e9 uma aposta do governo para tentar melhorar a popularidade do presidente Lula, em baixa nos \u00faltimos meses por conta de ru\u00eddos sobre fiscaliza\u00e7\u00e3o do PIX e do aumento no pre\u00e7o dos alimentos.<\/li>\n<\/ul>\n<p>&nbsp;<\/p>\n<\/div>\n<\/div>\n<div id=\"chunk-13tbj\" style=\"text-align: justify;\">\n<div class=\"mc-column content-text active-extra-styles\" data-block-type=\"raw\" data-block-weight=\"3\" data-block-id=\"13\">\n<p class=\"content-text__container\" data-mrf-recirculation=\"Mat\u00e9ria - Links no Texto\">&nbsp;<\/p>\n<div class=\"content-intertitle\">\n<h2>Como vai funcionar<\/h2>\n<\/div>\n<p>&nbsp;<\/p>\n<\/div>\n<\/div>\n<div id=\"chunk-8l34t\" style=\"text-align: justify;\">\n<div class=\"mc-column content-text active-extra-styles\" data-block-type=\"unstyled\" data-block-weight=\"19\" data-block-id=\"14\">\n<p class=\"content-text__container\" data-track-category=\"Link no Texto\" data-track-links=\"\" data-mrf-recirculation=\"Mat\u00e9ria - Links no Texto\">O Imposto de Renda \u00e9, em geral, recolhido na fonte \u2014 ou seja, descontado diretamente do sal\u00e1rio dos trabalhadores.<\/p>\n<\/div>\n<\/div>\n<div id=\"chunk-4q32m\" style=\"text-align: justify;\">\n<div class=\"content-ads content-ads--reveal\" data-block-type=\"ads\" data-block-id=\"15\">&nbsp;<\/div>\n<\/div>\n<div id=\"chunk-68i7o\" style=\"text-align: justify;\">\n<div class=\"mc-column content-text active-extra-styles\" data-block-type=\"unstyled\" data-block-weight=\"27\" data-block-id=\"16\">\n<p class=\"content-text__container\" data-track-category=\"Link no Texto\" data-track-links=\"\" data-mrf-recirculation=\"Mat\u00e9ria - Links no Texto\">A cada ano, o contribuinte ajusta suas contas com a Receita Federal por meio da declara\u00e7\u00e3o do IR, e pode ser restitu\u00eddo ou pagar ainda mais imposto.<\/p>\n<\/div>\n<\/div>\n<div id=\"chunk-496mr\" style=\"text-align: justify;\">\n<div class=\"mc-column content-text active-extra-styles\" data-block-type=\"unstyled\" data-block-weight=\"24\" data-block-id=\"17\">\n<p class=\"content-text__container\" data-track-category=\"Link no Texto\" data-track-links=\"\" data-mrf-recirculation=\"Mat\u00e9ria - Links no Texto\">\u27a1\ufe0f Segundo a advogada trabalhista Paula Borges, da Ferraz dos Passos Advocacia e Consultoria, o empregado dever\u00e1 passar a receber um sal\u00e1rio l\u00edquido maior.<\/p>\n<\/div>\n<\/div>\n<div id=\"chunk-e8svp\" style=\"text-align: justify;\">\n<div class=\"mc-column content-text active-extra-styles\" data-block-type=\"unstyled\" data-block-weight=\"18\" data-block-id=\"18\">\n<p class=\"content-text__container\" data-track-category=\"Link no Texto\" data-track-links=\"\" data-mrf-recirculation=\"Mat\u00e9ria - Links no Texto\">Isso porque o desconto aplicado em folha ser\u00e1 extinto para essa faixa de renda (at\u00e9 R$ 5 mil).<\/p>\n<\/div>\n<\/div>\n<div id=\"chunk-esbnj\" style=\"text-align: justify;\">\n<div class=\"mc-column content-text active-extra-styles\" data-block-type=\"raw\" data-block-weight=\"31\" data-block-id=\"19\">\n<p class=\"content-text__container\" data-mrf-recirculation=\"Mat\u00e9ria - Links no Texto\">&nbsp;<\/p>\n<blockquote class=\"content-blockquote theme-border-color-primary-before\"><p>\u201cA mudan\u00e7a pode resultar em um aumento no valor l\u00edquido, ou seja, no valor efetivamente recebido ap\u00f3s os descontos\u201d, explica a especialista Paula Borges, da Ferraz dos Passos Advocacia e Consultoria.<\/p><\/blockquote>\n<p>&nbsp;<\/p>\n<\/div>\n<\/div>\n<div id=\"chunk-9b8h5\">\n<div class=\"mc-column content-text active-extra-styles\" data-block-type=\"unstyled\" data-block-weight=\"37\" data-block-id=\"20\">\n<p class=\"content-text__container\" style=\"text-align: justify;\" data-track-category=\"Link no Texto\" data-track-links=\"\" data-mrf-recirculation=\"Mat\u00e9ria - Links no Texto\">\ud83d\udea8 Tecnicamente, a mudan\u00e7a n\u00e3o pode ser chamada de aumento salarial. Mas, sim, o valor l\u00edquido recebido pelo trabalhador ficaria maior, pois o desconto do IR, para a faixa de at\u00e9 R$ 5 mil, deixaria de existir.<\/p>\n<div id=\"chunk-e76ql\">\n<div class=\"bs-video-block mc-column   content-media content-video\" data-block-type=\"backstage-video\" data-block-id=\"21\">\n<div class=\"content-media__container\">\n<div class=\"content-video__bigger-player-description-fixer\">\n<article class=\"content-video\" data-ts-view=\"1742304367504\">\n<section class=\"content-video__video-container\">\n<div class=\"content-video__video\">\n<div id=\"wp3-player-2\" class=\"clappr-player\" tabindex=\"9999\" data-player=\"\">\n<div class=\"media-control h720 w640 ad\">\n<div class=\"media-control-panel\">\n<div class=\"media-control-panel__middle\">\n<div class=\"media-control-position__right\" style=\"text-align: justify;\"><em>Fonte: g1<\/em><\/div>\n<\/div>\n<\/div>\n<\/div>\n<\/div>\n<\/div>\n<\/section>\n<\/article>\n<\/div>\n<\/div>\n<\/div>\n<\/div>\n<\/div>\n<\/div>\n<\/div>\n<\/div>\n<\/div>","protected":false},"excerpt":{"rendered":"<p>Cerca de 10 milh\u00f5es de contribuintes podem deixar de pagar Imposto de Renda se a nova faixa de isen\u00e7\u00e3o, que ser\u00e1 anunciada nesta ter\u00e7a-feira (18) pelo governo, for aprovada pelo Congresso. S\u00e3o os cidad\u00e3os com renda entre a atual faixa de isen\u00e7\u00e3o, de R$ 2.824, e&nbsp;R$ 5 mil \u2014 novo limite de isen\u00e7\u00e3o pela proposta<\/p>\n<div class=\"read-more-wrapper\"><a class=\"read-more\" href=\"https:\/\/www2.comunitaria.com.br\/en\/com-isencao-do-ir-ate-r-5-mil-10-milhoes-de-pessoas-deixarao-de-pagar-imposto-de-renda\/\" title=\"Read More\"> <span class=\"button\">Read More<\/span><\/a><\/div>","protected":false},"author":2,"featured_media":69190,"comment_status":"closed","ping_status":"closed","sticky":false,"template":"","format":"standard","meta":{"ngg_post_thumbnail":0,"footnotes":""},"categories":[47,39,28,33],"tags":[7282],"class_list":["post-69189","post","type-post","status-publish","format-standard","has-post-thumbnail","hentry","category-brasil","category-economia","category-destaque","category-noticias","tag-imposto-de-renda-2025"],"amp_enabled":true,"_links":{"self":[{"href":"https:\/\/www2.comunitaria.com.br\/en\/wp-json\/wp\/v2\/posts\/69189","targetHints":{"allow":["GET"]}}],"collection":[{"href":"https:\/\/www2.comunitaria.com.br\/en\/wp-json\/wp\/v2\/posts"}],"about":[{"href":"https:\/\/www2.comunitaria.com.br\/en\/wp-json\/wp\/v2\/types\/post"}],"author":[{"embeddable":true,"href":"https:\/\/www2.comunitaria.com.br\/en\/wp-json\/wp\/v2\/users\/2"}],"replies":[{"embeddable":true,"href":"https:\/\/www2.comunitaria.com.br\/en\/wp-json\/wp\/v2\/comments?post=69189"}],"version-history":[{"count":0,"href":"https:\/\/www2.comunitaria.com.br\/en\/wp-json\/wp\/v2\/posts\/69189\/revisions"}],"wp:featuredmedia":[{"embeddable":true,"href":"https:\/\/www2.comunitaria.com.br\/en\/wp-json\/wp\/v2\/media\/69190"}],"wp:attachment":[{"href":"https:\/\/www2.comunitaria.com.br\/en\/wp-json\/wp\/v2\/media?parent=69189"}],"wp:term":[{"taxonomy":"category","embeddable":true,"href":"https:\/\/www2.comunitaria.com.br\/en\/wp-json\/wp\/v2\/categories?post=69189"},{"taxonomy":"post_tag","embeddable":true,"href":"https:\/\/www2.comunitaria.com.br\/en\/wp-json\/wp\/v2\/tags?post=69189"}],"curies":[{"name":"wp","href":"https:\/\/api.w.org\/{rel}","templated":true}]}}