{"id":69068,"date":"2025-03-13T16:45:10","date_gmt":"2025-03-13T18:45:10","guid":{"rendered":"https:\/\/www2.comunitaria.com.br\/?p=69068"},"modified":"2025-03-13T16:45:10","modified_gmt":"2025-03-13T18:45:10","slug":"safra-gaucha-de-graos-deve-atingir-3634-milhoes-de-toneladas-estima","status":"publish","type":"post","link":"https:\/\/www2.comunitaria.com.br\/en\/safra-gaucha-de-graos-deve-atingir-3634-milhoes-de-toneladas-estima\/","title":{"rendered":"Safra ga\u00facha de gr\u00e3os deve atingir 36,34 milh\u00f5es de toneladas, estima"},"content":{"rendered":"<p dir=\"ltr\" style=\"text-align: justify;\">&nbsp;<\/p>\n<!--[if lt IE 9]><script>document.createElement('audio');<\/script><![endif]-->\n<audio class=\"wp-audio-shortcode\" id=\"audio-69068-1\" preload=\"none\" style=\"width: 100%;\" controls=\"controls\"><source type=\"audio\/mpeg\" src=\"http:\/\/www2.comunitaria.com.br\/wp-content\/uploads\/2025\/03\/Sonora-Edegar-Pretto-6o-levantamento-de-graos-RS.mp3?_=1\" \/><a href=\"http:\/\/www2.comunitaria.com.br\/wp-content\/uploads\/2025\/03\/Sonora-Edegar-Pretto-6o-levantamento-de-graos-RS.mp3\">http:\/\/www2.comunitaria.com.br\/wp-content\/uploads\/2025\/03\/Sonora-Edegar-Pretto-6o-levantamento-de-graos-RS.mp3<\/a><\/audio>\n<p dir=\"ltr\" style=\"text-align: justify;\">A Companhia Nacional de Abastecimento (Conab) confirmou,&nbsp;nesta quinta-feira (13), que o Brasil pode alcan\u00e7ar um novo recorde na safra de gr\u00e3os. O 6\u00ba levantamento da safra 2024\/2025 projeta um volume de 328,31 milh\u00f5es de toneladas, um aumento de 10,3% (30,56 milh\u00f5es de toneladas) em compara\u00e7\u00e3o \u00e0 safra anterior. O crescimento da produ\u00e7\u00e3o e produtividade, especialmente para soja, milho e arroz, somado a um aumento de 2,1% na \u00e1rea plantada, \u00e9 atribu\u00eddo \u00e0 conjuntura mercadol\u00f3gica favor\u00e1vel e \u00e0 expectativa de condi\u00e7\u00f5es clim\u00e1ticas mais adequadas ao desenvolvimento das culturas.<\/p>\n<p style=\"text-align: justify;\">&nbsp;<\/p>\n<p dir=\"ltr\" style=\"text-align: justify;\">No Rio Grande do Sul, a produ\u00e7\u00e3o deve atingir 36,34 milh\u00f5es de toneladas, uma redu\u00e7\u00e3o de 1,3% em rela\u00e7\u00e3o \u00e0 safra passada. O estado se mant\u00e9m na posi\u00e7\u00e3o de terceiro maior produtor de gr\u00e3os no pa\u00eds, atr\u00e1s de Mato Grosso e Paran\u00e1, seguido por Goi\u00e1s. J\u00e1 a \u00e1rea plantada est\u00e1 prevista em 10,45 milh\u00f5es de hectares, um aumento de 0,3%. A queda na produ\u00e7\u00e3o foi motivada pela estiagem, que impactou principalmente a cultura da soja. No entanto, h\u00e1 perspectiva de excelente produ\u00e7\u00e3o nas safras de arroz e milho.<\/p>\n<p style=\"text-align: justify;\">&nbsp;<\/p>\n<p dir=\"ltr\" style=\"text-align: justify;\">Durante o levantamento, realizado no final de fevereiro, a estiagem persistia no estado. As lavouras foram impactadas por chuvas irregulares e mal distribu\u00eddas, com temporais associados \u00e0s altas temperaturas, o que gerou a escassez de precipita\u00e7\u00f5es significativas, afetando reservat\u00f3rios de \u00e1gua. \u201cO nosso estado, que produz 11% da safra nacional de gr\u00e3os, enfrentou novamente desafios clim\u00e1ticos que impactaram negativamente a cultura da soja. No entanto, o 6\u00ba levantamento apresenta perspectivas positivas para as safras de milho e arroz, o que representa um benef\u00edcio significativo para o estado e para o Brasil, dado que o Rio Grande do Sul \u00e9 o principal produtor nacional de arroz e de milho 1\u00aa safra\u201d, destaca o presidente da Conab, Edegar Pretto.<\/p>\n<p style=\"text-align: justify;\">&nbsp;<\/p>\n<p dir=\"ltr\" style=\"text-align: justify;\">Os n\u00fameros da safra ga\u00facha<\/p>\n<p style=\"text-align: justify;\">&nbsp;<\/p>\n<p dir=\"ltr\" style=\"text-align: justify;\">Arroz e feij\u00e3o&nbsp;\u2013 A produ\u00e7\u00e3o de arroz deve atingir 8,3 milh\u00f5es de toneladas, um aumento de 15,9% em rela\u00e7\u00e3o ao ciclo anterior. A \u00e1rea plantada est\u00e1 estimada em 951,9 mil hectares, com crescimento de 5,7%. A expectativa \u00e9 de aumento da \u00e1rea cultivada em todas as regi\u00f5es produtoras, especialmente na Sul e na Fronteira Oeste, devido \u00e0 boa rentabilidade da cultura no momento do plantio, ao bom volume de \u00e1gua nas barragens e rios durante o plantio e \u00e0 possibilidade de preparo antecipado das \u00e1reas, o que favorece boas produtividades.<\/p>\n<p style=\"text-align: justify;\">&nbsp;<\/p>\n<p dir=\"ltr\" style=\"text-align: justify;\">A produ\u00e7\u00e3o de feij\u00e3o deve alcan\u00e7ar 76,9 mil toneladas, um aumento de 7,3%. A \u00e1rea plantada est\u00e1 prevista em 48,5 mil hectares. O cultivo de feij\u00e3o cores da 1\u00aa safra est\u00e1 concentrado no Planalto Superior, onde se utiliza de bons pacotes&nbsp; tecnol\u00f3gicos. A semeadura come\u00e7ou em dezembro e foi conclu\u00edda em janeiro. Mais de 60% das lavouras est\u00e3o no enchimento de gr\u00e3os e 30% em florescimento. Embora a estiagem tenha impactado o desenvolvimento, as condi\u00e7\u00f5es clim\u00e1ticas na regi\u00e3o foram menos severas, e as lavouras ainda apresentam bom potencial produtivo.<\/p>\n<p style=\"text-align: justify;\">&nbsp;<\/p>\n<p dir=\"ltr\" style=\"text-align: justify;\">A semeadura do feij\u00e3o preto da 2\u00aa safra continua no estado. Iniciada em janeiro, a opera\u00e7\u00e3o avan\u00e7ou lentamente at\u00e9 fevereiro, quando as chuvas melhoraram as condi\u00e7\u00f5es do solo, permitindo um aumento r\u00e1pido da \u00e1rea semeada, que atingiu 88% no final do m\u00eas. No Planalto M\u00e9dio, que \u00e9 a principal regi\u00e3o produtora, as expectativas s\u00e3o boas, especialmente devido \u00e0 alta propor\u00e7\u00e3o de lavouras irrigadas. Nessa regi\u00e3o, 90% da \u00e1rea foi semeada, 20% est\u00e1 em emerg\u00eancia e 80% em desenvolvimento vegetativo.<\/p>\n<p style=\"text-align: justify;\">&nbsp;<\/p>\n<p dir=\"ltr\" style=\"text-align: justify;\">Soja&nbsp;\u2013 A produ\u00e7\u00e3o de soja est\u00e1 estimada em 17,1 milh\u00f5es de toneladas, uma redu\u00e7\u00e3o de 13,2% em rela\u00e7\u00e3o \u00e0 safra anterior, posicionando o estado como o 4\u00ba maior produtor da oleaginosa, atr\u00e1s de Mato Grosso, Paran\u00e1 e Goi\u00e1s. A \u00e1rea cultivada deve aumentar para 6,84 milh\u00f5es de hectares, com um incremento de 74,4 mil hectares (1,1% a mais que na safra 2023\/2024).<\/p>\n<p style=\"text-align: justify;\">&nbsp;<\/p>\n<p dir=\"ltr\" style=\"text-align: justify;\">As lavouras de soja continuam sendo afetadas pela falta de chuvas regulares. As semeadas mais tarde sofreram preju\u00edzos significativos, com perdas que podem ser irrevers\u00edveis. A estimativa de produtividade \u00e9 de 2.495 kg\/ha, uma redu\u00e7\u00e3o de 7,5% em rela\u00e7\u00e3o ao levantamento anterior, 16,1% abaixo da estimativa inicial e mais de 30% em rela\u00e7\u00e3o ao potencial da cultura.<\/p>\n<p style=\"text-align: justify;\">&nbsp;<\/p>\n<p dir=\"ltr\" style=\"text-align: justify;\">Milho&nbsp;\u2013 O RS \u00e9 o maior produtor de milho 1\u00aa safra. A semeadura foi conclu\u00edda, e a colheita j\u00e1 ultrapassa 80%. A produ\u00e7\u00e3o est\u00e1 prevista em 5,5 milh\u00f5es de toneladas, um aumento de 13,7%. A \u00e1rea plantada pode chegar a 719,6 mil hectares, uma redu\u00e7\u00e3o de 11,7%. A estimativa de produtividade m\u00e9dia foi ajustada para 7.664 kg\/ha, um aumento de 16% em rela\u00e7\u00e3o ao m\u00eas anterior. Embora as lavouras ainda no campo tenham apresentado perdas, as lavouras j\u00e1 colhidas possibilitaram esse incremento. Apesar dos resultados positivos, algumas lavouras apresentaram perdas consolidadas devido \u00e0 estiagem.<\/p>\n<p style=\"text-align: justify;\">&nbsp;<\/p>\n<p dir=\"ltr\" style=\"text-align: justify;\">Trigo (safra 2025)&nbsp;\u2013 O estado ga\u00facho \u00e9 o maior produtor de trigo no pa\u00eds. Para a safra de inverno de 2025, a produ\u00e7\u00e3o deve crescer 4,4%, chegando a 4,1 milh\u00f5es de toneladas. A \u00e1rea cultivada est\u00e1 prevista em 1,29 milh\u00e3o de hectares, uma redu\u00e7\u00e3o de 3,8% em rela\u00e7\u00e3o ao ciclo de 2024. A produtividade m\u00e9dia estimada \u00e9 de 3.172 kg\/ha. Os dados para o trigo, que ser\u00e1 implantado por volta de maio, s\u00e3o baseados em modelos estat\u00edsticos e an\u00e1lises de mercado.<\/p>\n<p dir=\"ltr\" style=\"text-align: justify;\"><em>Foto: Sebasti\u00e3o Jos\u00e9 de Ara\u00fajo\/Embrapa Sonora para r\u00e1dios: Edegar Pretto, presidente da Conab, comenta os n\u00fameros da safra ga\u00facha de gr\u00e3os<\/em><\/p>","protected":false},"excerpt":{"rendered":"<p>&nbsp; A Companhia Nacional de Abastecimento (Conab) confirmou,&nbsp;nesta quinta-feira (13), que o Brasil pode alcan\u00e7ar um novo recorde na safra de gr\u00e3os. O 6\u00ba levantamento da safra 2024\/2025 projeta um volume de 328,31 milh\u00f5es de toneladas, um aumento de 10,3% (30,56 milh\u00f5es de toneladas) em compara\u00e7\u00e3o \u00e0 safra anterior. O crescimento da produ\u00e7\u00e3o e produtividade,<\/p>\n<div class=\"read-more-wrapper\"><a class=\"read-more\" href=\"https:\/\/www2.comunitaria.com.br\/en\/safra-gaucha-de-graos-deve-atingir-3634-milhoes-de-toneladas-estima\/\" title=\"Read More\"> <span class=\"button\">Read More<\/span><\/a><\/div>","protected":false},"author":2,"featured_media":69070,"comment_status":"closed","ping_status":"closed","sticky":false,"template":"","format":"standard","meta":{"ngg_post_thumbnail":0,"footnotes":""},"categories":[6254,46,28,33,43],"tags":[4807],"class_list":["post-69068","post","type-post","status-publish","format-standard","has-post-thumbnail","hentry","category-agricultura","category-estado","category-destaque","category-noticias","category-regiao","tag-conab"],"amp_enabled":true,"_links":{"self":[{"href":"https:\/\/www2.comunitaria.com.br\/en\/wp-json\/wp\/v2\/posts\/69068","targetHints":{"allow":["GET"]}}],"collection":[{"href":"https:\/\/www2.comunitaria.com.br\/en\/wp-json\/wp\/v2\/posts"}],"about":[{"href":"https:\/\/www2.comunitaria.com.br\/en\/wp-json\/wp\/v2\/types\/post"}],"author":[{"embeddable":true,"href":"https:\/\/www2.comunitaria.com.br\/en\/wp-json\/wp\/v2\/users\/2"}],"replies":[{"embeddable":true,"href":"https:\/\/www2.comunitaria.com.br\/en\/wp-json\/wp\/v2\/comments?post=69068"}],"version-history":[{"count":0,"href":"https:\/\/www2.comunitaria.com.br\/en\/wp-json\/wp\/v2\/posts\/69068\/revisions"}],"wp:featuredmedia":[{"embeddable":true,"href":"https:\/\/www2.comunitaria.com.br\/en\/wp-json\/wp\/v2\/media\/69070"}],"wp:attachment":[{"href":"https:\/\/www2.comunitaria.com.br\/en\/wp-json\/wp\/v2\/media?parent=69068"}],"wp:term":[{"taxonomy":"category","embeddable":true,"href":"https:\/\/www2.comunitaria.com.br\/en\/wp-json\/wp\/v2\/categories?post=69068"},{"taxonomy":"post_tag","embeddable":true,"href":"https:\/\/www2.comunitaria.com.br\/en\/wp-json\/wp\/v2\/tags?post=69068"}],"curies":[{"name":"wp","href":"https:\/\/api.w.org\/{rel}","templated":true}]}}