{"id":69045,"date":"2025-03-11T11:41:19","date_gmt":"2025-03-11T13:41:19","guid":{"rendered":"https:\/\/www2.comunitaria.com.br\/?p=69045"},"modified":"2025-03-11T11:41:19","modified_gmt":"2025-03-11T13:41:19","slug":"servidor-publico-investigado-por-apologia-ao-nazismo-e-afastado-do-trabalho-em-santa-maria","status":"publish","type":"post","link":"https:\/\/www2.comunitaria.com.br\/en\/servidor-publico-investigado-por-apologia-ao-nazismo-e-afastado-do-trabalho-em-santa-maria\/","title":{"rendered":"Servidor p\u00fablico investigado por apologia ao nazismo \u00e9 afastado do trabalho em Santa Maria"},"content":{"rendered":"<p style=\"text-align: justify;\">A Funda\u00e7\u00e3o Estadual de Prote\u00e7\u00e3o Ambiental (Fepam) decidiu afastar preventivamente do trabalho um servidor p\u00fablico de 59 anos investigado pela Pol\u00edcia Civil por apologia ao nazismo. Na \u00faltima quinta-feira (6),&nbsp;um im\u00f3vel de propriedade dele foi alvo de uma mandado de busca e apreens\u00e3o&nbsp;\u2013 no local,&nbsp;<span class=\"highlight highlighted\">foram apreendidos objetos nazistas ou que faziam refer\u00eancia a ideologias supremacistas<\/span>.<\/p>\n<div id=\"chunk-4ssis\" style=\"text-align: justify;\">\n<div class=\"mc-column content-text active-extra-styles\" data-block-type=\"unstyled\" data-block-weight=\"39\" data-block-id=\"6\">\n<p class=\"content-text__container\" data-track-category=\"Link no Texto\" data-track-links=\"\" data-mrf-recirculation=\"Mat\u00e9ria - Links no Texto\">A identidade do servidor n\u00e3o foi divulgada. De acordo com a assessoria de comunica\u00e7\u00e3o da Fepam, foi aberto um Procedimento Administrativo Disciplinar (PAD) contra ele &#8220;para apura\u00e7\u00e3o da conduta e aplica\u00e7\u00e3o de penalidades, em \u00e2mbito administrativo, ao servidor investigado&#8221;.<\/p>\n<\/div>\n<\/div>\n<div id=\"chunk-9tnch\" style=\"text-align: justify;\">\n<div class=\"content-ads content-ads--reveal\" data-block-type=\"ads\" data-block-id=\"7\">&nbsp;<\/div>\n<\/div>\n<div id=\"chunk-97bag\" style=\"text-align: justify;\">\n<div class=\"mc-column content-text active-extra-styles\" data-block-type=\"unstyled\" data-block-weight=\"34\" data-block-id=\"8\">\n<p class=\"content-text__container\" data-track-category=\"Link no Texto\" data-track-links=\"\" data-mrf-recirculation=\"Mat\u00e9ria - Links no Texto\">Ainda conforme a Fepam, o PAD est\u00e1 na fase instrut\u00f3ria, &#8220;com coleta de provas emprestadas da Pol\u00edcia Civil e em produ\u00e7\u00e3o pela comiss\u00e3o processante do PAD&#8221;. O prazo para conclus\u00e3o \u00e9 de 60 dias.<\/p>\n<\/div>\n<\/div>\n<div id=\"chunk-eaaci\" style=\"text-align: justify;\">\n<div class=\"mc-column content-text active-extra-styles\" data-block-type=\"unstyled\" data-block-weight=\"24\" data-block-id=\"9\">\n<p class=\"content-text__container\" data-track-category=\"Link no Texto\" data-track-links=\"\" data-mrf-recirculation=\"Mat\u00e9ria - Links no Texto\"><span class=\"highlight highlighted\">O servidor deve permanecer afastado das fun\u00e7\u00f5es por pelo menos 120 dias<\/span>,&nbsp;<strong>pois apresentou atestado m\u00e9dico &#8220;recomendando afastamento das atividades laborais&#8221;<\/strong>, segundo a Fepam.<\/p>\n<\/div>\n<\/div>\n<div id=\"chunk-1cetn\" style=\"text-align: justify;\">\n<div class=\"mc-column content-text active-extra-styles\" data-block-type=\"raw\" data-block-weight=\"1\" data-block-id=\"10\">\n<p class=\"content-text__container\" data-mrf-recirculation=\"Mat\u00e9ria - Links no Texto\">&nbsp;<\/p>\n<div class=\"content-intertitle\">\n<h2>Investiga\u00e7\u00e3o<\/h2>\n<\/div>\n<\/div>\n<\/div>\n<div id=\"chunk-bu999\" style=\"text-align: justify;\">\n<div class=\"mc-column content-text active-extra-styles\" data-block-type=\"unstyled\" data-block-weight=\"56\" data-block-id=\"11\">\n<p class=\"content-text__container\" data-track-category=\"Link no Texto\" data-track-links=\"\" data-mrf-recirculation=\"Mat\u00e9ria - Links no Texto\">Na \u00faltima quinta-feira, a Pol\u00edcia Civil cumpriu mandado de busca e apreens\u00e3o em um im\u00f3vel de propriedade do suspeito, que fica na Estrada do Radar, em&nbsp;Santa Maria.&nbsp;<span class=\"highlight highlighted\">No local, foram identificados e apreendidos objetos nazistas ou que faziam refer\u00eancia a ideologias supremacistas<\/span>, de acordo com a pol\u00edcia, como:&nbsp;<strong>capacete<\/strong>,&nbsp;<strong>m\u00e1scara de g\u00e1s<\/strong>, pingentes e&nbsp;<strong>estatuetas<\/strong>.<\/p>\n<\/div>\n<\/div>\n<div id=\"chunk-egisa\" style=\"text-align: justify;\">\n<div class=\"mc-column content-text active-extra-styles\" data-block-type=\"unstyled\" data-block-weight=\"15\" data-block-id=\"12\">\n<p class=\"content-text__container\" data-track-category=\"Link no Texto\" data-track-links=\"\" data-mrf-recirculation=\"Mat\u00e9ria - Links no Texto\">Al\u00e9m dos objetos, houve a apreens\u00e3o de telefones celulares. Os aparelhos devem passar por per\u00edcia.<\/p>\n<\/div>\n<\/div>\n<div id=\"chunk-9n9k1\" style=\"text-align: justify;\">\n<div class=\"mc-column content-text active-extra-styles\" data-block-type=\"unstyled\" data-block-weight=\"26\" data-block-id=\"13\">\n<p class=\"content-text__container\" data-track-category=\"Link no Texto\" data-track-links=\"\" data-mrf-recirculation=\"Mat\u00e9ria - Links no Texto\"><strong>O suspeito do crime n\u00e3o est\u00e1 preso<\/strong>.&nbsp;<span class=\"highlight highlighted\">Ele foi intimado a prestar depoimento nesta semana na Delegacia do Idoso e Combate \u00e0 Intoler\u00e2ncia (DPICOI)<\/span>&nbsp;da cidade.<\/p>\n<\/div>\n<\/div>\n<div id=\"chunk-64r9q\" style=\"text-align: justify;\">\n<div class=\"mc-column content-text active-extra-styles\" data-block-type=\"raw\" data-block-weight=\"5\" data-block-id=\"14\">\n<p class=\"content-text__container\" data-mrf-recirculation=\"Mat\u00e9ria - Links no Texto\">&nbsp;<\/p>\n<div class=\"content-intertitle\">\n<h2>Apologia ao nazismo \u00e9 crime<\/h2>\n<\/div>\n<\/div>\n<\/div>\n<div id=\"chunk-4h50s\" style=\"text-align: justify;\">\n<div class=\"mc-column content-text active-extra-styles\" data-block-type=\"unstyled\" data-block-weight=\"14\" data-block-id=\"15\">\n<p class=\"content-text__container\" data-track-category=\"Link no Texto\" data-track-links=\"\" data-mrf-recirculation=\"Mat\u00e9ria - Links no Texto\"><a class=\"\" href=\"https:\/\/g1.globo.com\/politica\/noticia\/2022\/02\/10\/o-que-a-lei-brasileira-diz-sobre-apologia-do-nazismo.ghtml\" data-mrf-link=\"https:\/\/g1.globo.com\/politica\/noticia\/2022\/02\/10\/o-que-a-lei-brasileira-diz-sobre-apologia-do-nazismo.ghtml\">A apologia do nazismo se enquadra na Lei 7.716\/1989, segundo a qual \u00e9 crime<\/a>:<\/p>\n<\/div>\n<\/div>\n<div id=\"chunk-8m2d3\" style=\"text-align: justify;\">\n<div class=\"mc-column content-text active-extra-styles\" data-block-type=\"unstyled\" data-block-weight=\"47\" data-block-id=\"16\">\n<p class=\"content-text__container\" data-track-category=\"Link no Texto\" data-track-links=\"\" data-mrf-recirculation=\"Mat\u00e9ria - Links no Texto\"><span class=\"highlight highlighted\">Praticar, induzir ou incitar a discrimina\u00e7\u00e3o ou preconceito de ra\u00e7a, cor, etnia, religi\u00e3o ou proced\u00eancia nacional<\/span>. Pena: reclus\u00e3o de um a tr\u00eas anos e multa \u2013 ou reclus\u00e3o de dois a cinco anos e multa se o crime foi cometido em publica\u00e7\u00f5es ou meios de comunica\u00e7\u00e3o social.<\/p>\n<\/div>\n<\/div>\n<div id=\"chunk-5jqtj\" style=\"text-align: justify;\">\n<div class=\"mc-column content-text active-extra-styles\" data-block-type=\"unstyled\" data-block-weight=\"33\" data-block-id=\"18\">\n<p class=\"content-text__container\" data-track-category=\"Link no Texto\" data-track-links=\"\" data-mrf-recirculation=\"Mat\u00e9ria - Links no Texto\"><span class=\"highlight highlighted\">Fabricar, comercializar, distribuir ou veicular s\u00edmbolos, emblemas, ornamentos, distintivos ou propaganda que utilizem a cruz su\u00e1stica ou gamada, para fins de divulga\u00e7\u00e3o do nazismo<\/span>. Pena: reclus\u00e3o de dois a cinco anos e multa.<\/p>\n<\/div>\n<\/div>\n<div id=\"chunk-9pas0\">\n<div class=\"mc-column content-text active-extra-styles\" data-block-type=\"unstyled\" data-block-weight=\"39\" data-block-id=\"19\">\n<p class=\"content-text__container\" style=\"text-align: justify;\" data-track-category=\"Link no Texto\" data-track-links=\"\" data-mrf-recirculation=\"Mat\u00e9ria - Links no Texto\">Essa lei \u00e9 respaldada pela pr\u00f3pria Constitui\u00e7\u00e3o, que classifica o racismo como crime inafian\u00e7\u00e1vel e imprescrit\u00edvel. Isso significa que o racismo pode ser julgado e sentenciado a qualquer momento, n\u00e3o importando quanto tempo j\u00e1 se passou desde a conduta.<\/p>\n<p data-track-category=\"Link no Texto\" data-track-links=\"\" data-mrf-recirculation=\"Mat\u00e9ria - Links no Texto\"><em>Fonte: g1 RS<\/em><\/p>\n<p data-track-category=\"Link no Texto\" data-track-links=\"\" data-mrf-recirculation=\"Mat\u00e9ria - Links no Texto\"><em>Foto: Pol\u00edcia Civil\/Divulga\u00e7\u00e3o<\/em><\/p>\n<\/div>\n<\/div>","protected":false},"excerpt":{"rendered":"<p>A Funda\u00e7\u00e3o Estadual de Prote\u00e7\u00e3o Ambiental (Fepam) decidiu afastar preventivamente do trabalho um servidor p\u00fablico de 59 anos investigado pela Pol\u00edcia Civil por apologia ao nazismo. Na \u00faltima quinta-feira (6),&nbsp;um&#8230;<\/p>","protected":false},"author":2,"featured_media":69046,"comment_status":"closed","ping_status":"closed","sticky":false,"template":"","format":"standard","meta":{"ngg_post_thumbnail":0,"footnotes":""},"categories":[46,28,33],"tags":[1104],"class_list":["post-69045","post","type-post","status-publish","format-standard","has-post-thumbnail","hentry","category-estado","category-destaque","category-noticias","tag-santa-maria"],"amp_enabled":true,"_links":{"self":[{"href":"https:\/\/www2.comunitaria.com.br\/en\/wp-json\/wp\/v2\/posts\/69045","targetHints":{"allow":["GET"]}}],"collection":[{"href":"https:\/\/www2.comunitaria.com.br\/en\/wp-json\/wp\/v2\/posts"}],"about":[{"href":"https:\/\/www2.comunitaria.com.br\/en\/wp-json\/wp\/v2\/types\/post"}],"author":[{"embeddable":true,"href":"https:\/\/www2.comunitaria.com.br\/en\/wp-json\/wp\/v2\/users\/2"}],"replies":[{"embeddable":true,"href":"https:\/\/www2.comunitaria.com.br\/en\/wp-json\/wp\/v2\/comments?post=69045"}],"version-history":[{"count":0,"href":"https:\/\/www2.comunitaria.com.br\/en\/wp-json\/wp\/v2\/posts\/69045\/revisions"}],"wp:featuredmedia":[{"embeddable":true,"href":"https:\/\/www2.comunitaria.com.br\/en\/wp-json\/wp\/v2\/media\/69046"}],"wp:attachment":[{"href":"https:\/\/www2.comunitaria.com.br\/en\/wp-json\/wp\/v2\/media?parent=69045"}],"wp:term":[{"taxonomy":"category","embeddable":true,"href":"https:\/\/www2.comunitaria.com.br\/en\/wp-json\/wp\/v2\/categories?post=69045"},{"taxonomy":"post_tag","embeddable":true,"href":"https:\/\/www2.comunitaria.com.br\/en\/wp-json\/wp\/v2\/tags?post=69045"}],"curies":[{"name":"wp","href":"https:\/\/api.w.org\/{rel}","templated":true}]}}