{"id":69020,"date":"2025-03-10T11:05:26","date_gmt":"2025-03-10T13:05:26","guid":{"rendered":"https:\/\/www2.comunitaria.com.br\/?p=69020"},"modified":"2025-03-10T11:05:26","modified_gmt":"2025-03-10T13:05:26","slug":"adeus-a-onda-de-calor-frente-fria-derruba-temperaturas-no-rs-e-traz-risco-de-temporais","status":"publish","type":"post","link":"https:\/\/www2.comunitaria.com.br\/en\/adeus-a-onda-de-calor-frente-fria-derruba-temperaturas-no-rs-e-traz-risco-de-temporais\/","title":{"rendered":"Adeus \u00e0 onda de calor: frente fria derruba temperaturas no RS e traz risco de temporais"},"content":{"rendered":"<p>Uma&nbsp;<strong>nova frente fria<\/strong>, que entrou no Brasil neste fim de semana, promete trazer a<strong>l\u00edvio das temperaturas extremas ao Rio Grande do Sul<\/strong>. O estado foi fortemente afetado por&nbsp;<strong>ondas de calor<\/strong>&nbsp;nas \u00faltimas semanas.<\/p>\n<div id=\"chunk-a86eh\">\n<div class=\"mc-column content-text active-extra-styles\" data-block-type=\"unstyled\" data-block-weight=\"39\" data-block-id=\"5\">\n<p class=\"content-text__container\" data-track-category=\"Link no Texto\" data-track-links=\"\" data-mrf-recirculation=\"Mat\u00e9ria - Links no Texto\">Segundo a Climatempo Meteorologia, o sistema, que chega pela&nbsp;<strong>Argentina<\/strong>, vai proporcionar uma&nbsp;<span class=\"highlight highlighted\">queda significativa nas temperaturas<\/span>, especialmente nas regi\u00f5es Sul e Centro. No entanto, o fen\u00f4meno tamb\u00e9m deve trazer chuva e risco de temporais ao estado.&nbsp;<em>Entenda abaixo<\/em>.<\/p>\n<\/div>\n<\/div>\n<div id=\"chunk-as4nr\">\n<div class=\"mc-column content-text active-extra-styles\" data-block-type=\"unstyled\" data-block-weight=\"44\" data-block-id=\"6\">\n<p class=\"content-text__container\" data-track-category=\"Link no Texto\" data-track-links=\"\" data-mrf-recirculation=\"Mat\u00e9ria - Links no Texto\">Com a chegada da frente fria,&nbsp;<span class=\"highlight highlighted\">as temperaturas podem cair at\u00e9 6\u00b0C em rela\u00e7\u00e3o aos \u00faltimos dias<\/span>, quando as m\u00e1ximas estavam pr\u00f3ximas de 35\u00b0C a 38\u00b0C. Com o avan\u00e7o do sistema, as m\u00e1ximas no Rio Grande do Sul devem variar entre 25\u00b0C e 28\u00b0C.<\/p>\n<\/div>\n<\/div>\n<div id=\"chunk-9haef\">\n<div class=\"content-ads content-ads--reveal\" data-block-type=\"ads\" data-block-id=\"7\">&nbsp;<\/div>\n<\/div>\n<div id=\"chunk-f841s\">\n<div class=\"mc-column content-text active-extra-styles\" data-block-type=\"unstyled\" data-block-weight=\"15\" data-block-id=\"8\">\n<p class=\"content-text__container\" data-track-category=\"Link no Texto\" data-track-links=\"\" data-mrf-recirculation=\"Mat\u00e9ria - Links no Texto\">O Instituto Nacional de Meteorologia (Inmet) alerta para um&nbsp;<strong>forte decl\u00ednio de temperatura no estado<\/strong>.<\/p>\n<\/div>\n<\/div>\n<div id=\"chunk-3h9qu\">\n<div class=\"mc-column content-text active-extra-styles\" data-block-type=\"unstyled\" data-block-weight=\"53\" data-block-id=\"9\">\n<p class=\"content-text__container\" data-track-category=\"Link no Texto\" data-track-links=\"\" data-mrf-recirculation=\"Mat\u00e9ria - Links no Texto\">Neste domingo (9), h\u00e1&nbsp;<strong>previs\u00e3o de chuva<\/strong>, com alerta para temporais na Faixa Oeste, Campanha, Sul, Centro, Vales, Miss\u00f5es e Regi\u00e3o Metropolitana. Durante a chuva, as rajadas de vento podem variar entre 71 e 90 km\/h. Para a Faixa Norte e a Serra, a previs\u00e3o \u00e9 de pancadas de moderada a forte intensidade.<\/p>\n<\/div>\n<\/div>\n<div id=\"chunk-9o9ib\">\n<div class=\"mc-column content-text active-extra-styles\" data-block-type=\"unstyled\" data-block-weight=\"29\" data-block-id=\"10\">\n<p class=\"content-text__container\" data-track-category=\"Link no Texto\" data-track-links=\"\" data-mrf-recirculation=\"Mat\u00e9ria - Links no Texto\">Na manh\u00e3 de segunda-feira (10), algumas regi\u00f5es podem registrar temperaturas de apenas 13\u00baC em Bag\u00e9 e Santana do Livramento. Caxias do Sul, Passo Fundo e Alegrete chegam a 16\u00baC.<\/p>\n<div id=\"chunk-50eqc\">\n<div class=\"mc-column content-text active-extra-styles\" data-block-type=\"raw\" data-block-weight=\"2\" data-block-id=\"12\">\n<div class=\"content-intertitle\">\n<h2>Fortes chuvas<\/h2>\n<\/div>\n<p>&nbsp;<\/p>\n<\/div>\n<\/div>\n<div id=\"chunk-ftikp\">\n<div class=\"mc-column content-text active-extra-styles\" data-block-type=\"unstyled\" data-block-weight=\"41\" data-block-id=\"13\">\n<p class=\"content-text__container\" data-track-category=\"Link no Texto\" data-track-links=\"\" data-mrf-recirculation=\"Mat\u00e9ria - Links no Texto\">Al\u00e9m da queda nas temperaturas, a frente fria deve trazer&nbsp;<strong>chuva<\/strong>. Conforme a Climatempo, embora o volume de precipita\u00e7\u00e3o n\u00e3o seja muito elevado, a combina\u00e7\u00e3o do ar quente com o ar frio do sistema frontal pode aumentar o risco de&nbsp;<strong>temporais<\/strong>.<\/p>\n<\/div>\n<\/div>\n<div id=\"chunk-4huiv\">\n<div class=\"content-ads content-ads--reveal\" data-block-type=\"ads\" data-block-id=\"14\">&nbsp;<\/div>\n<\/div>\n<div id=\"chunk-4acrm\">\n<div class=\"mc-column content-text active-extra-styles\" data-block-type=\"unstyled\" data-block-weight=\"25\" data-block-id=\"15\">\n<p class=\"content-text__container\" data-track-category=\"Link no Texto\" data-track-links=\"\" data-mrf-recirculation=\"Mat\u00e9ria - Links no Texto\"><span class=\"highlight highlighted\">O choque t\u00e9rmico favorece a forma\u00e7\u00e3o de nuvens carregadas<\/span>, provocando trovoadas e a possibilidade de granizo isolado, especialmente no Oeste, Campanha e Sul do estado.<\/p>\n<div id=\"chunk-abht7\">\n<div class=\"mc-column content-text active-extra-styles\" data-block-type=\"unstyled\" data-block-weight=\"34\" data-block-id=\"17\">\n<p class=\"content-text__container\" data-track-category=\"Link no Texto\" data-track-links=\"\" data-mrf-recirculation=\"Mat\u00e9ria - Links no Texto\">A coordenadora da Comunica\u00e7\u00e3o Social da Defesa Civil do RS, Sabrina Ribas, recomenda que, se as pessoas estiverem na rua quando iniciarem os temporais, procurem abrigo e permane\u00e7am abrigadas at\u00e9 o encerramento do fen\u00f4meno.<\/p>\n<\/div>\n<\/div>\n<div id=\"chunk-f9a0s\">\n<div class=\"mc-column content-text active-extra-styles\" data-block-type=\"raw\" data-block-weight=\"45\" data-block-id=\"18\">\n<p class=\"content-text__container\" data-mrf-recirculation=\"Mat\u00e9ria - Links no Texto\">&nbsp;<\/p>\n<blockquote class=\"content-blockquote theme-border-color-primary-before\"><p>&#8220;Se elas estiverem em casa, que elas fechem portas e janelas, retirem os eletroeletr\u00f4nicos da tomada para evitar alguma intercorr\u00eancia. N\u00e3o se exponham para atravessar alguma \u00e1rea que esteja alagada a p\u00e9 ou mesmo de carro, a a rua pode esconder alguns perigos ali&#8221;, diz.<\/p><\/blockquote>\n<\/div>\n<p><em>Fonte: g1 RS<\/em><\/div>\n<div><em>Foto: Andr\u00e9 \u00c1vila\/Ag\u00eancia RBS<\/em><\/div>\n<\/div>\n<\/div>\n<\/div>\n<\/div>","protected":false},"excerpt":{"rendered":"<p>Uma&nbsp;nova frente fria, que entrou no Brasil neste fim de semana, promete trazer al\u00edvio das temperaturas extremas ao Rio Grande do Sul. O estado foi fortemente afetado por&nbsp;ondas de calor&nbsp;nas \u00faltimas semanas. Segundo a Climatempo Meteorologia, o sistema, que chega pela&nbsp;Argentina, vai proporcionar uma&nbsp;queda significativa nas temperaturas, especialmente nas regi\u00f5es Sul e Centro. No entanto,<\/p>\n<div class=\"read-more-wrapper\"><a class=\"read-more\" href=\"https:\/\/www2.comunitaria.com.br\/en\/adeus-a-onda-de-calor-frente-fria-derruba-temperaturas-no-rs-e-traz-risco-de-temporais\/\" title=\"Read More\"> <span class=\"button\">Read More<\/span><\/a><\/div>","protected":false},"author":2,"featured_media":69021,"comment_status":"closed","ping_status":"closed","sticky":false,"template":"","format":"standard","meta":{"ngg_post_thumbnail":0,"footnotes":""},"categories":[46,42,3615,28,33,145,43],"tags":[3919,1192],"class_list":["post-69020","post","type-post","status-publish","format-standard","has-post-thumbnail","hentry","category-estado","category-fred-west","category-meio-ambiente","category-destaque","category-noticias","category-previsao-do-tempo","category-regiao","tag-frente-fria","tag-rio-grande-do-sul"],"amp_enabled":true,"_links":{"self":[{"href":"https:\/\/www2.comunitaria.com.br\/en\/wp-json\/wp\/v2\/posts\/69020","targetHints":{"allow":["GET"]}}],"collection":[{"href":"https:\/\/www2.comunitaria.com.br\/en\/wp-json\/wp\/v2\/posts"}],"about":[{"href":"https:\/\/www2.comunitaria.com.br\/en\/wp-json\/wp\/v2\/types\/post"}],"author":[{"embeddable":true,"href":"https:\/\/www2.comunitaria.com.br\/en\/wp-json\/wp\/v2\/users\/2"}],"replies":[{"embeddable":true,"href":"https:\/\/www2.comunitaria.com.br\/en\/wp-json\/wp\/v2\/comments?post=69020"}],"version-history":[{"count":0,"href":"https:\/\/www2.comunitaria.com.br\/en\/wp-json\/wp\/v2\/posts\/69020\/revisions"}],"wp:featuredmedia":[{"embeddable":true,"href":"https:\/\/www2.comunitaria.com.br\/en\/wp-json\/wp\/v2\/media\/69021"}],"wp:attachment":[{"href":"https:\/\/www2.comunitaria.com.br\/en\/wp-json\/wp\/v2\/media?parent=69020"}],"wp:term":[{"taxonomy":"category","embeddable":true,"href":"https:\/\/www2.comunitaria.com.br\/en\/wp-json\/wp\/v2\/categories?post=69020"},{"taxonomy":"post_tag","embeddable":true,"href":"https:\/\/www2.comunitaria.com.br\/en\/wp-json\/wp\/v2\/tags?post=69020"}],"curies":[{"name":"wp","href":"https:\/\/api.w.org\/{rel}","templated":true}]}}