{"id":68985,"date":"2025-03-07T09:40:35","date_gmt":"2025-03-07T11:40:35","guid":{"rendered":"https:\/\/www2.comunitaria.com.br\/?p=68985"},"modified":"2025-03-07T09:40:35","modified_gmt":"2025-03-07T11:40:35","slug":"homem-e-preso-suspeito-de-matar-sobrinho-de-10-anos-com-autismo-a-facadas-no-rs-diz-policia","status":"publish","type":"post","link":"https:\/\/www2.comunitaria.com.br\/en\/homem-e-preso-suspeito-de-matar-sobrinho-de-10-anos-com-autismo-a-facadas-no-rs-diz-policia\/","title":{"rendered":"Homem \u00e9 preso suspeito de matar sobrinho de 10 anos com autismo a facadas no RS, diz pol\u00edcia"},"content":{"rendered":"<p style=\"text-align: justify;\">Um<strong>&nbsp;<\/strong>homem de 42 anos foi<strong>&nbsp;preso em flagrante<\/strong>, na tarde desta quinta-feira (6),&nbsp;<span class=\"highlight highlighted\">suspeito de matar a facadas o pr\u00f3prio sobrinho de 10 anos<\/span>. O crime aconteceu dentro da casa do av\u00f4 da crian\u00e7a, em&nbsp;<a class=\"\" href=\"https:\/\/g1.globo.com\/rs\/rio-grande-do-sul\/cidade\/torres\/\" data-mrf-link=\"https:\/\/g1.globo.com\/rs\/rio-grande-do-sul\/cidade\/torres\/\">Torres<\/a>, no Litoral Norte do RS. De acordo com a Pol\u00edcia Civil, o&nbsp;<strong>menino tinha Transtorno do Espectro Autista (TEA)<\/strong>.<\/p>\n<div id=\"chunk-4vp6\" style=\"text-align: justify;\">\n<div class=\"mc-column content-text active-extra-styles\" data-block-type=\"unstyled\" data-block-weight=\"33\" data-block-id=\"4\">\n<p class=\"content-text__container\" data-track-category=\"Link no Texto\" data-track-links=\"\" data-mrf-recirculation=\"Mat\u00e9ria - Links no Texto\"><span class=\"highlight highlighted\">O suspeito n\u00e3o teve a identidade divulgada.<\/span>&nbsp;De acordo com o registro da ocorr\u00eancia, ao chegar ao local a Brigada Militar (BM) encontrou a crian\u00e7a ca\u00edda no ch\u00e3o da sala, j\u00e1 sem vida.<\/p>\n<\/div>\n<\/div>\n<div id=\"chunk-co8ls\" style=\"text-align: justify;\">\n<div class=\"mc-column content-text active-extra-styles\" data-block-type=\"unstyled\" data-block-weight=\"44\" data-block-id=\"5\">\n<p class=\"content-text__container\" data-track-category=\"Link no Texto\" data-track-links=\"\" data-mrf-recirculation=\"Mat\u00e9ria - Links no Texto\">O&nbsp;<strong>pai do suspeito e av\u00f4 do menino<\/strong>, que estava na \u00e1rea externa de casa, relatou que&nbsp;<span class=\"highlight highlighted\">ouviu gritos e, ao entrar, avistou o filho desferindo golpes de faca no pesco\u00e7o do neto<\/span>. Ele teria tentado intervir e acabou ferido na m\u00e3o, sem gravidade.<\/p>\n<\/div>\n<\/div>\n<div id=\"chunk-eia6j\">\n<div class=\"mc-column content-text active-extra-styles\" data-block-type=\"unstyled\" data-block-weight=\"37\" data-block-id=\"6\">\n<p class=\"content-text__container\" style=\"text-align: justify;\" data-track-category=\"Link no Texto\" data-track-links=\"\" data-mrf-recirculation=\"Mat\u00e9ria - Links no Texto\">Ainda conforme a BM,&nbsp;<span class=\"highlight highlighted\">o homem estava registrado como desaparecido desde 26 de novembro de 2019<\/span>, quando teria fugido do Hospital Nossa Senhora dos Navegantes, onde estava internado. Ele faz uso de medicamentos controlados, conforme informa\u00e7\u00f5es preliminares.<\/p>\n<p style=\"text-align: justify;\" data-track-category=\"Link no Texto\" data-track-links=\"\" data-mrf-recirculation=\"Mat\u00e9ria - Links no Texto\">O local foi isolado para trabalho do Instituto-Geral de Per\u00edcias (IGP). O caso ser\u00e1 investigado pela Pol\u00edcia Civil.<\/p>\n<p style=\"text-align: justify;\" data-track-category=\"Link no Texto\" data-track-links=\"\" data-mrf-recirculation=\"Mat\u00e9ria - Links no Texto\"><em>Fonte: g1 RS<\/em><\/p>\n<\/div>\n<\/div>","protected":false},"excerpt":{"rendered":"<p>Um&nbsp;homem de 42 anos foi&nbsp;preso em flagrante, na tarde desta quinta-feira (6),&nbsp;suspeito de matar a facadas o pr\u00f3prio sobrinho de 10 anos. O crime aconteceu dentro da casa do av\u00f4&#8230;<\/p>","protected":false},"author":2,"featured_media":68986,"comment_status":"closed","ping_status":"closed","sticky":false,"template":"","format":"standard","meta":{"ngg_post_thumbnail":0,"footnotes":""},"categories":[46,33],"tags":[6807],"class_list":["post-68985","post","type-post","status-publish","format-standard","has-post-thumbnail","hentry","category-estado","category-noticias","tag-torres"],"amp_enabled":true,"_links":{"self":[{"href":"https:\/\/www2.comunitaria.com.br\/en\/wp-json\/wp\/v2\/posts\/68985","targetHints":{"allow":["GET"]}}],"collection":[{"href":"https:\/\/www2.comunitaria.com.br\/en\/wp-json\/wp\/v2\/posts"}],"about":[{"href":"https:\/\/www2.comunitaria.com.br\/en\/wp-json\/wp\/v2\/types\/post"}],"author":[{"embeddable":true,"href":"https:\/\/www2.comunitaria.com.br\/en\/wp-json\/wp\/v2\/users\/2"}],"replies":[{"embeddable":true,"href":"https:\/\/www2.comunitaria.com.br\/en\/wp-json\/wp\/v2\/comments?post=68985"}],"version-history":[{"count":0,"href":"https:\/\/www2.comunitaria.com.br\/en\/wp-json\/wp\/v2\/posts\/68985\/revisions"}],"wp:featuredmedia":[{"embeddable":true,"href":"https:\/\/www2.comunitaria.com.br\/en\/wp-json\/wp\/v2\/media\/68986"}],"wp:attachment":[{"href":"https:\/\/www2.comunitaria.com.br\/en\/wp-json\/wp\/v2\/media?parent=68985"}],"wp:term":[{"taxonomy":"category","embeddable":true,"href":"https:\/\/www2.comunitaria.com.br\/en\/wp-json\/wp\/v2\/categories?post=68985"},{"taxonomy":"post_tag","embeddable":true,"href":"https:\/\/www2.comunitaria.com.br\/en\/wp-json\/wp\/v2\/tags?post=68985"}],"curies":[{"name":"wp","href":"https:\/\/api.w.org\/{rel}","templated":true}]}}