{"id":6892,"date":"2015-08-24T10:28:48","date_gmt":"2015-08-24T12:28:48","guid":{"rendered":"http:\/\/www2.comunitaria.com.br\/?p=6892"},"modified":"2015-08-24T10:32:22","modified_gmt":"2015-08-24T12:32:22","slug":"primeira-parcela-do-13-dos-aposentados-sera-depositada-em-setembro","status":"publish","type":"post","link":"https:\/\/www2.comunitaria.com.br\/en\/primeira-parcela-do-13-dos-aposentados-sera-depositada-em-setembro\/","title":{"rendered":"Primeira parcela do 13\u00b0 dos aposentados ser\u00e1 depositada em setembro"},"content":{"rendered":"<p style=\"text-align: justify;\">Os aposentados e pensionistas do Instituto Nacional do Seguro Social (INSS) receber\u00e3o em setembro a primeira parcela da antecipa\u00e7\u00e3o do 13\u00ba sal\u00e1rio. De acordo com o Minist\u00e9rio da Fazenda, antecipa\u00e7\u00e3o ser\u00e1 divida em duas vezes, sendo 25% no m\u00eas que vem e o mesmo percentual em outubro. Os 50% restantes ser\u00e3o pagos normalmente em dezembro.<\/p>\n<p style=\"text-align: justify;\">Desde 2006, segundo o Sindicato Nacional dos Aposentados, Pensionistas e Idosos da For\u00e7a Sindical (Sindnapi), a antecipa\u00e7\u00e3o era paga em agosto. Dia 21, o <a href=\"http:\/\/agenciabrasil.ebc.com.br\/economia\/noticia\/2015-08\/fazenda-vai-propor-dividir-em-duas-parcelas-antecipacao-do-13deg-de\" target=\"_blank\">Minist\u00e9rio da Fazenda <\/a>havia informado que a proposta de parcelamento da primeira parcela do 13 sal\u00e1rio dos aposentados ainda dependia do aval da presidente da Rep\u00fablica, Dilma Rousseff.<\/p>\n<p style=\"text-align: justify;\"><a href=\"http:\/\/agenciabrasil.ebc.com.br\/economia\/noticia\/2015-08\/arrecadacao-federal-de-janeiro-julho-e-pior-em-cinco-anos\" target=\"_blank\">No in\u00edcio da semana<\/a>, a Receita Federal informou que arrecada\u00e7\u00e3o federal teve o pior resultado para o per\u00edodo de janeiro a julho em cinco anos. O pa\u00eds arrecadou R$ 712 bilh\u00f5es nos primeiros sete meses deste ano, montante que representa queda de 2,91% em rela\u00e7\u00e3o ao mesmo per\u00edodo de 2014. O resultado para julho tamb\u00e9m foi o pior para o m\u00eas desde 2010. No m\u00eas passado, o pa\u00eds recolheu R$ 104,8 bilh\u00f5es em receitas, o que representa redu\u00e7\u00e3o de 3,13% em rela\u00e7\u00e3o a julho de 2014.<\/p>\n<p style=\"text-align: justify;\">Segundo o Minist\u00e9rio da Fazenda, antecipa\u00e7\u00e3o ser\u00e1 divida em duas vezes, sendo 25% no m\u00eas que vem e o mesmo percentual em outubro. Os 50% restantes ser\u00e3o pagos normalmente em dezembro <span class=\"author\">Arquivo\/Marcelo Camargo\/Ag\u00eancia Brasil<\/span><\/p>\n<figure class=\"teaser\" style=\"text-align: justify;\"><figcaption><\/figcaption><\/figure>\n<p style=\"text-align: justify;\">A queda no montante arrecadado, tanto no acumulado do ano quanto no m\u00eas, traz descontada a infla\u00e7\u00e3o oficial medida pelo \u00cdndice de Pre\u00e7os ao Consumidor Amplo (IPCA). A queda na produ\u00e7\u00e3o industrial foi o principal motivo do recuo da arrecada\u00e7\u00e3o nos sete primeiros meses do ano.<\/p>\n<p style=\"text-align: justify;\">Antes mesmo da confirma\u00e7\u00e3o da mudan\u00e7a no pagamento da primeira parcela do 13\u00ba\u00a0sal\u00e1rio, o Sindnapi criticou a medida e entrou com uma a\u00e7\u00e3o no Supremo Tribunal Federal. \u201cSomos contra [o parcelamento], porque, na verdade, a antecipa\u00e7\u00e3o j\u00e1 \u00e9 a metade [do valor do 13\u00ba]. O benef\u00edcio do aposentado e pensionista n\u00e3o \u00e9 credi\u00e1rio. O aposentado conta com esse dinheiro\u201d, disse o presidente do Sindnapi, Carlos Ortiz.<\/p>\n<!--[if lt IE 9]><script>document.createElement('audio');<\/script><![endif]-->\n<audio class=\"wp-audio-shortcode\" id=\"audio-6892-1\" preload=\"none\" style=\"width: 100%;\" controls=\"controls\"><source type=\"audio\/mpeg\" src=\"http:\/\/www2.comunitaria.com.br\/wp-content\/uploads\/2015\/08\/Primeira_parcela_da_antecipacao_do_13o_sera_paga_em_setembro_.mp3?_=1\" \/><a href=\"http:\/\/www2.comunitaria.com.br\/wp-content\/uploads\/2015\/08\/Primeira_parcela_da_antecipacao_do_13o_sera_paga_em_setembro_.mp3\">http:\/\/www2.comunitaria.com.br\/wp-content\/uploads\/2015\/08\/Primeira_parcela_da_antecipacao_do_13o_sera_paga_em_setembro_.mp3<\/a><\/audio>\n<p><strong>EBC<\/strong><\/p>","protected":false},"excerpt":{"rendered":"<p>Os aposentados e pensionistas do Instituto Nacional do Seguro Social (INSS) receber\u00e3o em setembro a primeira parcela da antecipa\u00e7\u00e3o do 13\u00ba sal\u00e1rio. De acordo com o Minist\u00e9rio da Fazenda, antecipa\u00e7\u00e3o ser\u00e1 divida em duas vezes, sendo 25% no m\u00eas que vem e o mesmo percentual em outubro. Os 50% restantes ser\u00e3o pagos normalmente em dezembro.<\/p>\n<div class=\"read-more-wrapper\"><a class=\"read-more\" href=\"https:\/\/www2.comunitaria.com.br\/en\/primeira-parcela-do-13-dos-aposentados-sera-depositada-em-setembro\/\" title=\"Read More\"> <span class=\"button\">Read More<\/span><\/a><\/div>","protected":false},"author":2,"featured_media":6893,"comment_status":"open","ping_status":"closed","sticky":false,"template":"","format":"standard","meta":{"ngg_post_thumbnail":0,"footnotes":""},"categories":[51,47,39,33],"tags":[1542,240,1926],"class_list":["post-6892","post","type-post","status-publish","format-standard","has-post-thumbnail","hentry","category-audio","category-brasil","category-economia","category-noticias","tag-13-salario","tag-aposentados","tag-brasil"],"amp_enabled":true,"_links":{"self":[{"href":"https:\/\/www2.comunitaria.com.br\/en\/wp-json\/wp\/v2\/posts\/6892","targetHints":{"allow":["GET"]}}],"collection":[{"href":"https:\/\/www2.comunitaria.com.br\/en\/wp-json\/wp\/v2\/posts"}],"about":[{"href":"https:\/\/www2.comunitaria.com.br\/en\/wp-json\/wp\/v2\/types\/post"}],"author":[{"embeddable":true,"href":"https:\/\/www2.comunitaria.com.br\/en\/wp-json\/wp\/v2\/users\/2"}],"replies":[{"embeddable":true,"href":"https:\/\/www2.comunitaria.com.br\/en\/wp-json\/wp\/v2\/comments?post=6892"}],"version-history":[{"count":0,"href":"https:\/\/www2.comunitaria.com.br\/en\/wp-json\/wp\/v2\/posts\/6892\/revisions"}],"wp:featuredmedia":[{"embeddable":true,"href":"https:\/\/www2.comunitaria.com.br\/en\/wp-json\/wp\/v2\/media\/6893"}],"wp:attachment":[{"href":"https:\/\/www2.comunitaria.com.br\/en\/wp-json\/wp\/v2\/media?parent=6892"}],"wp:term":[{"taxonomy":"category","embeddable":true,"href":"https:\/\/www2.comunitaria.com.br\/en\/wp-json\/wp\/v2\/categories?post=6892"},{"taxonomy":"post_tag","embeddable":true,"href":"https:\/\/www2.comunitaria.com.br\/en\/wp-json\/wp\/v2\/tags?post=6892"}],"curies":[{"name":"wp","href":"https:\/\/api.w.org\/{rel}","templated":true}]}}