{"id":68892,"date":"2025-02-26T11:49:20","date_gmt":"2025-02-26T13:49:20","guid":{"rendered":"https:\/\/www2.comunitaria.com.br\/?p=68892"},"modified":"2025-02-26T11:49:20","modified_gmt":"2025-02-26T13:49:20","slug":"ufsm-cria-curso-de-ciencia-de-dados-e-inteligencia-artificial","status":"publish","type":"post","link":"https:\/\/www2.comunitaria.com.br\/en\/ufsm-cria-curso-de-ciencia-de-dados-e-inteligencia-artificial\/","title":{"rendered":"UFSM cria curso de Ci\u00eancia de Dados e Intelig\u00eancia Artificial"},"content":{"rendered":"<p style=\"text-align: justify;\">A Universidade Federal de Santa Maria (UFSM), em seu campus de Cachoeira do Sul, ganhou um novo curso de gradua\u00e7\u00e3o neste ano, o bacharelado em&nbsp;<b>Ci\u00eancia de Dados e Intelig\u00eancia Artificial<\/b>, cuja cria\u00e7\u00e3o foi autorizada pelo Minist\u00e9rio da Educa\u00e7\u00e3o neste m\u00eas. O curso ser\u00e1 noturno e ter\u00e1 dura\u00e7\u00e3o de 4 anos, com oferta de 40 vagas no total. O primeiro ingresso ser\u00e1 realizado por meio de um edital extraordin\u00e1rio, que j\u00e1 est\u00e1 com&nbsp;<a href=\"https:\/\/www.ufsm.br\/2025\/02\/24\/iniciam-se-nesta-terca-feira-inscricoes-na-selecao-para-ingresso-no-curso-de-ciencia-de-dados-e-ia\" target=\"_blank\" rel=\"noopener\" data-saferedirecturl=\"https:\/\/www.google.com\/url?q=https:\/\/www.ufsm.br\/2025\/02\/24\/iniciam-se-nesta-terca-feira-inscricoes-na-selecao-para-ingresso-no-curso-de-ciencia-de-dados-e-ia&amp;source=gmail&amp;ust=1740663333859000&amp;usg=AOvVaw1s2F8ryvFvEs2VCR_IYiNe\">inscri\u00e7\u00f5es abertas<\/a>.<\/p>\n<p style=\"text-align: justify;\">O respons\u00e1vel pelo curso ser\u00e1 Adriano Quili\u00e3o, que atua como professor adjunto dos cursos de engenharia do campus. De acordo com o docente, algumas das disciplinas inclu\u00eddas ser\u00e3o de computa\u00e7\u00e3o com \u00eanfase em intelig\u00eancia artificial (IA), estat\u00edstica com foco em ci\u00eancia de dados e disciplinas matem\u00e1ticas como c\u00e1lculo e \u00e1lgebra. Segundo Adriano, a ideia do curso surgiu por conta da aus\u00eancia de um curso presencial de computa\u00e7\u00e3o em Cachoeira do Sul, e visa contribuir para a diminui\u00e7\u00e3o da falta de profissionais qualificados na \u00e1rea.<\/p>\n<p style=\"text-align: justify;\">\u201cExiste uma demanda crescente por profissionais de computa\u00e7\u00e3o\/IA, o que originou a ideia de criarmos um curso na \u00e1rea. Fizemos, inclusive, uma reuni\u00e3o com o coordenador do curso de Ci\u00eancia de Dados e IA da UFPB (<i>Universidade Federal da Para\u00edba<\/i>), e ele revelou que o curso tinha muita procura. Esta informa\u00e7\u00e3o e a demanda de mercado acabaram motivando a escolha\u201d, explica o professor.<\/p>\n<p style=\"text-align: justify;\"><b>Inscri\u00e7\u00f5es<\/b><\/p>\n<p style=\"text-align: justify;\">De 25 de fevereiro at\u00e9 o dia 14 de mar\u00e7o, est\u00e3o abertas, de forma gratuita, as inscri\u00e7\u00f5es no processo seletivo para ingresso no mais novo curso de gradua\u00e7\u00e3o da UFSM.&nbsp;Para os candidatos, o \u00fanico requisito \u00e9 ter realizado o Exame Nacional do Ensino M\u00e9dio (Enem), de forma completa (com presen\u00e7a em todas as provas), em alguma destas edi\u00e7\u00f5es: 2024, 2023, 2022, 2021 ou 2020.<\/p>\n<p style=\"text-align: justify;\">Ao todo, h\u00e1 40 vagas dispon\u00edveis, sendo 20 delas na categoria de ampla concorr\u00eancia; as demais s\u00e3o distribu\u00eddas entre oito cotas. Est\u00e1 prevista para o dia 17 de mar\u00e7o a publica\u00e7\u00e3o da lista dos classificados, gerada de acordo com o desempenho dos candidatos no Enem. No mesmo dia, ser\u00e1 aberto o per\u00edodo de habilita\u00e7\u00e3o e confirma\u00e7\u00e3o de vaga, que se encerrar\u00e1 em 19 de mar\u00e7o.<\/p>\n<p style=\"text-align: justify;\">As informa\u00e7\u00f5es completas constam no&nbsp;<a href=\"https:\/\/www.ufsm.br\/app\/uploads\/sites\/342\/2025\/02\/edital_013_2025_ciencia_de_dados_e_IA_CS-1.pdf\" target=\"_blank\" rel=\"noopener\" data-saferedirecturl=\"https:\/\/www.google.com\/url?q=https:\/\/www.ufsm.br\/app\/uploads\/sites\/342\/2025\/02\/edital_013_2025_ciencia_de_dados_e_IA_CS-1.pdf&amp;source=gmail&amp;ust=1740663333859000&amp;usg=AOvVaw3MOmPZP6Gvr8k8NvOEpzLl\"><b>edital N\u00ba 013\/2025<\/b><\/a>.<\/p>\n<p style=\"text-align: justify;\">Cursos de IA no Brasil<\/p>\n<p style=\"text-align: justify;\">A busca por profissionais da \u00e1rea \u00e9 crescente no&nbsp;mercado de trabalho, que busca cada vez mais incorporar a IA na rotina de trabalho di\u00e1ria. De acordo com um relat\u00f3rio deste ano realizado pela Microsoft e LinkedIn, 71% dos executivos entrevistados preferem contratar candidatos com habilidades de IA, mesmo que tenham menos experi\u00eancia. Ainda, a demanda por profissionais de IA aumentou 323% nos \u00faltimos oito anos.<\/p>\n<p style=\"text-align: justify;\">Apesar de existirem disciplinas de IA e v\u00e1rios cursos de p\u00f3s-gradua\u00e7\u00e3o e gradua\u00e7\u00e3o na modalidade de ensino a dist\u00e2ncia (EaD), ainda s\u00e3o poucos os cursos de bacharelado presenciais de IA no Brasil. Existe uma maior variedade de op\u00e7\u00f5es em institui\u00e7\u00f5es privadas, mas em universidades federais a oferta ainda \u00e9 limitada. No Brasil, existem 19 cursos de gradua\u00e7\u00e3o presenciais com foco em IA em atividade, e apenas um no RS: o curso de Ci\u00eancia de Dados e Intelig\u00eancia Artificial da Pontif\u00edcia Universidade Cat\u00f3lica do Rio Grande do Sul (PUC-RS), que teve in\u00edcio no ano de 2021.<\/p>\n<p style=\"text-align: justify;\">Por isso, a demanda por cursos de gradua\u00e7\u00e3o na \u00e1rea tamb\u00e9m aumentou exponencialmente nos \u00faltimos anos. O primeiro curso criado no Brasil foi o da Universidade Federal de Goi\u00e1s (UFG), em 2020. Na mesma modalidade de bacharelado presencial, s\u00e3o dois cursos em atividade no momento: o curso de Intelig\u00eancia Artificial da Universidade Federal de Goi\u00e1s (UFG) e o curso de Ci\u00eancia de Dados e Intelig\u00eancia Artificial da UFPB, ambos iniciados em 2020.<\/p>\n<p style=\"text-align: justify;\">Al\u00e9m destes, mais um curso em desenvolvimento est\u00e1 registrado no Cadastro Nacional de Cursos e Institui\u00e7\u00f5es de Educa\u00e7\u00e3o Superior do Minist\u00e9rio da Educa\u00e7\u00e3o (MEC): o curso de Intelig\u00eancia Artificial e Engenharia de Software da Universidade Federal do Paran\u00e1 (UFPR), com oferta de 30 vagas e previs\u00e3o de in\u00edcio para 2025. O curso da UFPB tamb\u00e9m \u00e9 o \u00fanico na mesma \u00e1rea do curso de Cachoeira do Sul em atividade em uma universidade federal no momento.&nbsp;<\/p>","protected":false},"excerpt":{"rendered":"<p>A Universidade Federal de Santa Maria (UFSM), em seu campus de Cachoeira do Sul, ganhou um novo curso de gradua\u00e7\u00e3o neste ano, o bacharelado em&nbsp;Ci\u00eancia de Dados e Intelig\u00eancia Artificial,&#8230;<\/p>","protected":false},"author":2,"featured_media":68893,"comment_status":"closed","ping_status":"closed","sticky":false,"template":"","format":"standard","meta":{"ngg_post_thumbnail":0,"footnotes":""},"categories":[44,46,33],"tags":[148],"class_list":["post-68892","post","type-post","status-publish","format-standard","has-post-thumbnail","hentry","category-educacao","category-estado","category-noticias","tag-ufsm"],"amp_enabled":true,"_links":{"self":[{"href":"https:\/\/www2.comunitaria.com.br\/en\/wp-json\/wp\/v2\/posts\/68892","targetHints":{"allow":["GET"]}}],"collection":[{"href":"https:\/\/www2.comunitaria.com.br\/en\/wp-json\/wp\/v2\/posts"}],"about":[{"href":"https:\/\/www2.comunitaria.com.br\/en\/wp-json\/wp\/v2\/types\/post"}],"author":[{"embeddable":true,"href":"https:\/\/www2.comunitaria.com.br\/en\/wp-json\/wp\/v2\/users\/2"}],"replies":[{"embeddable":true,"href":"https:\/\/www2.comunitaria.com.br\/en\/wp-json\/wp\/v2\/comments?post=68892"}],"version-history":[{"count":0,"href":"https:\/\/www2.comunitaria.com.br\/en\/wp-json\/wp\/v2\/posts\/68892\/revisions"}],"wp:featuredmedia":[{"embeddable":true,"href":"https:\/\/www2.comunitaria.com.br\/en\/wp-json\/wp\/v2\/media\/68893"}],"wp:attachment":[{"href":"https:\/\/www2.comunitaria.com.br\/en\/wp-json\/wp\/v2\/media?parent=68892"}],"wp:term":[{"taxonomy":"category","embeddable":true,"href":"https:\/\/www2.comunitaria.com.br\/en\/wp-json\/wp\/v2\/categories?post=68892"},{"taxonomy":"post_tag","embeddable":true,"href":"https:\/\/www2.comunitaria.com.br\/en\/wp-json\/wp\/v2\/tags?post=68892"}],"curies":[{"name":"wp","href":"https:\/\/api.w.org\/{rel}","templated":true}]}}