{"id":68864,"date":"2025-02-25T16:17:57","date_gmt":"2025-02-25T18:17:57","guid":{"rendered":"https:\/\/www2.comunitaria.com.br\/?p=68864"},"modified":"2025-02-25T16:17:57","modified_gmt":"2025-02-25T18:17:57","slug":"aefw-lanca-campanha-especial-para-o-sabadao-dos-negocios","status":"publish","type":"post","link":"https:\/\/www2.comunitaria.com.br\/en\/aefw-lanca-campanha-especial-para-o-sabadao-dos-negocios\/","title":{"rendered":"AEFW lan\u00e7a campanha especial para o Sabad\u00e3o dos Neg\u00f3cios"},"content":{"rendered":"<p style=\"text-align: justify;\"><span style=\"font-weight: 400;\">Buscando sempre levar o melhor aos seus associados e \u00e0 comunidade frederiquense, a Associa\u00e7\u00e3o Empresarial ACI\/CDL de Frederico Westphalen, junto ao N\u00facleo de Desenvolvimento do Com\u00e9rcio, lan\u00e7a nesta ter\u00e7a-feira (25) o \u201cSorteio Especial do Sabad\u00e3o dos Neg\u00f3cios\u201d. Esta \u00e9 mais uma das a\u00e7\u00f5es que a AEFW planeja para valorizar o nosso com\u00e9rcio local e regional, bem como ao cliente que o frequenta. A campanha come\u00e7ar\u00e1 em mar\u00e7o, no Sabad\u00e3o dos Neg\u00f3cios &#8211; Especial Dia da Mulher, e se estender\u00e1 at\u00e9 agosto, no Sabad\u00e3o dos Neg\u00f3cios &#8211; Especial Dia dos Pais.<\/span><\/p>\n<p style=\"text-align: justify;\"><b>Sobre a campanha<\/b><\/p>\n<p style=\"text-align: justify;\"><span style=\"font-weight: 400;\">A ades\u00e3o \u00e0 campanha \u00e9 gratuita \u00e0s empresas associadas, cuja mensalidade esteja em dia. Ser\u00e3o entregues uma quantidade determinada de cupons e dever\u00e3o distribu\u00ed-los aos clientes, de acordo com os crit\u00e9rios estabelecidos pela empresa. A entrega dos cupons dever\u00e1 ser feita exclusivamente nos dias de sorteio, podendo ser entregues at\u00e9 \u00e0s 11h. Todos os sorteios ser\u00e3o realizados, pontualmente, \u00e0s 11h30.<\/span><\/p>\n<p style=\"text-align: justify;\"><span style=\"font-weight: 400;\">Ao todo, ser\u00e3o realizados quatro sorteios. O primeiro acontecer\u00e1 no dia 12 de abril, Sabad\u00e3o Especial de P\u00e1scoa, o segundo no dia 10 de maio, Sabad\u00e3o Especial Dia das M\u00e3e, o terceiro no dia 7 de junho, Sabad\u00e3o Especial Dia dos Namorados, e o quarto, e \u00faltimo, acontecer\u00e1 no dia 9 de agosto, Sabad\u00e3o Especial Dia dos Pais. Ser\u00e3o sorteados 5 pr\u00eamios a cada sorteio, sendo o primeiro um vale-compras no valor de R$ 1.000,00; o segundo, um vale-compras de R$500,00; o terceiro, um vale-compras de R$ 300,00; o quarto, um vale-compras de R$ 200,00 e, por fim, um vale-compras de R$ 100,00.&nbsp;<\/span><\/p>\n<p style=\"text-align: justify;\"><span style=\"font-weight: 400;\">Os pr\u00eamios dever\u00e3o ser utilizados nas empresas em que o cupom for sorteado. Para isso, ser\u00e1 disponibilizada uma lista com as empresas participantes aos vencedores, no momento da retirada dos pr\u00eamios. Os sorteados que receberem o primeiro e o segundo pr\u00eamio podem escolher dividir o valor em duas empresas que estiverem na lista, ou utiliz\u00e1-los em uma s\u00f3. Os pr\u00eamios, de qualquer valor, devem ser utilizados em at\u00e9 30 dias. A retirada ser\u00e1 feita com data e local pr\u00e9-agendado pela entidade, com a presen\u00e7a do ganhador ou de seus representantes.&nbsp;<\/span><\/p>\n<p style=\"text-align: justify;\">&nbsp;<\/p>\n<p style=\"text-align: justify;\"><b>Como participar<\/b><\/p>\n<p style=\"text-align: justify;\"><span style=\"font-weight: 400;\">Para concorrer aos pr\u00eamios \u00e9 necess\u00e1rio comprar com as empresas participantes e apresentar o cupom com o carimbo oficial da empresa. Caso o cupom n\u00e3o esteja com todos os campos preenchidos e carimbado, o concorrente ser\u00e1 desclassificado. Tamb\u00e9m \u00e9 importante pontuar que funcion\u00e1rios, propriet\u00e1rios e gerentes das empresas n\u00e3o podem participar do sorteio.<\/span><\/p>\n<p style=\"text-align: justify;\"><span style=\"font-weight: 400;\">Como j\u00e1 mencionado anteriormente, o sorteio ser\u00e1 realizado no Largo Vitalino Cerutti, durante o Sabad\u00e3o dos Neg\u00f3cios. Deste modo, se o ganhador estiver presente no momento em que for sorteado, ele receber\u00e1 um pr\u00eamio extra, que dever\u00e1 ser retirado em at\u00e9 15 minutos. Os cupons que n\u00e3o forem sorteados ser\u00e3o descartados e n\u00e3o poder\u00e3o participar do pr\u00f3ximo sorteio.<\/span><\/p>","protected":false},"excerpt":{"rendered":"<p>Buscando sempre levar o melhor aos seus associados e \u00e0 comunidade frederiquense, a Associa\u00e7\u00e3o Empresarial ACI\/CDL de Frederico Westphalen, junto ao N\u00facleo de Desenvolvimento do Com\u00e9rcio, lan\u00e7a nesta ter\u00e7a-feira (25) o \u201cSorteio Especial do Sabad\u00e3o dos Neg\u00f3cios\u201d. Esta \u00e9 mais uma das a\u00e7\u00f5es que a AEFW planeja para valorizar o nosso com\u00e9rcio local e regional,<\/p>\n<div class=\"read-more-wrapper\"><a class=\"read-more\" href=\"https:\/\/www2.comunitaria.com.br\/en\/aefw-lanca-campanha-especial-para-o-sabadao-dos-negocios\/\" title=\"Read More\"> <span class=\"button\">Read More<\/span><\/a><\/div>","protected":false},"author":2,"featured_media":68865,"comment_status":"closed","ping_status":"closed","sticky":false,"template":"","format":"standard","meta":{"ngg_post_thumbnail":0,"footnotes":""},"categories":[39,42,33],"tags":[5777,6945],"class_list":["post-68864","post","type-post","status-publish","format-standard","has-post-thumbnail","hentry","category-economia","category-fred-west","category-noticias","tag-aefw","tag-sabadao-de-negocios"],"amp_enabled":true,"_links":{"self":[{"href":"https:\/\/www2.comunitaria.com.br\/en\/wp-json\/wp\/v2\/posts\/68864","targetHints":{"allow":["GET"]}}],"collection":[{"href":"https:\/\/www2.comunitaria.com.br\/en\/wp-json\/wp\/v2\/posts"}],"about":[{"href":"https:\/\/www2.comunitaria.com.br\/en\/wp-json\/wp\/v2\/types\/post"}],"author":[{"embeddable":true,"href":"https:\/\/www2.comunitaria.com.br\/en\/wp-json\/wp\/v2\/users\/2"}],"replies":[{"embeddable":true,"href":"https:\/\/www2.comunitaria.com.br\/en\/wp-json\/wp\/v2\/comments?post=68864"}],"version-history":[{"count":0,"href":"https:\/\/www2.comunitaria.com.br\/en\/wp-json\/wp\/v2\/posts\/68864\/revisions"}],"wp:featuredmedia":[{"embeddable":true,"href":"https:\/\/www2.comunitaria.com.br\/en\/wp-json\/wp\/v2\/media\/68865"}],"wp:attachment":[{"href":"https:\/\/www2.comunitaria.com.br\/en\/wp-json\/wp\/v2\/media?parent=68864"}],"wp:term":[{"taxonomy":"category","embeddable":true,"href":"https:\/\/www2.comunitaria.com.br\/en\/wp-json\/wp\/v2\/categories?post=68864"},{"taxonomy":"post_tag","embeddable":true,"href":"https:\/\/www2.comunitaria.com.br\/en\/wp-json\/wp\/v2\/tags?post=68864"}],"curies":[{"name":"wp","href":"https:\/\/api.w.org\/{rel}","templated":true}]}}