{"id":6886,"date":"2015-08-24T09:47:51","date_gmt":"2015-08-24T11:47:51","guid":{"rendered":"http:\/\/www2.comunitaria.com.br\/?p=6886"},"modified":"2015-08-24T10:24:13","modified_gmt":"2015-08-24T12:24:13","slug":"boletim-do-samu-192-quatro-atendimentos-nas-ultimas-72-horas","status":"publish","type":"post","link":"https:\/\/www2.comunitaria.com.br\/en\/boletim-do-samu-192-quatro-atendimentos-nas-ultimas-72-horas\/","title":{"rendered":"Boletim do Samu 192: quatro atendimentos nas \u00faltimas 72 horas"},"content":{"rendered":"<p style=\"text-align: justify;\">Um <a href=\"http:\/\/www2.comunitaria.com.br\/en\/mulher-morre-em-acidente-em-frederico-westphalen\/\" target=\"_blank\">acidente no s\u00e1bado a noite<\/a>, por volta das 2h30min da madrugada em Frederico Westphalen, deixou uma v\u00edtima.<\/p>\n<p style=\"text-align: justify;\">Outra ocorr\u00eancia foi uma queda de altura, onde apenas foi realizado sutura e curativo.<\/p>\n<p style=\"text-align: justify;\">Ocorreu ainda um acidente de trabalho na sexta-feira, em empresa de Frederico Westphalen, onde o funcion\u00e1rio foi atingido por uma esteira e ficou ferido gravemente.<\/p>\n<p style=\"text-align: justify;\">Foi atendido tamb\u00e9m uma tentativa de suicido com ingest\u00e3o de medicamentos. A pessoa foi encaminhada para ao HDP para lavagem g\u00e1strica.<\/p>\n<p style=\"text-align: justify;\">O Condutor e socorrista Valnei fala sobre as ocorr\u00eancias e orienta as empresas a sinalizarem os locais que podem apresentar algum perigo.<\/p>\n<!--[if lt IE 9]><script>document.createElement('audio');<\/script><![endif]-->\n<audio class=\"wp-audio-shortcode\" id=\"audio-6886-1\" preload=\"none\" style=\"width: 100%;\" controls=\"controls\"><source type=\"audio\/mpeg\" src=\"http:\/\/www2.comunitaria.com.br\/wp-content\/uploads\/2015\/08\/samu3.mp3?_=1\" \/><a href=\"http:\/\/www2.comunitaria.com.br\/wp-content\/uploads\/2015\/08\/samu3.mp3\">http:\/\/www2.comunitaria.com.br\/wp-content\/uploads\/2015\/08\/samu3.mp3<\/a><\/audio>","protected":false},"excerpt":{"rendered":"<p>Um acidente no s\u00e1bado a noite, por volta das 2h30min da madrugada em Frederico Westphalen, deixou uma v\u00edtima. Outra ocorr\u00eancia foi uma queda de altura, onde apenas foi realizado sutura e curativo. Ocorreu ainda um acidente de trabalho na sexta-feira, em empresa de Frederico Westphalen, onde o funcion\u00e1rio foi atingido por uma esteira e ficou<\/p>\n<div class=\"read-more-wrapper\"><a class=\"read-more\" href=\"https:\/\/www2.comunitaria.com.br\/en\/boletim-do-samu-192-quatro-atendimentos-nas-ultimas-72-horas\/\" title=\"Read More\"> <span class=\"button\">Read More<\/span><\/a><\/div>","protected":false},"author":2,"featured_media":6861,"comment_status":"open","ping_status":"closed","sticky":false,"template":"","format":"standard","meta":{"ngg_post_thumbnail":0,"footnotes":""},"categories":[51,40,42,33,43],"tags":[96,1322,82],"class_list":["post-6886","post","type-post","status-publish","format-standard","has-post-thumbnail","hentry","category-audio","category-boletim-do-samu-192","category-fred-west","category-noticias","category-regiao","tag-acidente","tag-boletim-do-samu-192","tag-frederico-westphalen"],"amp_enabled":true,"_links":{"self":[{"href":"https:\/\/www2.comunitaria.com.br\/en\/wp-json\/wp\/v2\/posts\/6886","targetHints":{"allow":["GET"]}}],"collection":[{"href":"https:\/\/www2.comunitaria.com.br\/en\/wp-json\/wp\/v2\/posts"}],"about":[{"href":"https:\/\/www2.comunitaria.com.br\/en\/wp-json\/wp\/v2\/types\/post"}],"author":[{"embeddable":true,"href":"https:\/\/www2.comunitaria.com.br\/en\/wp-json\/wp\/v2\/users\/2"}],"replies":[{"embeddable":true,"href":"https:\/\/www2.comunitaria.com.br\/en\/wp-json\/wp\/v2\/comments?post=6886"}],"version-history":[{"count":0,"href":"https:\/\/www2.comunitaria.com.br\/en\/wp-json\/wp\/v2\/posts\/6886\/revisions"}],"wp:featuredmedia":[{"embeddable":true,"href":"https:\/\/www2.comunitaria.com.br\/en\/wp-json\/wp\/v2\/media\/6861"}],"wp:attachment":[{"href":"https:\/\/www2.comunitaria.com.br\/en\/wp-json\/wp\/v2\/media?parent=6886"}],"wp:term":[{"taxonomy":"category","embeddable":true,"href":"https:\/\/www2.comunitaria.com.br\/en\/wp-json\/wp\/v2\/categories?post=6886"},{"taxonomy":"post_tag","embeddable":true,"href":"https:\/\/www2.comunitaria.com.br\/en\/wp-json\/wp\/v2\/tags?post=6886"}],"curies":[{"name":"wp","href":"https:\/\/api.w.org\/{rel}","templated":true}]}}