{"id":68851,"date":"2025-02-25T09:46:30","date_gmt":"2025-02-25T11:46:30","guid":{"rendered":"https:\/\/www2.comunitaria.com.br\/?p=68851"},"modified":"2025-02-25T09:46:30","modified_gmt":"2025-02-25T11:46:30","slug":"governo-publica-mp-com-credito-extraordinario-de-r-4-bilhoes-para-o-plano-safra","status":"publish","type":"post","link":"https:\/\/www2.comunitaria.com.br\/en\/governo-publica-mp-com-credito-extraordinario-de-r-4-bilhoes-para-o-plano-safra\/","title":{"rendered":"Governo publica MP com cr\u00e9dito extraordin\u00e1rio de R$ 4 bilh\u00f5es para o Plano Safra"},"content":{"rendered":"<p style=\"text-align: justify;\">O governo publicou nesta segunda-feira (24) \u00e0 noite a&nbsp;<strong>medida provis\u00f3ria (MP) que libera R$ 4,18 bilh\u00f5es<\/strong>&nbsp;em cr\u00e9dito extraordin\u00e1rio para o Plano Safra deste ano. O dinheiro assegurar\u00e1 a continuidade do programa, suspensas por causa da n\u00e3o aprova\u00e7\u00e3o do Or\u00e7amento de 2025.<\/p>\n<p style=\"text-align: justify;\">O texto foi publicado em edi\u00e7\u00e3o extraordin\u00e1ria do Di\u00e1rio Oficial da Uni\u00e3o. Desde quinta-feira (20), a concess\u00e3o de financiamentos para o Plano Safra estava suspensa pelo Tesouro Nacional.<\/p>\n<p style=\"text-align: justify;\">O projeto de lei do Or\u00e7amento de 2025 deveria ter sido aprovado em dezembro, mas s\u00f3 ser\u00e1 analisado em mar\u00e7o, ap\u00f3s o carnaval e a montagem da Comiss\u00e3o Mista de Or\u00e7amento (CMO). Embora a MP n\u00e3o entre em detalhes sobre o tema, o cr\u00e9dito extraordin\u00e1rio ficar\u00e1 dentro dos limites do arcabou\u00e7o fiscal, que limita o crescimento real (acima da infla\u00e7\u00e3o) dos gastos a 70% do crescimento real das receitas no ano anterior.<\/p>\n<p style=\"text-align: justify;\">Na \u00faltima sexta-feira (21), o ministro da Fazenda, Fernando Haddad, havia anunciado que os cr\u00e9ditos seriam submetidos \u00e0s limita\u00e7\u00f5es do marco fiscal. Pela Constitui\u00e7\u00e3o, cr\u00e9ditos extraordin\u00e1rios, normalmente destinados a despesas imprevistas, urgentes ou emergenciais, n\u00e3o s\u00e3o submetidos ao teto de gastos do arcabou\u00e7o fiscal.<\/p>\n<p style=\"text-align: justify;\">\u201cApesar de ser um cr\u00e9dito extraordin\u00e1rio, o governo est\u00e1 anunciando que ele estar\u00e1 dentro dos limites do arcabou\u00e7o fiscal. Portanto, \u00e9 como se tivesse sido aprovado dentro do Or\u00e7amento com os limites do arcabou\u00e7o fiscal. Lamentavelmente o Congresso ainda n\u00e3o apreciou o Or\u00e7amento\u201d, disse Haddad na \u00faltima sexta.<\/p>\n<p style=\"text-align: justify;\">A solu\u00e7\u00e3o da MP foi costurada ap\u00f3s Haddad consultar o Tribunal de Contas da Uni\u00e3o (TCU) para encontrar uma solu\u00e7\u00e3o legal que permitisse a continuidade do Plano Safra. Com R$ 400 bilh\u00f5es em cr\u00e9dito para m\u00e9dios e grandes produtores, o Plano Safra tem juros mais baixos que os de mercado.<\/p>\n<p style=\"text-align: justify;\">Para evitar preju\u00edzo para as institui\u00e7\u00f5es financeiras, o Tesouro Nacional cobre a diferen\u00e7a nos juros, num processo chamado de equaliza\u00e7\u00e3o. Por causa do aumento da Taxa Selic (juros b\u00e1sicos da economia) nos \u00faltimos meses, o Tesouro tem de gastar mais recursos para equalizar os juros. A Selic passou de 10,5% ao ano em setembro para 13,25% em janeiro.<\/p>\n<p style=\"text-align: justify;\"><em>Fonte: Correio do Povo<\/em><\/p>\n<p style=\"text-align: justify;\"><em>Foto: Guilherme Testa<\/em><\/p>","protected":false},"excerpt":{"rendered":"<p>O governo publicou nesta segunda-feira (24) \u00e0 noite a&nbsp;medida provis\u00f3ria (MP) que libera R$ 4,18 bilh\u00f5es&nbsp;em cr\u00e9dito extraordin\u00e1rio para o Plano Safra deste ano. O dinheiro assegurar\u00e1 a continuidade do&#8230;<\/p>","protected":false},"author":2,"featured_media":68852,"comment_status":"closed","ping_status":"closed","sticky":false,"template":"","format":"standard","meta":{"ngg_post_thumbnail":0,"footnotes":""},"categories":[6254,47,39,28,33],"tags":[1008],"class_list":["post-68851","post","type-post","status-publish","format-standard","has-post-thumbnail","hentry","category-agricultura","category-brasil","category-economia","category-destaque","category-noticias","tag-plano-safra"],"amp_enabled":true,"_links":{"self":[{"href":"https:\/\/www2.comunitaria.com.br\/en\/wp-json\/wp\/v2\/posts\/68851","targetHints":{"allow":["GET"]}}],"collection":[{"href":"https:\/\/www2.comunitaria.com.br\/en\/wp-json\/wp\/v2\/posts"}],"about":[{"href":"https:\/\/www2.comunitaria.com.br\/en\/wp-json\/wp\/v2\/types\/post"}],"author":[{"embeddable":true,"href":"https:\/\/www2.comunitaria.com.br\/en\/wp-json\/wp\/v2\/users\/2"}],"replies":[{"embeddable":true,"href":"https:\/\/www2.comunitaria.com.br\/en\/wp-json\/wp\/v2\/comments?post=68851"}],"version-history":[{"count":0,"href":"https:\/\/www2.comunitaria.com.br\/en\/wp-json\/wp\/v2\/posts\/68851\/revisions"}],"wp:featuredmedia":[{"embeddable":true,"href":"https:\/\/www2.comunitaria.com.br\/en\/wp-json\/wp\/v2\/media\/68852"}],"wp:attachment":[{"href":"https:\/\/www2.comunitaria.com.br\/en\/wp-json\/wp\/v2\/media?parent=68851"}],"wp:term":[{"taxonomy":"category","embeddable":true,"href":"https:\/\/www2.comunitaria.com.br\/en\/wp-json\/wp\/v2\/categories?post=68851"},{"taxonomy":"post_tag","embeddable":true,"href":"https:\/\/www2.comunitaria.com.br\/en\/wp-json\/wp\/v2\/tags?post=68851"}],"curies":[{"name":"wp","href":"https:\/\/api.w.org\/{rel}","templated":true}]}}