{"id":68837,"date":"2025-02-24T10:55:35","date_gmt":"2025-02-24T12:55:35","guid":{"rendered":"https:\/\/www2.comunitaria.com.br\/?p=68837"},"modified":"2025-02-24T10:55:35","modified_gmt":"2025-02-24T12:55:35","slug":"dia-da-conquista-do-voto-feminino-no-brasil-24-de-fevereiro-e-a-luta-pela-participacao-politica","status":"publish","type":"post","link":"https:\/\/www2.comunitaria.com.br\/en\/dia-da-conquista-do-voto-feminino-no-brasil-24-de-fevereiro-e-a-luta-pela-participacao-politica\/","title":{"rendered":"Dia da Conquista do Voto Feminino no Brasil: 24 de Fevereiro e a Luta Pela Participa\u00e7\u00e3o Pol\u00edtica"},"content":{"rendered":"<p style=\"text-align: justify;\">O&nbsp;<strong>Dia da Conquista do Voto Feminino no Brasil<\/strong>&nbsp;\u00e9 celebrado em&nbsp;<strong>24 de fevereiro<\/strong>, relembrando a data de&nbsp;<strong>1932<\/strong>, quando as mulheres brasileiras garantiram oficialmente o direito ao voto. Esse marco foi resultado de d\u00e9cadas de mobiliza\u00e7\u00e3o e enfrentamento contra a exclus\u00e3o pol\u00edtica, tornando-se um s\u00edmbolo da luta pela igualdade de direitos.<\/p>\n<h3 class=\"wp-block-heading\" style=\"text-align: justify;\"><strong>O Caminho para a Conquista do Voto Feminino<\/strong><\/h3>\n<p style=\"text-align: justify;\">Antes da conquista, as mulheres eram exclu\u00eddas das elei\u00e7\u00f5es e da tomada de decis\u00f5es pol\u00edticas, sob a justificativa de que seus pap\u00e9is deveriam se restringir \u00e0 vida dom\u00e9stica. No entanto, desde o final do s\u00e9culo XIX, movimentos femininos come\u00e7aram a se organizar, reivindicando a participa\u00e7\u00e3o feminina na sociedade e na pol\u00edtica.<\/p>\n<p style=\"text-align: justify;\">Um dos maiores nomes dessa luta foi&nbsp;<strong>Bertha Lutz<\/strong>, l\u00edder do movimento sufragista no Brasil. Junto a outras ativistas, ela pressionou o governo e articulou campanhas para garantir o direito ao voto. Em 1932, sob o governo de&nbsp;<strong>Get\u00falio Vargas<\/strong>, o novo&nbsp;<strong>C\u00f3digo Eleitoral<\/strong>&nbsp;finalmente reconheceu o voto das mulheres, permitindo que elas participassem das elei\u00e7\u00f5es.<\/p>\n<h3 class=\"wp-block-heading\" style=\"text-align: justify;\"><strong>A Primeira Eleitora e as Primeiras Candidatas<\/strong><\/h3>\n<p style=\"text-align: justify;\">Antes mesmo da oficializa\u00e7\u00e3o do voto feminino, algumas mulheres j\u00e1 haviam tentado exercer esse direito. Em 1927,&nbsp;<strong>Celina Guimar\u00e3es Viana<\/strong>, no Rio Grande do Norte, foi a primeira mulher a se registrar como eleitora, aproveitando uma brecha na legisla\u00e7\u00e3o estadual.<\/p>\n<p style=\"text-align: justify;\">Ap\u00f3s a conquista de 1932, as mulheres puderam se candidatar a cargos pol\u00edticos. Em 1933,&nbsp;<strong>Carlota Pereira de Queir\u00f3s<\/strong>&nbsp;tornou-se a primeira deputada federal do Brasil, sendo eleita para a Assembleia Constituinte.<\/p>\n<h3 class=\"wp-block-heading\" style=\"text-align: justify;\"><strong>Desafios e Avan\u00e7os<\/strong><\/h3>\n<p style=\"text-align: justify;\">Mesmo com a conquista formal, o voto feminino ainda enfrentava barreiras, como o fato de ser opcional para as mulheres e obrigat\u00f3rio apenas para os homens. Al\u00e9m disso, o machismo estrutural dificultava a participa\u00e7\u00e3o feminina na pol\u00edtica. Somente em&nbsp;<strong>1965<\/strong>, o voto feminino tornou-se obrigat\u00f3rio, assim como para os homens alfabetizados.<\/p>\n<p style=\"text-align: justify;\">Ao longo dos anos, a presen\u00e7a feminina na pol\u00edtica cresceu, mas os desafios persistem. A sub-representa\u00e7\u00e3o de mulheres nos cargos eletivos ainda reflete as dificuldades hist\u00f3ricas de inser\u00e7\u00e3o na vida pol\u00edtica.<\/p>\n<h3 class=\"wp-block-heading\" style=\"text-align: justify;\"><strong>O Significado do 24 de Fevereiro nos Dias de Hoje<\/strong><\/h3>\n<p style=\"text-align: justify;\">O&nbsp;<strong>24 de fevereiro<\/strong>&nbsp;\u00e9 mais do que uma data comemorativa; \u00e9 um lembrete da import\u00e2ncia da participa\u00e7\u00e3o feminina na pol\u00edtica e da necessidade de ampliar a representatividade das mulheres nos espa\u00e7os de poder. O direito ao voto foi uma conquista essencial, mas a luta por igualdade continua, impulsionando novas gera\u00e7\u00f5es a ocuparem seu lugar na hist\u00f3ria.<\/p>\n<p><em>Fonte: Erick Matias, O Maring\u00e1<\/em><\/p>\n<p><em>Foto: FGV<\/em><\/p>\n<p>&nbsp;<\/p>","protected":false},"excerpt":{"rendered":"<p>O&nbsp;Dia da Conquista do Voto Feminino no Brasil&nbsp;\u00e9 celebrado em&nbsp;24 de fevereiro, relembrando a data de&nbsp;1932, quando as mulheres brasileiras garantiram oficialmente o direito ao voto. Esse marco foi resultado&#8230;<\/p>","protected":false},"author":2,"featured_media":68838,"comment_status":"closed","ping_status":"closed","sticky":false,"template":"","format":"standard","meta":{"ngg_post_thumbnail":0,"footnotes":""},"categories":[47,28,33],"tags":[7248],"class_list":["post-68837","post","type-post","status-publish","format-standard","has-post-thumbnail","hentry","category-brasil","category-destaque","category-noticias","tag-voto-feminino"],"amp_enabled":true,"_links":{"self":[{"href":"https:\/\/www2.comunitaria.com.br\/en\/wp-json\/wp\/v2\/posts\/68837","targetHints":{"allow":["GET"]}}],"collection":[{"href":"https:\/\/www2.comunitaria.com.br\/en\/wp-json\/wp\/v2\/posts"}],"about":[{"href":"https:\/\/www2.comunitaria.com.br\/en\/wp-json\/wp\/v2\/types\/post"}],"author":[{"embeddable":true,"href":"https:\/\/www2.comunitaria.com.br\/en\/wp-json\/wp\/v2\/users\/2"}],"replies":[{"embeddable":true,"href":"https:\/\/www2.comunitaria.com.br\/en\/wp-json\/wp\/v2\/comments?post=68837"}],"version-history":[{"count":0,"href":"https:\/\/www2.comunitaria.com.br\/en\/wp-json\/wp\/v2\/posts\/68837\/revisions"}],"wp:featuredmedia":[{"embeddable":true,"href":"https:\/\/www2.comunitaria.com.br\/en\/wp-json\/wp\/v2\/media\/68838"}],"wp:attachment":[{"href":"https:\/\/www2.comunitaria.com.br\/en\/wp-json\/wp\/v2\/media?parent=68837"}],"wp:term":[{"taxonomy":"category","embeddable":true,"href":"https:\/\/www2.comunitaria.com.br\/en\/wp-json\/wp\/v2\/categories?post=68837"},{"taxonomy":"post_tag","embeddable":true,"href":"https:\/\/www2.comunitaria.com.br\/en\/wp-json\/wp\/v2\/tags?post=68837"}],"curies":[{"name":"wp","href":"https:\/\/api.w.org\/{rel}","templated":true}]}}