{"id":68829,"date":"2025-02-24T10:05:56","date_gmt":"2025-02-24T12:05:56","guid":{"rendered":"https:\/\/www2.comunitaria.com.br\/?p=68829"},"modified":"2025-02-24T10:05:56","modified_gmt":"2025-02-24T12:05:56","slug":"homem-e-encontrado-esfaqueado-e-vivo-dentro-de-rio-no-interior-de-santa-cruz-do-sul-no-rs-suspeita-e-de-sequestro-diz-bm","status":"publish","type":"post","link":"https:\/\/www2.comunitaria.com.br\/en\/homem-e-encontrado-esfaqueado-e-vivo-dentro-de-rio-no-interior-de-santa-cruz-do-sul-no-rs-suspeita-e-de-sequestro-diz-bm\/","title":{"rendered":"Homem \u00e9 encontrado esfaqueado e vivo dentro de rio no interior de Santa Cruz do Sul, no RS; suspeita \u00e9 de sequestro, diz BM"},"content":{"rendered":"<div id=\"chunk-9gngq\">\n<div class=\"mc-column content-text active-extra-styles\" data-block-type=\"unstyled\" data-block-weight=\"47\" data-block-id=\"3\">\n<p class=\"content-text__container\" style=\"text-align: justify;\" data-track-category=\"Link no Texto\" data-track-links=\"\" data-mrf-recirculation=\"Mat\u00e9ria - Links no Texto\">Um homem de 29 anos foi&nbsp;<span class=\"highlight highlighted\">encontrado com ferimentos de faca<\/span>&nbsp;dentro do Rio Pardinho, no interior de&nbsp;Santa Cruz do Sul, Regi\u00e3o dos Vales, na manh\u00e3 de s\u00e1bado (22). Ele foi socorrido em&nbsp;<strong>estado grave<\/strong> e levado ao Hospital Santa Cruz, onde passou por uma cirurgia.<\/p>\n<\/div>\n<\/div>\n<div class=\"wall protected-content\">\n<div id=\"chunk-bunmp\" style=\"text-align: justify;\">\n<div class=\"mc-column content-text active-extra-styles\" data-block-type=\"unstyled\" data-block-weight=\"36\" data-block-id=\"5\">\n<p class=\"content-text__container\" data-track-category=\"Link no Texto\" data-track-links=\"\" data-mrf-recirculation=\"Mat\u00e9ria - Links no Texto\">O homem foi encontrado por um morador da regi\u00e3o, que acionou a Brigada Militar afirmando ter um indiv\u00edduo ca\u00eddo na parte inferior da ponte que liga Santa Cruz a Rio Pardinho, com&nbsp;<span class=\"highlight highlighted\">parte do corpo submerso<\/span>.<\/p>\n<\/div>\n<\/div>\n<div id=\"chunk-alt3m\" style=\"text-align: justify;\">\n<div class=\"mc-column content-text active-extra-styles\" data-block-type=\"unstyled\" data-block-weight=\"19\" data-block-id=\"6\">\n<p class=\"content-text__container\" data-track-category=\"Link no Texto\" data-track-links=\"\" data-mrf-recirculation=\"Mat\u00e9ria - Links no Texto\">Segundo o Ten. Cel. Cristiano Marconatto, Comandante do 23\u00ba BPM, o ferido relatou que passou a noite no local.<\/p>\n<\/div>\n<\/div>\n<div id=\"chunk-d8ea\">\n<div class=\"mc-column content-text active-extra-styles\" style=\"text-align: justify;\" data-block-type=\"raw\" data-block-weight=\"18\" data-block-id=\"8\">\n<blockquote class=\"content-blockquote theme-border-color-primary-before\"><p>&#8220;Ele estava, naquele momento (do resgate) em estado de choque, em um estado de sa\u00fade bem debilitado&#8221;, conta.<\/p><\/blockquote>\n<\/div>\n<div id=\"chunk-3ov4k\" style=\"text-align: justify;\">\n<div class=\"mc-column content-text active-extra-styles\" data-block-type=\"unstyled\" data-block-weight=\"41\" data-block-id=\"11\">\n<p class=\"content-text__container\" data-track-category=\"Link no Texto\" data-track-links=\"\" data-mrf-recirculation=\"Mat\u00e9ria - Links no Texto\">De acordo com a Brigada Militar, a v\u00edtima teria sido&nbsp;<strong>sequestrada&nbsp;<\/strong>na noite de sexta-feira (21), quando sa\u00eda do pr\u00f3prio estabelecimento comercial no centro de&nbsp;Ven\u00e2ncio Aires. O munic\u00edpio tem cerca de 30 km de dist\u00e2ncia de Santa Cruz do Sul.<\/p>\n<\/div>\n<\/div>\n<div id=\"chunk-cdtg8\" style=\"text-align: justify;\">\n<div class=\"mc-column content-text active-extra-styles\" data-block-type=\"unstyled\" data-block-weight=\"16\" data-block-id=\"12\">\n<p class=\"content-text__container\" data-track-category=\"Link no Texto\" data-track-links=\"\" data-mrf-recirculation=\"Mat\u00e9ria - Links no Texto\">A esposa percebeu o desaparecimento e registrou um boletim de ocorr\u00eancia ainda na noite de sexta.<\/p>\n<\/div>\n<\/div>\n<div id=\"chunk-f0r2p\" style=\"text-align: justify;\">\n<div class=\"mc-column content-text active-extra-styles\" data-block-type=\"unstyled\" data-block-weight=\"29\" data-block-id=\"13\">\n<p class=\"content-text__container\" data-track-category=\"Link no Texto\" data-track-links=\"\" data-mrf-recirculation=\"Mat\u00e9ria - Links no Texto\">Conforme a BM, a ocorr\u00eancia registrada pela mulher aponta que o marido teria mandado uma mensagem dizendo que demoraria, depois apagado essa mensagem e n\u00e3o retornado mais nenhuma liga\u00e7\u00e3o.<\/p>\n<\/div>\n<\/div>\n<div id=\"chunk-egdu4\" style=\"text-align: justify;\">\n<div class=\"mc-column content-text active-extra-styles\" data-block-type=\"unstyled\" data-block-weight=\"26\" data-block-id=\"14\">\n<p class=\"content-text__container\" data-track-category=\"Link no Texto\" data-track-links=\"\" data-mrf-recirculation=\"Mat\u00e9ria - Links no Texto\">Ela relatou \u00e0 pol\u00edcia que&nbsp;<span class=\"highlight highlighted\">uma transfer\u00eancia banc\u00e1ria de mais de R$ 6 mil foi realizada da conta do casal<\/span>&nbsp;enquanto o marido ainda estava desaparecido.<\/p>\n<\/div>\n<\/div>\n<div id=\"chunk-10o74\" style=\"text-align: justify;\">\n<div class=\"mc-column content-text active-extra-styles\" data-block-type=\"unstyled\" data-block-weight=\"19\" data-block-id=\"15\">\n<p class=\"content-text__container\" data-track-category=\"Link no Texto\" data-track-links=\"\" data-mrf-recirculation=\"Mat\u00e9ria - Links no Texto\">A pol\u00edcia investiga o caso para identificar os respons\u00e1veis pelo crime e como se deu a din\u00e2mica das a\u00e7\u00f5es.<\/p>\n<\/div>\n<\/div>\n<\/div>\n<div><em>Fonte: g1 RS<\/em><\/div>\n<div><em>Foto: Nique Tiecher<\/em><\/div>\n<\/div>","protected":false},"excerpt":{"rendered":"<p>Um homem de 29 anos foi&nbsp;encontrado com ferimentos de faca&nbsp;dentro do Rio Pardinho, no interior de&nbsp;Santa Cruz do Sul, Regi\u00e3o dos Vales, na manh\u00e3 de s\u00e1bado (22). Ele foi socorrido&#8230;<\/p>","protected":false},"author":2,"featured_media":68830,"comment_status":"closed","ping_status":"closed","sticky":false,"template":"","format":"standard","meta":{"ngg_post_thumbnail":0,"footnotes":""},"categories":[46,33,36],"tags":[6462],"class_list":["post-68829","post","type-post","status-publish","format-standard","has-post-thumbnail","hentry","category-estado","category-noticias","category-policia","tag-santa-cruz-do-sul"],"amp_enabled":true,"_links":{"self":[{"href":"https:\/\/www2.comunitaria.com.br\/en\/wp-json\/wp\/v2\/posts\/68829","targetHints":{"allow":["GET"]}}],"collection":[{"href":"https:\/\/www2.comunitaria.com.br\/en\/wp-json\/wp\/v2\/posts"}],"about":[{"href":"https:\/\/www2.comunitaria.com.br\/en\/wp-json\/wp\/v2\/types\/post"}],"author":[{"embeddable":true,"href":"https:\/\/www2.comunitaria.com.br\/en\/wp-json\/wp\/v2\/users\/2"}],"replies":[{"embeddable":true,"href":"https:\/\/www2.comunitaria.com.br\/en\/wp-json\/wp\/v2\/comments?post=68829"}],"version-history":[{"count":0,"href":"https:\/\/www2.comunitaria.com.br\/en\/wp-json\/wp\/v2\/posts\/68829\/revisions"}],"wp:featuredmedia":[{"embeddable":true,"href":"https:\/\/www2.comunitaria.com.br\/en\/wp-json\/wp\/v2\/media\/68830"}],"wp:attachment":[{"href":"https:\/\/www2.comunitaria.com.br\/en\/wp-json\/wp\/v2\/media?parent=68829"}],"wp:term":[{"taxonomy":"category","embeddable":true,"href":"https:\/\/www2.comunitaria.com.br\/en\/wp-json\/wp\/v2\/categories?post=68829"},{"taxonomy":"post_tag","embeddable":true,"href":"https:\/\/www2.comunitaria.com.br\/en\/wp-json\/wp\/v2\/tags?post=68829"}],"curies":[{"name":"wp","href":"https:\/\/api.w.org\/{rel}","templated":true}]}}