{"id":68810,"date":"2025-02-21T12:08:55","date_gmt":"2025-02-21T14:08:55","guid":{"rendered":"https:\/\/www2.comunitaria.com.br\/?p=68810"},"modified":"2025-02-21T12:08:55","modified_gmt":"2025-02-21T14:08:55","slug":"trabalhadores-argentinos-sao-resgatados-em-situacao-analoga-a-escravidao-no-rs-diz-mte","status":"publish","type":"post","link":"https:\/\/www2.comunitaria.com.br\/en\/trabalhadores-argentinos-sao-resgatados-em-situacao-analoga-a-escravidao-no-rs-diz-mte\/","title":{"rendered":"Trabalhadores argentinos s\u00e3o resgatados em situa\u00e7\u00e3o an\u00e1loga \u00e0 escravid\u00e3o no RS, diz MTE"},"content":{"rendered":"<p style=\"text-align: justify;\"><strong>Tr\u00eas trabalhadores argentinos em condi\u00e7\u00f5es an\u00e1logas \u00e0 escravid\u00e3o<\/strong>&nbsp;foram resgatados pelo Minist\u00e9rio do Trabalho e Emprego (MTE) nesta quinta-feira (20), na zona rural de&nbsp;Vacaria, no Nordeste do Rio Grande do Sul. Entre os tr\u00eas homens, um era adolescente, de 17 anos, e os outros dois tinham 26 e 36 anos.<\/p>\n<div id=\"chunk-4nifv\" style=\"text-align: justify;\">\n<div class=\"mc-column content-text active-extra-styles\" data-block-type=\"unstyled\" data-block-weight=\"61\" data-block-id=\"6\">\n<p class=\"content-text__container\" data-track-category=\"Link no Texto\" data-track-links=\"\" data-mrf-recirculation=\"Mat\u00e9ria - Links no Texto\">A opera\u00e7\u00e3o, coordenada pelo MTE com apoio do Minist\u00e9rio P\u00fablico do Trabalho (MPT) e da Delegacia de Pol\u00edcia Civil de Vacaria, aconteceu ap\u00f3s&nbsp;<strong>uma den\u00fancia recebida em 13 de fevereiro<\/strong>, que relatava o despejo dos trabalhadores em propriedades rurais com planta\u00e7\u00f5es de cenoura, beterraba e cebola ap\u00f3s&nbsp;<strong>reclama\u00e7\u00f5es sobre&nbsp;<\/strong><strong><span class=\"highlight highlighted\">falta de pagamento, escassez de alimentos e condi\u00e7\u00f5es prec\u00e1rias de alojamento.<\/span><\/strong><\/p>\n<\/div>\n<\/div>\n<div id=\"chunk-bh2o9\" style=\"text-align: justify;\">\n<div class=\"mc-column content-text active-extra-styles\" data-block-type=\"unstyled\" data-block-weight=\"42\" data-block-id=\"8\">\n<p class=\"content-text__container\" data-track-category=\"Link no Texto\" data-track-links=\"\" data-mrf-recirculation=\"Mat\u00e9ria - Links no Texto\">Conforme o MTE, os trabalhadores relataram<strong>&nbsp;amea\u00e7as feitas pelo respons\u00e1vel do alojamento<\/strong>, que usava armas para intimida\u00e7\u00e3o. O local&nbsp;<span class=\"highlight highlighted\">n\u00e3o possu\u00eda camas, tinha instala\u00e7\u00f5es el\u00e9tricas prec\u00e1rias e at\u00e9 sem porta. O alojamento, uma estrutura de madeira, havia sido constru\u00eddo pelos pr\u00f3prios trabalhadores.<\/span><\/p>\n<\/div>\n<\/div>\n<div id=\"chunk-d2r40\">\n<div class=\"mc-column content-text active-extra-styles\" data-block-type=\"unstyled\" data-block-weight=\"25\" data-block-id=\"9\">\n<p class=\"content-text__container\" style=\"text-align: justify;\" data-track-category=\"Link no Texto\" data-track-links=\"\" data-mrf-recirculation=\"Mat\u00e9ria - Links no Texto\"><strong>As refei\u00e7\u00f5es eram feitas em meio ao mato, em tendas de lona improvisadas<\/strong><strong><em>&nbsp;(veja acima)<\/em><\/strong>. Al\u00e9m disso, n\u00e3o foram fornecidos Equipamentos de Prote\u00e7\u00e3o Individual (EPIs).<\/p>\n<div id=\"chunk-9cds7\" style=\"text-align: justify;\">\n<div class=\"mc-column content-text active-extra-styles\" data-block-type=\"unstyled\" data-block-weight=\"49\" data-block-id=\"12\">\n<p class=\"content-text__container\" data-track-category=\"Link no Texto\" data-track-links=\"\" data-mrf-recirculation=\"Mat\u00e9ria - Links no Texto\">A inspe\u00e7\u00e3o no local ainda identificou a pr\u00e1tica de&nbsp;<strong>descontos abusivos nos sal\u00e1rios dos trabalhadores<\/strong>, que inclu\u00edam &#8220;valores exorbitantes por alimenta\u00e7\u00e3o, bebidas e at\u00e9 mesmo pelo alojamento inadequado. Ao final de uma semana de trabalho, ap\u00f3s os descontos,&nbsp;<strong><span class=\"highlight highlighted\">os trabalhadores recebiam entre R$100 e R$150<\/span><\/strong>&#8220;, afirma o MTE.<\/p>\n<\/div>\n<\/div>\n<div id=\"chunk-ej2s4\" style=\"text-align: justify;\">\n<div class=\"mc-column content-text active-extra-styles\" data-block-type=\"unstyled\" data-block-weight=\"31\" data-block-id=\"13\">\n<p class=\"content-text__container\" data-track-category=\"Link no Texto\" data-track-links=\"\" data-mrf-recirculation=\"Mat\u00e9ria - Links no Texto\">Ainda segundo a pasta, os trabalhadores foram acolhidos por institui\u00e7\u00f5es do munic\u00edpio, o empregador realizou o pagamento dos valores salariais e rescis\u00f3rios e providenciou o transporte para o retorno \u00e0 Argentina.<\/p>\n<\/div>\n<\/div>\n<div id=\"chunk-e0kpq\" style=\"text-align: justify;\">\n<div class=\"mc-column content-text active-extra-styles\" data-block-type=\"raw\" data-block-weight=\"2\" data-block-id=\"14\">\n<div class=\"content-intertitle\">\n<h2>Outras a\u00e7\u00f5es<\/h2>\n<\/div>\n<\/div>\n<\/div>\n<div id=\"chunk-b1iv9\" style=\"text-align: justify;\">\n<div class=\"mc-column content-text active-extra-styles\" data-block-type=\"unstyled\" data-block-weight=\"43\" data-block-id=\"15\">\n<p class=\"content-text__container\" data-track-category=\"Link no Texto\" data-track-links=\"\" data-mrf-recirculation=\"Mat\u00e9ria - Links no Texto\">Este foi<strong>&nbsp;o terceiro resgate de trabalhadores argentinos registrado no estado em 2025<\/strong>. O primeiro ocorreu no final de janeiro, em que&nbsp;<strong>quatro trabalhadores argentinos<\/strong> foram resgatados em situa\u00e7\u00e3o an\u00e1loga \u00e0 escravid\u00e3o em uma propriedade rural de S\u00e3o Marcos, na Serra do RS.<\/p>\n<\/div>\n<\/div>\n<div id=\"chunk-5ef44\">\n<div class=\"mc-column content-text active-extra-styles\" data-block-type=\"unstyled\" data-block-weight=\"35\" data-block-id=\"17\">\n<p class=\"content-text__container\" style=\"text-align: justify;\" data-track-category=\"Link no Texto\" data-track-links=\"\" data-mrf-recirculation=\"Mat\u00e9ria - Links no Texto\">J\u00e1 o segundo aconteceu no in\u00edcio de fevereiro, quando um grupo de&nbsp;<strong>18 trabalhadores<\/strong>&nbsp;foi resgatado de uma empresa de presta\u00e7\u00e3o de servi\u00e7os para a colheita da uva em Bento Gon\u00e7alves, na Serra do RS.<\/p>\n<p data-track-category=\"Link no Texto\" data-track-links=\"\" data-mrf-recirculation=\"Mat\u00e9ria - Links no Texto\"><em>Fonte: g1 RS<\/em><\/p>\n<p data-track-category=\"Link no Texto\" data-track-links=\"\" data-mrf-recirculation=\"Mat\u00e9ria - Links no Texto\"><em>Foto: MTE<\/em><\/p>\n<\/div>\n<\/div>\n<div id=\"chunk-6qh5v\">\n<div class=\"block-podcast\">&nbsp;<\/div>\n<\/div>\n<\/div>\n<\/div>","protected":false},"excerpt":{"rendered":"<p>Tr\u00eas trabalhadores argentinos em condi\u00e7\u00f5es an\u00e1logas \u00e0 escravid\u00e3o&nbsp;foram resgatados pelo Minist\u00e9rio do Trabalho e Emprego (MTE) nesta quinta-feira (20), na zona rural de&nbsp;Vacaria, no Nordeste do Rio Grande do Sul. Entre os tr\u00eas homens, um era adolescente, de 17 anos, e os outros dois tinham 26 e 36 anos. A opera\u00e7\u00e3o, coordenada pelo MTE com<\/p>\n<div class=\"read-more-wrapper\"><a class=\"read-more\" href=\"https:\/\/www2.comunitaria.com.br\/en\/trabalhadores-argentinos-sao-resgatados-em-situacao-analoga-a-escravidao-no-rs-diz-mte\/\" title=\"Read More\"> <span class=\"button\">Read More<\/span><\/a><\/div>","protected":false},"author":2,"featured_media":68811,"comment_status":"closed","ping_status":"closed","sticky":false,"template":"","format":"standard","meta":{"ngg_post_thumbnail":0,"footnotes":""},"categories":[46,28,33,36],"tags":[6744],"class_list":["post-68810","post","type-post","status-publish","format-standard","has-post-thumbnail","hentry","category-estado","category-destaque","category-noticias","category-policia","tag-vacaria"],"amp_enabled":true,"_links":{"self":[{"href":"https:\/\/www2.comunitaria.com.br\/en\/wp-json\/wp\/v2\/posts\/68810","targetHints":{"allow":["GET"]}}],"collection":[{"href":"https:\/\/www2.comunitaria.com.br\/en\/wp-json\/wp\/v2\/posts"}],"about":[{"href":"https:\/\/www2.comunitaria.com.br\/en\/wp-json\/wp\/v2\/types\/post"}],"author":[{"embeddable":true,"href":"https:\/\/www2.comunitaria.com.br\/en\/wp-json\/wp\/v2\/users\/2"}],"replies":[{"embeddable":true,"href":"https:\/\/www2.comunitaria.com.br\/en\/wp-json\/wp\/v2\/comments?post=68810"}],"version-history":[{"count":0,"href":"https:\/\/www2.comunitaria.com.br\/en\/wp-json\/wp\/v2\/posts\/68810\/revisions"}],"wp:featuredmedia":[{"embeddable":true,"href":"https:\/\/www2.comunitaria.com.br\/en\/wp-json\/wp\/v2\/media\/68811"}],"wp:attachment":[{"href":"https:\/\/www2.comunitaria.com.br\/en\/wp-json\/wp\/v2\/media?parent=68810"}],"wp:term":[{"taxonomy":"category","embeddable":true,"href":"https:\/\/www2.comunitaria.com.br\/en\/wp-json\/wp\/v2\/categories?post=68810"},{"taxonomy":"post_tag","embeddable":true,"href":"https:\/\/www2.comunitaria.com.br\/en\/wp-json\/wp\/v2\/tags?post=68810"}],"curies":[{"name":"wp","href":"https:\/\/api.w.org\/{rel}","templated":true}]}}