{"id":68790,"date":"2025-02-20T16:52:53","date_gmt":"2025-02-20T18:52:53","guid":{"rendered":"https:\/\/www2.comunitaria.com.br\/?p=68790"},"modified":"2025-02-20T16:52:53","modified_gmt":"2025-02-20T18:52:53","slug":"primeira-dama-vera-girardi-e-da-segunda-dama-isabel-francescatto-se-encontram-com-os-grupos-da-terceira-idade","status":"publish","type":"post","link":"https:\/\/www2.comunitaria.com.br\/en\/primeira-dama-vera-girardi-e-da-segunda-dama-isabel-francescatto-se-encontram-com-os-grupos-da-terceira-idade\/","title":{"rendered":"Primeira-Dama Vera Girardi e da Segunda-Dama Isabel Francescatto se encontram com os grupos da Terceira Idade"},"content":{"rendered":"<p style=\"text-align: justify;\">Frederico Westphalen tem se tornado um exemplo de acolhimento e valoriza\u00e7\u00e3o da terceira idade, gra\u00e7as aos esfor\u00e7os do Gabinete da primeira-dama Vera Girardi e da segunda-dama Isabel Francescatto. Recentemente, elas iniciaram uma s\u00e9rie de encontros com os grupos de idosos da cidade, que atualmente somam 17, com o intuito de dar boas-vindas a todos os participantes e fortalecer os la\u00e7os comunit\u00e1rios.<\/p>\n<p style=\"text-align: justify;\">A coordenadora da Terceira Idade, Seroni da R. dos Santos, expressou suas expectativas para o ano, destacando a import\u00e2ncia de valorizar essa faixa et\u00e1ria. &#8220;Esperamos um ano especial, onde possamos reconhecer e celebrar as contribui\u00e7\u00f5es dos nossos idosos&#8221;, afirmou Seroni, ressaltando o papel fundamental que eles desempenham na sociedade.<\/p>\n<p style=\"text-align: justify;\">Na \u00faltima semana, os encontros foram realizados com tr\u00eas grupos: o &#8220;Unidos para Viver&#8221;, de Osvaldo Cruz; o &#8220;Uni\u00e3o de Amigos&#8221;, na Sede da Corsan no Bairro Aparecida; e o &#8220;Grupo Esperan\u00e7a&#8221;, da linha Encruzilhada. Essas reuni\u00f5es n\u00e3o apenas proporcionam um espa\u00e7o de intera\u00e7\u00e3o e socializa\u00e7\u00e3o, mas tamb\u00e9m visam promover atividades que estimulem o bem-estar e a sa\u00fade dos participantes.<\/p>\n<p style=\"text-align: justify;\">A iniciativa das primeiras-damas \u00e9 um passo significativo para garantir que os idosos de Frederico Westphalen se sintam valorizados e integrados \u00e0 comunidade, promovendo um ambiente onde suas hist\u00f3rias e experi\u00eancias possam ser compartilhadas e celebradas. Com o apoio da coordena\u00e7\u00e3o e a participa\u00e7\u00e3o ativa dos grupos, a expectativa \u00e9 que este ano traga muitas oportunidades para a terceira idade brilhar.<\/p>\n<p style=\"text-align: justify;\">&nbsp;<\/p>","protected":false},"excerpt":{"rendered":"<p>Frederico Westphalen tem se tornado um exemplo de acolhimento e valoriza\u00e7\u00e3o da terceira idade, gra\u00e7as aos esfor\u00e7os do Gabinete da primeira-dama Vera Girardi e da segunda-dama Isabel Francescatto. Recentemente, elas iniciaram uma s\u00e9rie de encontros com os grupos de idosos da cidade, que atualmente somam 17, com o intuito de dar boas-vindas a todos os<\/p>\n<div class=\"read-more-wrapper\"><a class=\"read-more\" href=\"https:\/\/www2.comunitaria.com.br\/en\/primeira-dama-vera-girardi-e-da-segunda-dama-isabel-francescatto-se-encontram-com-os-grupos-da-terceira-idade\/\" title=\"Read More\"> <span class=\"button\">Read More<\/span><\/a><\/div>","protected":false},"author":2,"featured_media":68791,"comment_status":"closed","ping_status":"closed","sticky":false,"template":"","format":"standard","meta":{"ngg_post_thumbnail":0,"footnotes":""},"categories":[42,28,33,6267],"tags":[82],"class_list":["post-68790","post","type-post","status-publish","format-standard","has-post-thumbnail","hentry","category-fred-west","category-destaque","category-noticias","category-saude-3","tag-frederico-westphalen"],"amp_enabled":true,"_links":{"self":[{"href":"https:\/\/www2.comunitaria.com.br\/en\/wp-json\/wp\/v2\/posts\/68790","targetHints":{"allow":["GET"]}}],"collection":[{"href":"https:\/\/www2.comunitaria.com.br\/en\/wp-json\/wp\/v2\/posts"}],"about":[{"href":"https:\/\/www2.comunitaria.com.br\/en\/wp-json\/wp\/v2\/types\/post"}],"author":[{"embeddable":true,"href":"https:\/\/www2.comunitaria.com.br\/en\/wp-json\/wp\/v2\/users\/2"}],"replies":[{"embeddable":true,"href":"https:\/\/www2.comunitaria.com.br\/en\/wp-json\/wp\/v2\/comments?post=68790"}],"version-history":[{"count":0,"href":"https:\/\/www2.comunitaria.com.br\/en\/wp-json\/wp\/v2\/posts\/68790\/revisions"}],"wp:featuredmedia":[{"embeddable":true,"href":"https:\/\/www2.comunitaria.com.br\/en\/wp-json\/wp\/v2\/media\/68791"}],"wp:attachment":[{"href":"https:\/\/www2.comunitaria.com.br\/en\/wp-json\/wp\/v2\/media?parent=68790"}],"wp:term":[{"taxonomy":"category","embeddable":true,"href":"https:\/\/www2.comunitaria.com.br\/en\/wp-json\/wp\/v2\/categories?post=68790"},{"taxonomy":"post_tag","embeddable":true,"href":"https:\/\/www2.comunitaria.com.br\/en\/wp-json\/wp\/v2\/tags?post=68790"}],"curies":[{"name":"wp","href":"https:\/\/api.w.org\/{rel}","templated":true}]}}