{"id":68769,"date":"2025-02-19T10:40:57","date_gmt":"2025-02-19T12:40:57","guid":{"rendered":"https:\/\/www2.comunitaria.com.br\/?p=68769"},"modified":"2025-02-19T10:40:57","modified_gmt":"2025-02-19T12:40:57","slug":"advogado-acusado-de-falsificacao-de-decisao-judicial-e-condenado-a-15-anos-de-prisao-por-estelionato-no-rs","status":"publish","type":"post","link":"https:\/\/www2.comunitaria.com.br\/en\/advogado-acusado-de-falsificacao-de-decisao-judicial-e-condenado-a-15-anos-de-prisao-por-estelionato-no-rs\/","title":{"rendered":"Advogado acusado de falsifica\u00e7\u00e3o de decis\u00e3o judicial \u00e9 condenado a 15 anos de pris\u00e3o por estelionato no RS"},"content":{"rendered":"<div id=\"chunk-c08sr\">\n<div class=\"mc-column content-text active-extra-styles\" data-block-type=\"unstyled\" data-block-weight=\"60\" data-block-id=\"3\">\n<p class=\"content-text__container\" style=\"text-align: justify;\" data-track-category=\"Link no Texto\" data-track-links=\"\" data-mrf-recirculation=\"Mat\u00e9ria - Links no Texto\">O advogado acusado de falsifica\u00e7\u00e3o de decis\u00e3o judicial&nbsp;foi&nbsp;<span class=\"highlight highlighted\">condenado a 15 anos e 10 meses de pris\u00e3o<\/span>&nbsp;pelos crimes de&nbsp;<strong>estelionato contra idoso&nbsp;<\/strong>e&nbsp;<strong>patroc\u00ednio infiel&nbsp;<\/strong>\u2014 quando um advogado ou procurador trai o dever profissional, prejudicando o interesse do cliente. A decis\u00e3o \u00e9 da 3\u00aa Vara Criminal de&nbsp;Viam\u00e3o, na Regi\u00e3o Metropolitana, e foi proferida no domingo (16).<\/p>\n<\/div>\n<\/div>\n<div class=\"wall protected-content\">\n<div id=\"chunk-erlnl\" style=\"text-align: justify;\">\n<div class=\"mc-column content-text active-extra-styles\" data-block-type=\"unstyled\" data-block-weight=\"14\" data-block-id=\"4\">\n<p class=\"content-text__container\" data-track-category=\"Link no Texto\" data-track-links=\"\" data-mrf-recirculation=\"Mat\u00e9ria - Links no Texto\">O r\u00e9u n\u00e3o teve o nome divulgado.&nbsp;<span class=\"highlight highlighted\">Ele poder\u00e1 recorrer da decis\u00e3o em liberdade<\/span>.<\/p>\n<\/div>\n<\/div>\n<div id=\"chunk-5ap0d\" style=\"text-align: justify;\">\n<div class=\"mc-column content-text active-extra-styles\" data-block-type=\"unstyled\" data-block-weight=\"9\" data-block-id=\"5\">\n<p class=\"content-text__container\" data-track-category=\"Link no Texto\" data-track-links=\"\" data-mrf-recirculation=\"Mat\u00e9ria - Links no Texto\">Segundo a den\u00fancia do Minist\u00e9rio P\u00fablico (MP), em maio de 2023&nbsp;<span class=\"highlight highlighted\">a m\u00e3e de um detento teria realizado transfer\u00eancias banc\u00e1rias no valor de R$ 89 mil ao advogado contratado pelo filho, acreditando que a pris\u00e3o preventiva dele havia sido revogada<\/span>. Conforme a investiga\u00e7\u00e3o, a&nbsp;<strong>decis\u00e3o&nbsp;<\/strong>e as<strong>&nbsp;guias de dep\u00f3sito<\/strong>&nbsp;apresentadas pelo advogado eram falsas.<\/p>\n<\/div>\n<\/div>\n<div id=\"chunk-c99tc\" style=\"text-align: justify;\">\n<div class=\"content-ads content-ads--reveal\" data-block-type=\"ads\" data-block-id=\"7\">&nbsp;<\/div>\n<\/div>\n<div id=\"chunk-2qi3l\" style=\"text-align: justify;\">\n<div class=\"mc-column content-text active-extra-styles\" data-block-type=\"unstyled\" data-block-weight=\"43\" data-block-id=\"8\">\n<p class=\"content-text__container\" data-track-category=\"Link no Texto\" data-track-links=\"\" data-mrf-recirculation=\"Mat\u00e9ria - Links no Texto\">No entendimento do juiz substituto Henrique Lorscheiter da Fonseca, &#8220;o r\u00e9u, por ser um profissional experiente, sabia exatamente o que estava fazendo&#8221;. O advogado foi&nbsp;<span class=\"highlight highlighted\">suspenso pela seccional ga\u00facha da Ordem dos Advogados do Brasil<\/span>&nbsp;(OAB\/RS) e&nbsp;<span class=\"highlight highlighted\">poder\u00e1 ser exclu\u00eddo definitivamente<\/span>&nbsp;dos quadros.<\/p>\n<\/div>\n<\/div>\n<div id=\"chunk-fhuk5\" style=\"text-align: justify;\">\n<div class=\"mc-column content-text active-extra-styles\" data-block-type=\"raw\" data-block-weight=\"53\" data-block-id=\"9\">\n<p class=\"content-text__container\" data-mrf-recirculation=\"Mat\u00e9ria - Links no Texto\">&nbsp;<\/p>\n<blockquote class=\"content-blockquote theme-border-color-primary-before\"><p>&#8220;N\u00e3o resta d\u00favida de que o r\u00e9u, de forma ardilosa, iludiu seu cliente, relatando a exist\u00eancia de decis\u00e3o de liberdade mediante fian\u00e7a, o qual contatou sua m\u00e3e, idosa, que providenciou os valores. (&#8230;) O r\u00e9u, dolosamente, na qualidade de advogado, traiu o dever funcional que lhe foi confiado pelo preso&#8221;, afirmou o magistrado.<\/p><\/blockquote>\n<p>&nbsp;<\/p>\n<\/div>\n<\/div>\n<div id=\"chunk-e1kvc\" style=\"text-align: justify;\">\n<div class=\"mc-column content-text active-extra-styles\" data-block-type=\"unstyled\" data-block-weight=\"33\" data-block-id=\"10\">\n<p class=\"content-text__container\" data-track-category=\"Link no Texto\" data-track-links=\"\" data-mrf-recirculation=\"Mat\u00e9ria - Links no Texto\">A&nbsp;<strong>condi\u00e7\u00e3o de idosa da v\u00edtima<\/strong>&nbsp;e o&nbsp;<strong>alto valor do preju\u00edzo<\/strong>&nbsp;resultaram em aumento de pena. Parte do montante utilizado no pagamento ao advogado foi obtido por meio de empr\u00e9stimo com familiares.<\/p>\n<\/div>\n<\/div>\n<div id=\"chunk-5u5q6\">\n<div class=\"mc-column content-text active-extra-styles\" data-block-type=\"unstyled\" data-block-weight=\"37\" data-block-id=\"11\">\n<p class=\"content-text__container\" style=\"text-align: justify;\" data-track-category=\"Link no Texto\" data-track-links=\"\" data-mrf-recirculation=\"Mat\u00e9ria - Links no Texto\">O homem chegou a ser preso, em&nbsp;Porto Alegre, em julho de 2023, mas foi solto durante a etapa de instru\u00e7\u00e3o do processo \u2014 fase em que se colhem provas e depoimentos para serem analisados pelo juiz.<\/p>\n<p style=\"text-align: justify;\" data-track-category=\"Link no Texto\" data-track-links=\"\" data-mrf-recirculation=\"Mat\u00e9ria - Links no Texto\"><em>Fonte: g1 RS<\/em><\/p>\n<p style=\"text-align: justify;\" data-track-category=\"Link no Texto\" data-track-links=\"\" data-mrf-recirculation=\"Mat\u00e9ria - Links no Texto\"><em>Foto: Divulga\u00e7\u00e3o\/Pol\u00edcia Civil<\/em><\/p>\n<\/div>\n<\/div>\n<\/div>","protected":false},"excerpt":{"rendered":"<p>O advogado acusado de falsifica\u00e7\u00e3o de decis\u00e3o judicial&nbsp;foi&nbsp;condenado a 15 anos e 10 meses de pris\u00e3o&nbsp;pelos crimes de&nbsp;estelionato contra idoso&nbsp;e&nbsp;patroc\u00ednio infiel&nbsp;\u2014 quando um advogado ou procurador trai o dever profissional,&#8230;<\/p>","protected":false},"author":2,"featured_media":68770,"comment_status":"closed","ping_status":"closed","sticky":false,"template":"","format":"standard","meta":{"ngg_post_thumbnail":0,"footnotes":""},"categories":[46,28,33,43],"tags":[1325],"class_list":["post-68769","post","type-post","status-publish","format-standard","has-post-thumbnail","hentry","category-estado","category-destaque","category-noticias","category-regiao","tag-viamao"],"amp_enabled":true,"_links":{"self":[{"href":"https:\/\/www2.comunitaria.com.br\/en\/wp-json\/wp\/v2\/posts\/68769","targetHints":{"allow":["GET"]}}],"collection":[{"href":"https:\/\/www2.comunitaria.com.br\/en\/wp-json\/wp\/v2\/posts"}],"about":[{"href":"https:\/\/www2.comunitaria.com.br\/en\/wp-json\/wp\/v2\/types\/post"}],"author":[{"embeddable":true,"href":"https:\/\/www2.comunitaria.com.br\/en\/wp-json\/wp\/v2\/users\/2"}],"replies":[{"embeddable":true,"href":"https:\/\/www2.comunitaria.com.br\/en\/wp-json\/wp\/v2\/comments?post=68769"}],"version-history":[{"count":0,"href":"https:\/\/www2.comunitaria.com.br\/en\/wp-json\/wp\/v2\/posts\/68769\/revisions"}],"wp:featuredmedia":[{"embeddable":true,"href":"https:\/\/www2.comunitaria.com.br\/en\/wp-json\/wp\/v2\/media\/68770"}],"wp:attachment":[{"href":"https:\/\/www2.comunitaria.com.br\/en\/wp-json\/wp\/v2\/media?parent=68769"}],"wp:term":[{"taxonomy":"category","embeddable":true,"href":"https:\/\/www2.comunitaria.com.br\/en\/wp-json\/wp\/v2\/categories?post=68769"},{"taxonomy":"post_tag","embeddable":true,"href":"https:\/\/www2.comunitaria.com.br\/en\/wp-json\/wp\/v2\/tags?post=68769"}],"curies":[{"name":"wp","href":"https:\/\/api.w.org\/{rel}","templated":true}]}}